{"id":14597,"date":"2025-02-02T15:02:06","date_gmt":"2025-02-02T12:02:06","guid":{"rendered":"https:\/\/www.egemtv.com\/?p=14597"},"modified":"2025-02-02T15:02:09","modified_gmt":"2025-02-02T12:02:09","slug":"yaban-hayatina-kucak-acan-aydinin-sulak-alanlarina-dikkat-cektiler","status":"publish","type":"post","link":"https:\/\/www.egemtv.com\/?p=14597","title":{"rendered":"Yaban hayat\u0131na kucak a\u00e7an Ayd\u0131n\u2019\u0131n sulak alanlar\u0131na dikkat \u00e7ektiler"},"content":{"rendered":"<p>Do\u011fal ve tarihi g\u00fczellikleri ile dikkat \u00e7eken illerden olan Ayd\u0131n\u2019\u0131n sulak alanlar\u0131 bir\u00e7ok yaban hayat\u0131na da ev sahipli\u011fi yapmaya devam ederken, do\u011faseverler \u00f6zellikle Ulusal \u00d6neme Haiz Sulak Alan olarak kabul edilen Azap G\u00f6l\u00fc\u2019nde d\u00fczenledikleri fark\u0131ndal\u0131k etkinli\u011fi ile sulak alanlar\u0131n korunmas\u0131 gerekti\u011fine dikkat \u00e7ektiler.<\/p>\n<p>Sulak alanlarla ilgili fark\u0131ndal\u0131\u011f\u0131 art\u0131rmak i\u00e7in d\u00fcnya genelinde her y\u0131l 2 \u015eubat\u2019ta kutlanan D\u00fcnya Sulak Alanlar G\u00fcn\u00fc \u00e7er\u00e7evesinde \u00fclke genelinde oldu\u011fu gibi Ayd\u0131n\u2019da da \u00e7e\u015fitli etkinlikler d\u00fczenlenirken, Ayd\u0131nl\u0131 do\u011faseverler de her f\u0131rsatta sulak alanlar\u0131n \u00f6nemine dikkat \u00e7ekerek alanlar\u0131n korunmas\u0131 \u00e7a\u011fr\u0131s\u0131 yap\u0131yor. \u00d6zellikle Ayd\u0131n\u2019\u0131n S\u00f6ke il\u00e7esinde Av\u015far ve Ye\u015filk\u00f6y Mahalleleri aras\u0131nda kalan ve Ulusal \u00d6neme Haiz Sulak Alan olarak kabul edilen Azap G\u00f6l\u00fc, nesli k\u00fcresel \u00f6l\u00e7ekte tehlike alt\u0131nda bulunan Tepeli Pelikanlar ve su ku\u015flar\u0131 olmak \u00fczere, yaz g\u00f6\u00e7meni leylekler, y\u0131rt\u0131c\u0131 ku\u015flar, Saz Kedisi gibi nadir canl\u0131 t\u00fcrlerini b\u00fcnyesinde bar\u0131nd\u0131rmaya devam ediyor. \u00d6nemli do\u011fal ya\u015fam alanlar\u0131ndan olan b\u00f6lgenin korunmas\u0131na dikkat \u00e7ekmek amac\u0131yla Azap G\u00f6l\u00fc\u2019nde fark\u0131ndal\u0131k etkinli\u011fi d\u00fczenlendi. Etkinli\u011fe kat\u0131lan Ekosistemi Koruma ve Do\u011fa Sevenler Derne\u011fi (EKODOSD) Ba\u015fkan\u0131 Bahattin S\u00fcr\u00fcc\u00fc, do\u011fal ve k\u00fclt\u00fcrel zenginlikleri, g\u00f6l \u00e7evresindeki geleneksel ya\u015famlar\u0131 ile do\u011fal peyzaj\u0131n\u0131 koruyan g\u00f6l\u00fcn korunmas\u0131 gerekti\u011fini belirtti.<\/p>\n<p>Her ge\u00e7en y\u0131l kuruyan, t\u00fcrleri eksilen ve kirletilen sulak alanlar\u0131n \u00f6nemine dikkat \u00e7ektiklerini ifade eden S\u00fcr\u00fcc\u00fc; &#8220;Do\u011fa Koruma ve Milli Parklar Ayd\u0131n \u015eube M\u00fcd\u00fcrl\u00fc\u011f\u00fc, Av\u015far ve Ye\u015filk\u00f6y Muhtarl\u0131klar\u0131, Sar\u0131kemer Jandarma Komutanl\u0131\u011f\u0131, Ye\u015filk\u00f6y Su \u00dcr\u00fcnleri Kooperatifi, EKODOSD \u00fcyeleri ve vatanda\u015flar\u0131n kat\u0131l\u0131m\u0131yla Azap G\u00f6l\u00fc\u2019nde sulak alanlarla ilgili bir fark\u0131ndal\u0131k etkinli\u011fi d\u00fczenlendi. Sucul canl\u0131lar, su ku\u015flar\u0131, zengin bitki ve hayvan \u00e7e\u015fitlili\u011fi ile bir\u00e7ok t\u00fcr\u00fcn ya\u015famas\u0131na imkan sa\u011flayan sulak alanlar, ayn\u0131 zamanda b\u00f6lgenin iklimini de do\u011frudan etkileyen, suyun ak\u0131\u015f\u0131n\u0131 d\u00fczenleyen, ta\u015fk\u0131nlar\u0131 \u00f6nleyen \u00e7ok \u00f6nemli ekosistemlerden biridir. Ayd\u0131n b\u00f6lgesinde, Milli Park\u0131n B\u00fcy\u00fck Menderes Deltas\u0131 b\u00f6l\u00fcm\u00fc, Bafa G\u00f6l\u00fc Tabiat Park\u0131\u2019dan sonra en \u00f6nemli sulak alan\u0131m\u0131z zengin biyolojik \u00e7e\u015fitlili\u011fe sahip Ulusal \u00f6neme sahip olan Azap G\u00f6l\u00fc\u2019d\u00fcr. D\u00fcnya sulak alanlar g\u00fcn\u00fcnde Azap G\u00f6l\u00fc\u2019ndeki etkinlikte, her ge\u00e7en y\u0131l kuruyan, t\u00fcrleri eksilen ve kirletilen sulak alanlar\u0131n \u00f6nemine dikkat \u00e7ekildi. Biyolojik \u00e7e\u015fitlilik bak\u0131m\u0131ndan zengin t\u00fcrlere ev sahipli\u011fi yapan sulak alanlar\u0131m\u0131z\u0131n, ba\u015fta iklim de\u011fi\u015fikli\u011fi olmak \u00fczere her t\u00fcrl\u00fc tehdide kar\u015f\u0131 korunmas\u0131n\u0131n sa\u011flanmas\u0131 i\u00e7in ba\u015fta yerelde ya\u015fayan insanlar\u0131n, kurumlar\u0131n, sivil toplum \u00f6rg\u00fctlerinin i\u015fbirli\u011fiyle korunmas\u0131 gerekti\u011fine vurgu yap\u0131ld\u0131. Yerelde ya\u015fayan vatanda\u015flar, sulak alanlarda ya\u015fanan kurakl\u0131k nedeniyle b\u00fcy\u00fck s\u0131k\u0131nt\u0131 \u00e7ektiklerini, ku\u015flar\u0131n yok oldu\u011funu, canl\u0131 ya\u015fam\u0131n bitti\u011fini mutsuz ve sa\u011fl\u0131ks\u0131z bir hayatla kar\u015f\u0131la\u015ft\u0131klar\u0131n\u0131 s\u00f6ylediler&#8221; dedi.<\/p>\n<p>&#8220;Mutlaka ava kapat\u0131lmal\u0131&#8221;<br \/>\n<br \/>Sulak alanlar\u0131n mutlaka avlanmaya kapat\u0131lmas\u0131 gerekti\u011fini s\u00f6zlerine ekleyen S\u00fcr\u00fcc\u00fc; &#8220;Azap G\u00f6l\u00fc\u2019n\u00fcn gelece\u011fi i\u00e7in, ba\u015fta madencilik olmak \u00fczere d\u0131\u015ftan gelen tehditlere kar\u015f\u0131 mutlaka \u00f6nlemlerin al\u0131nmas\u0131, \u00e7evre kirlili\u011finin \u00f6nlenmesi ve alandaki ku\u015f zenginli\u011finin korunarak ku\u015f g\u00f6zlemcili\u011finin geli\u015ftirilmesi ve biyolojik \u00e7e\u015fitlili\u011fin zarar g\u00f6rmemesi i\u00e7in mutlaka ava kapat\u0131lmas\u0131 gerekiyor. \u00d6zellikle \u00e7ocuklar\u0131n kendi gelecekleri olan sulak alanlar\u0131 tan\u0131malar\u0131, i\u015flevini \u00f6\u011frenmeleri, ku\u015flar\u0131 ve di\u011fer canl\u0131lar\u0131 do\u011fal ortamda g\u00f6rmeleri gerekiyor, bunun i\u00e7in e\u011fitim kurumlar\u0131na ve ailelere \u00f6nemli g\u00f6rev d\u00fc\u015f\u00fcyor&#8221; \u015feklinde konu\u015ftu.<\/p>\n<p>Etkinlikte Do\u011fa Koruma ve Milli Parklar yetkilileri de \u00f6nerilen taleplerin de\u011ferlendirilece\u011fini, Ulusal Sulak Alan olan Azap G\u00f6l\u00fc\u2019n\u00fcn bir y\u00f6netim plan\u0131 oldu\u011funu, plan \u00e7er\u00e7evesinde g\u00f6l\u00fcn ve burada ya\u015fayan insanlar\u0131n haklar\u0131n\u0131n birlikte korunmas\u0131 i\u00e7in \u00e7al\u0131\u015fmay\u0131 s\u00fcrd\u00fcrd\u00fcklerini belirttiler. Etkinli\u011fin sonunda seyir teras\u0131 \u00e7evresinde biriken \u00e7\u00f6pler t\u00fcm kat\u0131l\u0131mc\u0131larla birlikte temizlendi ve d\u00fcrb\u00fcnlerle ku\u015f g\u00f6zlemi yap\u0131ld\u0131.<br \/><\/p>\n","protected":false},"excerpt":{"rendered":"<p>Do\u011fal ve tarihi g\u00fczellikleri ile dikkat \u00e7eken illerden olan Ayd\u0131n\u2019\u0131n sulak alanlar\u0131 bir\u00e7ok yaban hayat\u0131na da ev sahipli\u011fi yapmaya devam ederken, do\u011faseverler \u00f6zellikle Ulusal \u00d6neme Haiz Sulak Alan olarak kabul edilen Azap G\u00f6l\u00fc\u2019nde d\u00fczenledikleri fark\u0131ndal\u0131k etkinli\u011fi ile sulak alanlar\u0131n korunmas\u0131 gerekti\u011fine dikkat \u00e7ektiler. Sulak alanlarla ilgili fark\u0131ndal\u0131\u011f\u0131 art\u0131rmak i\u00e7in d\u00fcnya genelinde her y\u0131l 2 \u015eubat\u2019ta&#8230;<\/p>\n","protected":false},"author":1,"featured_media":14598,"comment_status":"open","ping_status":"open","sticky":false,"template":"","format":"standard","meta":{"_crdt_document":"","footnotes":""},"categories":[1],"tags":[],"class_list":["post-14597","post","type-post","status-publish","format-standard","has-post-thumbnail","hentry","category-guncel"],"_links":{"self":[{"href":"https:\/\/www.egemtv.com\/index.php?rest_route=\/wp\/v2\/posts\/14597","targetHints":{"allow":["GET"]}}],"collection":[{"href":"https:\/\/www.egemtv.com\/index.php?rest_route=\/wp\/v2\/posts"}],"about":[{"href":"https:\/\/www.egemtv.com\/index.php?rest_route=\/wp\/v2\/types\/post"}],"author":[{"embeddable":true,"href":"https:\/\/www.egemtv.com\/index.php?rest_route=\/wp\/v2\/users\/1"}],"replies":[{"embeddable":true,"href":"https:\/\/www.egemtv.com\/index.php?rest_route=%2Fwp%2Fv2%2Fcomments&post=14597"}],"version-history":[{"count":1,"href":"https:\/\/www.egemtv.com\/index.php?rest_route=\/wp\/v2\/posts\/14597\/revisions"}],"predecessor-version":[{"id":14599,"href":"https:\/\/www.egemtv.com\/index.php?rest_route=\/wp\/v2\/posts\/14597\/revisions\/14599"}],"wp:featuredmedia":[{"embeddable":true,"href":"https:\/\/www.egemtv.com\/index.php?rest_route=\/wp\/v2\/media\/14598"}],"wp:attachment":[{"href":"https:\/\/www.egemtv.com\/index.php?rest_route=%2Fwp%2Fv2%2Fmedia&parent=14597"}],"wp:term":[{"taxonomy":"category","embeddable":true,"href":"https:\/\/www.egemtv.com\/index.php?rest_route=%2Fwp%2Fv2%2Fcategories&post=14597"},{"taxonomy":"post_tag","embeddable":true,"href":"https:\/\/www.egemtv.com\/index.php?rest_route=%2Fwp%2Fv2%2Ftags&post=14597"}],"curies":[{"name":"wp","href":"https:\/\/api.w.org\/{rel}","templated":true}]}}