{"id":14594,"date":"2025-02-02T14:28:21","date_gmt":"2025-02-02T11:28:21","guid":{"rendered":"https:\/\/www.egemtv.com\/?p=14594"},"modified":"2025-02-02T14:28:26","modified_gmt":"2025-02-02T11:28:26","slug":"baskan-zencirci-asker-adaylariyla-zeybek-oynadi","status":"publish","type":"post","link":"https:\/\/www.egemtv.com\/?p=14594","title":{"rendered":"Ba\u015fkan Zencirci, asker adaylar\u0131yla zeybek oynad\u0131"},"content":{"rendered":"<p>Ayd\u0131n\u2019\u0131n Germencik il\u00e7esi G\u00fcm\u00fc\u015fk\u00f6y Mahallesi\u2019nde d\u00fczenlenen asker e\u011flencesine kat\u0131lan Germencik Belediye Ba\u015fkan\u0131 Burak Zencirci, asker adaylar\u0131yla birlikte zeybek oynad\u0131.<br \/>\n<br \/>\u00dclke genelinde oldu\u011fu gibi Ayd\u0131n\u2019da da asker al\u0131mlar\u0131 devam ederken, geleneksel hale gelen asker e\u011flencesi de unutulmuyor. Bu kapsamda Germencik il\u00e7esi G\u00fcm\u00fc\u015fk\u00f6y Mahallesi\u2019nde askere gidecek olacak gen\u00e7ler i\u00e7in asker e\u011flencesi ger\u00e7ekle\u015ftirildi. Mahallede ya\u015fayan ve askere gidecek gen\u00e7ler ad\u0131na d\u00fczenlenen e\u011flenceye kat\u0131lan Germencik Belediye Ba\u015fkan\u0131 Burak Zencirci de, gen\u00e7lere moral verdi. D\u00fczenlenen gecede k\u0131nal\u0131 kuzular i\u00e7in dualar edilirken, Ba\u015fkan Zencirci daha sonra gen\u00e7lerle birlikte zeybek oynad\u0131. Dualar e\u015fli\u011finde gen\u00e7lerin vatan bor\u00e7lar\u0131n\u0131 sa\u011f salim \u00f6deyip gelmeleri temennisinde bulunulurken, Ba\u015fkan Zencirci sosyal medya hesab\u0131ndan yapt\u0131\u011f\u0131 payla\u015f\u0131mda &#8220;G\u00fcm\u00fc\u015fk\u00f6y\u2019deydik. Muhtar\u0131m\u0131z Salih Ete\u015f\u2019in o\u011flu Efekan  karde\u015fimizin asker e\u011flencesine t\u00fcm muhtarlar\u0131m\u0131zla beraber kat\u0131l\u0131m sa\u011flad\u0131k. Muhtarlar\u0131m\u0131z ve asker gencimizle birlikte zeybek oynad\u0131k. Mahalle sakinlerimize ve muhtarlar\u0131m\u0131za te\u015fekk\u00fcrlerimi sunuyor, gen\u00e7 karde\u015fimize de \u015fimdiden hay\u0131rl\u0131 teskereler diliyorum&#8221; ifadelerine yer verdi.<br \/><\/p>\n","protected":false},"excerpt":{"rendered":"<p>Ayd\u0131n\u2019\u0131n Germencik il\u00e7esi G\u00fcm\u00fc\u015fk\u00f6y Mahallesi\u2019nde d\u00fczenlenen asker e\u011flencesine kat\u0131lan Germencik Belediye Ba\u015fkan\u0131 Burak Zencirci, asker adaylar\u0131yla birlikte zeybek oynad\u0131. \u00dclke genelinde oldu\u011fu gibi Ayd\u0131n\u2019da da asker al\u0131mlar\u0131 devam ederken, geleneksel hale gelen asker e\u011flencesi de unutulmuyor. Bu kapsamda Germencik il\u00e7esi G\u00fcm\u00fc\u015fk\u00f6y Mahallesi\u2019nde askere gidecek olacak gen\u00e7ler i\u00e7in asker e\u011flencesi ger\u00e7ekle\u015ftirildi. Mahallede ya\u015fayan ve askere gidecek&#8230;<\/p>\n","protected":false},"author":1,"featured_media":14595,"comment_status":"open","ping_status":"open","sticky":false,"template":"","format":"standard","meta":{"_crdt_document":"","footnotes":""},"categories":[1],"tags":[],"class_list":["post-14594","post","type-post","status-publish","format-standard","has-post-thumbnail","hentry","category-guncel"],"_links":{"self":[{"href":"https:\/\/www.egemtv.com\/index.php?rest_route=\/wp\/v2\/posts\/14594","targetHints":{"allow":["GET"]}}],"collection":[{"href":"https:\/\/www.egemtv.com\/index.php?rest_route=\/wp\/v2\/posts"}],"about":[{"href":"https:\/\/www.egemtv.com\/index.php?rest_route=\/wp\/v2\/types\/post"}],"author":[{"embeddable":true,"href":"https:\/\/www.egemtv.com\/index.php?rest_route=\/wp\/v2\/users\/1"}],"replies":[{"embeddable":true,"href":"https:\/\/www.egemtv.com\/index.php?rest_route=%2Fwp%2Fv2%2Fcomments&post=14594"}],"version-history":[{"count":1,"href":"https:\/\/www.egemtv.com\/index.php?rest_route=\/wp\/v2\/posts\/14594\/revisions"}],"predecessor-version":[{"id":14596,"href":"https:\/\/www.egemtv.com\/index.php?rest_route=\/wp\/v2\/posts\/14594\/revisions\/14596"}],"wp:featuredmedia":[{"embeddable":true,"href":"https:\/\/www.egemtv.com\/index.php?rest_route=\/wp\/v2\/media\/14595"}],"wp:attachment":[{"href":"https:\/\/www.egemtv.com\/index.php?rest_route=%2Fwp%2Fv2%2Fmedia&parent=14594"}],"wp:term":[{"taxonomy":"category","embeddable":true,"href":"https:\/\/www.egemtv.com\/index.php?rest_route=%2Fwp%2Fv2%2Fcategories&post=14594"},{"taxonomy":"post_tag","embeddable":true,"href":"https:\/\/www.egemtv.com\/index.php?rest_route=%2Fwp%2Fv2%2Ftags&post=14594"}],"curies":[{"name":"wp","href":"https:\/\/api.w.org\/{rel}","templated":true}]}}