{"id":14591,"date":"2025-02-02T13:55:37","date_gmt":"2025-02-02T10:55:37","guid":{"rendered":"https:\/\/www.egemtv.com\/?p=14591"},"modified":"2025-02-02T13:55:41","modified_gmt":"2025-02-02T10:55:41","slug":"manisada-egitim-donemi-oncesi-ulasim-tedbirleri","status":"publish","type":"post","link":"https:\/\/www.egemtv.com\/?p=14591","title":{"rendered":"Manisa\u2019da e\u011fitim d\u00f6nemi \u00f6ncesi ula\u015f\u0131m tedbirleri"},"content":{"rendered":"<p>Manisa B\u00fcy\u00fck\u015fehir Belediyesi, 2024-2025 E\u011fitim-\u00d6\u011fretim Y\u0131l\u0131\u2019n\u0131n ikinci d\u00f6neminin ba\u015flamas\u0131yla birlikte \u00f6\u011frencilerin ve vatanda\u015flar\u0131n ula\u015f\u0131mda sorun ya\u015famamas\u0131 ad\u0131na gerekli tedbirleri ald\u0131. Belediye ekipleri, okul saatlerine uygun \u015fekilde toplu ta\u015f\u0131ma d\u00fczenlemeleri yaparken yo\u011fun kullan\u0131lan g\u00fczergahlarda ise denetimler art\u0131r\u0131lacak.<br \/>\n<br \/>Manisa\u2019da ilk ve orta\u00f6\u011fretim kurumlar\u0131ndaki 255 bin 467 \u00f6\u011frenci, 3 \u015eubat Pazartesi g\u00fcn\u00fc ders ba\u015f\u0131 yap\u0131yor. Manisa B\u00fcy\u00fck\u015fehir Belediyesi Ula\u015f\u0131m Dairesi Ba\u015fkanl\u0131\u011f\u0131 taraf\u0131ndan, okullar\u0131n a\u00e7\u0131lmas\u0131 nedeniyle bir dizi uygulama hayata ge\u00e7iriliyor. Toplu ta\u015f\u0131ma hizmeti veren ara\u00e7lar\u0131n sefer s\u0131kl\u0131\u011f\u0131n\u0131n art\u0131r\u0131larak okul saatlerine g\u00f6re yeniden d\u00fczenlemeler yap\u0131lacak. Trafik zab\u0131ta ekipleri de \u00f6\u011frencilerin ve vatanda\u015flar\u0131n ma\u011fduriyet ya\u015famamas\u0131 i\u00e7in otob\u00fcs duraklar\u0131 ba\u015fta olmak \u00fczere sahada denetimlerini aral\u0131ks\u0131z s\u00fcrd\u00fcrecek.<br \/>\n<br \/>Manisa B\u00fcy\u00fck\u015fehir Belediye Ba\u015fkan\u0131 Ferdi Zeyrek, e\u011fitim-\u00f6\u011fretim d\u00f6nemi boyunca \u00f6\u011frencilerin g\u00fcvenli ve konforlu bir \u015fekilde okullar\u0131na ula\u015fmalar\u0131n\u0131 sa\u011flamak i\u00e7in titizlikle \u00e7al\u0131\u015ft\u0131klar\u0131n\u0131 belirterek, gerekli \u00f6nlemleri ald\u0131klar\u0131n\u0131 s\u00f6yledi. Ba\u015fkan Zeyrek, &#8220;E\u011fitim, bizim i\u00e7in her zaman en \u00f6ncelikli konu. \u00c7ocuklar\u0131m\u0131z\u0131n g\u00fcvenli ve sorunsuz bir \u015fekilde okullar\u0131na ula\u015fmalar\u0131 i\u00e7in ula\u015f\u0131m planlamam\u0131z\u0131 titizlikle ger\u00e7ekle\u015ftiriyoruz. Sabah ve ak\u015fam saatlerinde sefer say\u0131lar\u0131n\u0131 art\u0131rarak, \u00f6\u011frencilerimizin okula zaman\u0131nda varmalar\u0131n\u0131, \u00e7al\u0131\u015fan yurtta\u015flar\u0131m\u0131z\u0131n ise i\u015flerine yeti\u015fmelerini hedefliyoruz. Ula\u015f\u0131m Dairesi, Trafik Zab\u0131ta ekiplerimiz sahada olacak ve s\u00fcre\u00e7 boyunca denetimlerini s\u00fcrd\u00fcrecek. T\u00fcm \u00f6\u011frencilerimize ba\u015far\u0131larla dolu bir e\u011fitim-\u00f6\u011fretim d\u00f6nemi diliyorum&#8221; dedi.<br \/>\n<br \/>Manisa B\u00fcy\u00fck\u015fehir Belediyesi, sadece ula\u015f\u0131mda de\u011fil, okul \u00e7evrelerinde temizlik, trafik ve \u00e7evre d\u00fczenlemeleri konular\u0131nda da \u00f6nlemlerini alarak yeni e\u011fitim-\u00f6\u011fretim d\u00f6neminin sorunsuz ba\u015flamas\u0131 i\u00e7in \u00e7al\u0131\u015fmalar\u0131na devam ediyor. Ayr\u0131ca, &#8220;G\u00fcnayd\u0131n \u00c7orbas\u0131&#8221; projesi ile de \u00f6\u011frencilerin g\u00fcne s\u0131cak bir ba\u015flang\u0131\u00e7 yapmalar\u0131n\u0131 sa\u011fl\u0131yor.<br \/><\/p>\n","protected":false},"excerpt":{"rendered":"<p>Manisa B\u00fcy\u00fck\u015fehir Belediyesi, 2024-2025 E\u011fitim-\u00d6\u011fretim Y\u0131l\u0131\u2019n\u0131n ikinci d\u00f6neminin ba\u015flamas\u0131yla birlikte \u00f6\u011frencilerin ve vatanda\u015flar\u0131n ula\u015f\u0131mda sorun ya\u015famamas\u0131 ad\u0131na gerekli tedbirleri ald\u0131. Belediye ekipleri, okul saatlerine uygun \u015fekilde toplu ta\u015f\u0131ma d\u00fczenlemeleri yaparken yo\u011fun kullan\u0131lan g\u00fczergahlarda ise denetimler art\u0131r\u0131lacak. Manisa\u2019da ilk ve orta\u00f6\u011fretim kurumlar\u0131ndaki 255 bin 467 \u00f6\u011frenci, 3 \u015eubat Pazartesi g\u00fcn\u00fc ders ba\u015f\u0131 yap\u0131yor. Manisa B\u00fcy\u00fck\u015fehir Belediyesi&#8230;<\/p>\n","protected":false},"author":1,"featured_media":14592,"comment_status":"open","ping_status":"open","sticky":false,"template":"","format":"standard","meta":{"_crdt_document":"","footnotes":""},"categories":[1],"tags":[],"class_list":["post-14591","post","type-post","status-publish","format-standard","has-post-thumbnail","hentry","category-guncel"],"_links":{"self":[{"href":"https:\/\/www.egemtv.com\/index.php?rest_route=\/wp\/v2\/posts\/14591","targetHints":{"allow":["GET"]}}],"collection":[{"href":"https:\/\/www.egemtv.com\/index.php?rest_route=\/wp\/v2\/posts"}],"about":[{"href":"https:\/\/www.egemtv.com\/index.php?rest_route=\/wp\/v2\/types\/post"}],"author":[{"embeddable":true,"href":"https:\/\/www.egemtv.com\/index.php?rest_route=\/wp\/v2\/users\/1"}],"replies":[{"embeddable":true,"href":"https:\/\/www.egemtv.com\/index.php?rest_route=%2Fwp%2Fv2%2Fcomments&post=14591"}],"version-history":[{"count":1,"href":"https:\/\/www.egemtv.com\/index.php?rest_route=\/wp\/v2\/posts\/14591\/revisions"}],"predecessor-version":[{"id":14593,"href":"https:\/\/www.egemtv.com\/index.php?rest_route=\/wp\/v2\/posts\/14591\/revisions\/14593"}],"wp:featuredmedia":[{"embeddable":true,"href":"https:\/\/www.egemtv.com\/index.php?rest_route=\/wp\/v2\/media\/14592"}],"wp:attachment":[{"href":"https:\/\/www.egemtv.com\/index.php?rest_route=%2Fwp%2Fv2%2Fmedia&parent=14591"}],"wp:term":[{"taxonomy":"category","embeddable":true,"href":"https:\/\/www.egemtv.com\/index.php?rest_route=%2Fwp%2Fv2%2Fcategories&post=14591"},{"taxonomy":"post_tag","embeddable":true,"href":"https:\/\/www.egemtv.com\/index.php?rest_route=%2Fwp%2Fv2%2Ftags&post=14591"}],"curies":[{"name":"wp","href":"https:\/\/api.w.org\/{rel}","templated":true}]}}