{"id":14582,"date":"2025-02-02T13:46:24","date_gmt":"2025-02-02T10:46:24","guid":{"rendered":"https:\/\/www.egemtv.com\/?p=14582"},"modified":"2025-02-02T13:46:29","modified_gmt":"2025-02-02T10:46:29","slug":"bodrumda-kis-ortasinda-deniz-keyfi","status":"publish","type":"post","link":"https:\/\/www.egemtv.com\/?p=14582","title":{"rendered":"Bodrum\u2019da k\u0131\u015f ortas\u0131nda deniz keyfi"},"content":{"rendered":"<p>Mu\u011fla\u2019n\u0131n Bodrum il\u00e7esinde k\u0131\u015f ortas\u0131nda deniz keyfi ya\u015fan\u0131yor.<br \/>\n<br \/>En y\u00fcksek hava s\u0131cakl\u0131\u011f\u0131n\u0131n 20 derece \u00f6l\u00e7\u00fcld\u00fc\u011f\u00fc il\u00e7ede deniz suyu s\u0131cakl\u0131\u011f\u0131 da 19 dereceyi buldu. Ge\u00e7en y\u0131llara g\u00f6re daha \u0131l\u0131k bir k\u0131\u015f mevsiminin ya\u015fand\u0131\u011f\u0131 il\u00e7ede 3 g\u00fcnd\u00fcr g\u00fcne\u015fli bir hava hakim. Plajda denize girenlerin yan\u0131nda teknelerle a\u00e7\u0131lan vatanda\u015flar da deniz ve g\u00fcne\u015fin tad\u0131n\u0131 \u00e7\u0131kar\u0131yor.<br \/>\n<br \/>Teknesiyle gitti\u011fi Haremtan Koyu\u2019nda denize giren yazar \u00d6zg\u00fcn \u00dcnl\u00fc, &#8220;Bodrum\u2019a zaten k\u0131\u015f gelmedi ki, hep yazday\u0131z. Devaml\u0131 y\u00fcz\u00fcyoruz. Sonra gidip bal\u0131\u011f\u0131m\u0131z\u0131 tutuyoruz. Bodrum\u2019un tad\u0131n\u0131 \u00e7\u0131kart\u0131yoruz. Fakat bu havalar \u00e7ok hayra alamet de\u011fil. K\u00fcresel \u0131s\u0131nma kendisini g\u00f6steriyor. \u00c7\u00fcnk\u00fc \u00e7ocuklu\u011fumda su yaz\u0131n bu derecede olurdu. Fakat \u015fimdi k\u0131\u015f\u0131n bu sulara girebiliyoruz&#8221; dedi. \u0130stanbul\u2019dan kente ta\u015f\u0131nan Seda Irgan ise, &#8220;Eski \u0130stanbullu, yeni Bodrumlu olarak burada hayat\u0131ma yeniden ba\u015flad\u0131m. D\u00fcnyada en g\u00fczel yer kesinlikle buras\u0131. K\u0131\u015f\u0131, yaz gibi ya\u015f\u0131yoruz, arkada\u015f\u0131mla bal\u0131k tutuyoruz, denize giriyoruz. Bize k\u0131\u015f gelmedi ama biraz ya\u011fmurlar da ya\u011fsa daha mutlu olaca\u011f\u0131z. Arkada\u015flar\u0131m en sevdi\u011fin \u015fey ne diye soruyorlar. Ben de \u2019\u0130stanbul\u2019dan Bodrum\u2019a geli\u015f yolum\u2019 diyorum. Art\u0131k \u0130stanbul\u2019a d\u00f6nmeyi d\u00fc\u015f\u00fcnm\u00fcyorum. Art\u0131k burada ya\u015fayaca\u011f\u0131m&#8221; diye konu\u015ftu.<br \/><\/p>\n","protected":false},"excerpt":{"rendered":"<p>Mu\u011fla\u2019n\u0131n Bodrum il\u00e7esinde k\u0131\u015f ortas\u0131nda deniz keyfi ya\u015fan\u0131yor. En y\u00fcksek hava s\u0131cakl\u0131\u011f\u0131n\u0131n 20 derece \u00f6l\u00e7\u00fcld\u00fc\u011f\u00fc il\u00e7ede deniz suyu s\u0131cakl\u0131\u011f\u0131 da 19 dereceyi buldu. Ge\u00e7en y\u0131llara g\u00f6re daha \u0131l\u0131k bir k\u0131\u015f mevsiminin ya\u015fand\u0131\u011f\u0131 il\u00e7ede 3 g\u00fcnd\u00fcr g\u00fcne\u015fli bir hava hakim. Plajda denize girenlerin yan\u0131nda teknelerle a\u00e7\u0131lan vatanda\u015flar da deniz ve g\u00fcne\u015fin tad\u0131n\u0131 \u00e7\u0131kar\u0131yor. Teknesiyle gitti\u011fi Haremtan&#8230;<\/p>\n","protected":false},"author":1,"featured_media":14583,"comment_status":"open","ping_status":"open","sticky":false,"template":"","format":"standard","meta":{"_crdt_document":"","footnotes":""},"categories":[1],"tags":[],"class_list":["post-14582","post","type-post","status-publish","format-standard","has-post-thumbnail","hentry","category-guncel"],"_links":{"self":[{"href":"https:\/\/www.egemtv.com\/index.php?rest_route=\/wp\/v2\/posts\/14582","targetHints":{"allow":["GET"]}}],"collection":[{"href":"https:\/\/www.egemtv.com\/index.php?rest_route=\/wp\/v2\/posts"}],"about":[{"href":"https:\/\/www.egemtv.com\/index.php?rest_route=\/wp\/v2\/types\/post"}],"author":[{"embeddable":true,"href":"https:\/\/www.egemtv.com\/index.php?rest_route=\/wp\/v2\/users\/1"}],"replies":[{"embeddable":true,"href":"https:\/\/www.egemtv.com\/index.php?rest_route=%2Fwp%2Fv2%2Fcomments&post=14582"}],"version-history":[{"count":1,"href":"https:\/\/www.egemtv.com\/index.php?rest_route=\/wp\/v2\/posts\/14582\/revisions"}],"predecessor-version":[{"id":14584,"href":"https:\/\/www.egemtv.com\/index.php?rest_route=\/wp\/v2\/posts\/14582\/revisions\/14584"}],"wp:featuredmedia":[{"embeddable":true,"href":"https:\/\/www.egemtv.com\/index.php?rest_route=\/wp\/v2\/media\/14583"}],"wp:attachment":[{"href":"https:\/\/www.egemtv.com\/index.php?rest_route=%2Fwp%2Fv2%2Fmedia&parent=14582"}],"wp:term":[{"taxonomy":"category","embeddable":true,"href":"https:\/\/www.egemtv.com\/index.php?rest_route=%2Fwp%2Fv2%2Fcategories&post=14582"},{"taxonomy":"post_tag","embeddable":true,"href":"https:\/\/www.egemtv.com\/index.php?rest_route=%2Fwp%2Fv2%2Ftags&post=14582"}],"curies":[{"name":"wp","href":"https:\/\/api.w.org\/{rel}","templated":true}]}}