{"id":14579,"date":"2025-02-02T13:43:18","date_gmt":"2025-02-02T10:43:18","guid":{"rendered":"https:\/\/www.egemtv.com\/?p=14579"},"modified":"2025-02-02T13:43:23","modified_gmt":"2025-02-02T10:43:23","slug":"cati-kati-yangininda-5-kisi-dumandan-etkilendi","status":"publish","type":"post","link":"https:\/\/www.egemtv.com\/?p=14579","title":{"rendered":"\u00c7at\u0131 kat\u0131 yang\u0131n\u0131nda 5 ki\u015fi dumandan etkilendi"},"content":{"rendered":"<p>Mu\u011fla\u2019n\u0131n Fethiye il\u00e7esinde \u00e7at\u0131 kat\u0131nda \u00e7\u0131kan yang\u0131n itfaiye ekiplerinin m\u00fcdahalesiyle s\u00f6nd\u00fcr\u00fcl\u00fcrken, 5 ki\u015fi dumandan etkilendi.<\/p>\n<p>Yang\u0131n, Fethiye il\u00e7esi Kara\u00e7ulha Mahallesi\u2019nde meydana geldi. Edinilen bilgiye g\u00f6re yabanc\u0131 uyruklu 10 vatanda\u015f\u0131n ya\u015fad\u0131\u011f\u0131 evde hen\u00fcz bilinmeyen bir nedenle yang\u0131n \u00e7\u0131kt\u0131. \u00c7\u0131kan yang\u0131nda evde bulunan 5 ki\u015fi, dumandan etkilenirken, yang\u0131n k\u0131sa s\u00fcrede b\u00fcy\u00fcd\u00fc. \u0130hbar \u00fczerine olay yerine itfaiye, sa\u011fl\u0131k ve polis ekipleri sevk edildi. \u0130tfaiyenin h\u0131zl\u0131 m\u00fcdahalesiyle yang\u0131n kontrol alt\u0131na al\u0131narak s\u00f6nd\u00fcr\u00fcld\u00fc. Yang\u0131n s\u0131ras\u0131nda dumandan etkilenen 5 ki\u015fi, olay yerine gelen sa\u011fl\u0131k ekipleri taraf\u0131ndan ambulanslarda ayakta tedavi edildi. Yang\u0131n\u0131n \u00e7\u0131k\u0131\u015f nedenine ili\u015fkin inceleme ba\u015flat\u0131ld\u0131.<br \/><\/p>\n","protected":false},"excerpt":{"rendered":"<p>Mu\u011fla\u2019n\u0131n Fethiye il\u00e7esinde \u00e7at\u0131 kat\u0131nda \u00e7\u0131kan yang\u0131n itfaiye ekiplerinin m\u00fcdahalesiyle s\u00f6nd\u00fcr\u00fcl\u00fcrken, 5 ki\u015fi dumandan etkilendi. Yang\u0131n, Fethiye il\u00e7esi Kara\u00e7ulha Mahallesi\u2019nde meydana geldi. Edinilen bilgiye g\u00f6re yabanc\u0131 uyruklu 10 vatanda\u015f\u0131n ya\u015fad\u0131\u011f\u0131 evde hen\u00fcz bilinmeyen bir nedenle yang\u0131n \u00e7\u0131kt\u0131. \u00c7\u0131kan yang\u0131nda evde bulunan 5 ki\u015fi, dumandan etkilenirken, yang\u0131n k\u0131sa s\u00fcrede b\u00fcy\u00fcd\u00fc. \u0130hbar \u00fczerine olay yerine itfaiye, sa\u011fl\u0131k&#8230;<\/p>\n","protected":false},"author":1,"featured_media":14580,"comment_status":"open","ping_status":"open","sticky":false,"template":"","format":"standard","meta":{"_crdt_document":"","footnotes":""},"categories":[5],"tags":[],"class_list":["post-14579","post","type-post","status-publish","format-standard","has-post-thumbnail","hentry","category-asayis"],"_links":{"self":[{"href":"https:\/\/www.egemtv.com\/index.php?rest_route=\/wp\/v2\/posts\/14579","targetHints":{"allow":["GET"]}}],"collection":[{"href":"https:\/\/www.egemtv.com\/index.php?rest_route=\/wp\/v2\/posts"}],"about":[{"href":"https:\/\/www.egemtv.com\/index.php?rest_route=\/wp\/v2\/types\/post"}],"author":[{"embeddable":true,"href":"https:\/\/www.egemtv.com\/index.php?rest_route=\/wp\/v2\/users\/1"}],"replies":[{"embeddable":true,"href":"https:\/\/www.egemtv.com\/index.php?rest_route=%2Fwp%2Fv2%2Fcomments&post=14579"}],"version-history":[{"count":1,"href":"https:\/\/www.egemtv.com\/index.php?rest_route=\/wp\/v2\/posts\/14579\/revisions"}],"predecessor-version":[{"id":14581,"href":"https:\/\/www.egemtv.com\/index.php?rest_route=\/wp\/v2\/posts\/14579\/revisions\/14581"}],"wp:featuredmedia":[{"embeddable":true,"href":"https:\/\/www.egemtv.com\/index.php?rest_route=\/wp\/v2\/media\/14580"}],"wp:attachment":[{"href":"https:\/\/www.egemtv.com\/index.php?rest_route=%2Fwp%2Fv2%2Fmedia&parent=14579"}],"wp:term":[{"taxonomy":"category","embeddable":true,"href":"https:\/\/www.egemtv.com\/index.php?rest_route=%2Fwp%2Fv2%2Fcategories&post=14579"},{"taxonomy":"post_tag","embeddable":true,"href":"https:\/\/www.egemtv.com\/index.php?rest_route=%2Fwp%2Fv2%2Ftags&post=14579"}],"curies":[{"name":"wp","href":"https:\/\/api.w.org\/{rel}","templated":true}]}}