{"id":14576,"date":"2025-02-02T13:19:46","date_gmt":"2025-02-02T10:19:46","guid":{"rendered":"https:\/\/www.egemtv.com\/?p=14576"},"modified":"2025-02-02T13:19:51","modified_gmt":"2025-02-02T10:19:51","slug":"baskan-arici-cakirbeyli-uretici-pazarinda-vatandaslarla-bulustu","status":"publish","type":"post","link":"https:\/\/www.egemtv.com\/?p=14576","title":{"rendered":"Ba\u015fkan Ar\u0131c\u0131, \u00c7ak\u0131rbeyli \u00dcretici Pazar\u0131\u2019nda vatanda\u015flarla bulu\u015ftu"},"content":{"rendered":"<p>Ko\u00e7arl\u0131 Belediye Ba\u015fkan\u0131 \u00d6zg\u00fcr Ar\u0131c\u0131, il\u00e7enin \u00f6nemli \u00fcretici pazarlar\u0131 olan ve her hafta pazar g\u00fcn\u00fc kurulan \u00c7ak\u0131rbeyli \u00dcretici ve K\u00f6yl\u00fc Pazar\u0131\u2019n\u0131 ziyaret ederek esnaf ve vatanda\u015flarla bir araya geldi.<br \/>\n<br \/>Yerel \u00fcreticilerin tezgahlar\u0131n\u0131 tek tek gezerek hay\u0131rl\u0131 i\u015fler dileyen Ba\u015fkan Ar\u0131c\u0131, g\u00fcne\u015fli havada al\u0131\u015fveri\u015f yaparak Pazar g\u00fcn\u00fcn\u00fcn tad\u0131n\u0131 \u00e7\u0131kartan vatanda\u015flarla da sohbet edip taleplerini dinledi. Pazarda \u00fcreticilerin kar\u015f\u0131la\u015ft\u0131klar\u0131 sorunlar\u0131 ve beklentilerini yerinde inceleyen Ba\u015fkan Ar\u0131c\u0131, yapt\u0131\u011f\u0131 a\u00e7\u0131klamada &#8220;Ko\u00e7arl\u0131\u2019n\u0131n bereketli topraklar\u0131nda \u00fcretim yapan \u00e7ift\u00e7ilerimizin ve esnaflar\u0131m\u0131z\u0131n her zaman yan\u0131nday\u0131z. Onlar\u0131n eme\u011fi, il\u00e7emizin ekonomik kalk\u0131nmas\u0131n\u0131n temel ta\u015flar\u0131ndan biridir. \u00dcreticilerimizin ve esnaflar\u0131m\u0131z\u0131n daha iyi \u015fartlarda \u00e7al\u0131\u015fabilmesi i\u00e7in elimizden gelen deste\u011fi vermeye devam edece\u011fiz. Ayn\u0131 zamanda halk\u0131m\u0131z\u0131n taleplerini de dikkate alarak, il\u00e7emizde daha ya\u015fanabilir bir ticaret ortam\u0131 olu\u015fturmay\u0131 hedefliyoruz&#8221; dedi.<br \/>\n<br \/>Pazarda al\u0131\u015fveri\u015f yapan vatanda\u015flar da Ba\u015fkan Ar\u0131c\u0131\u2019n\u0131n ziyaretinden duyduklar\u0131 memnuniyeti dile getirirken, \u00fcreticiler ise sat\u0131\u015flar\u0131n\u0131n artmas\u0131 ve pazar\u0131n daha geni\u015f kitlelere ula\u015fmas\u0131 ad\u0131na yap\u0131lan \u00e7al\u0131\u015fmalar i\u00e7in Ba\u015fkan Ar\u0131c\u0131\u2019ya te\u015fekk\u00fcr ettiler.<br \/>\n<br \/>Ba\u015fkan Ar\u0131c\u0131, Ko\u00e7arl\u0131 Belediyesi olarak \u00fcretici pazarlar\u0131n\u0131 daha i\u015flevsel hale getirmek i\u00e7in projeler \u00fczerinde \u00e7al\u0131\u015ft\u0131klar\u0131n\u0131 belirterek, &#8220;Ko\u00e7arl\u0131\u2019m\u0131z\u0131n her mahallesinde \u00fcreticilerimizin sesi olmaya devam edece\u011fiz&#8221; dedi.<br \/><\/p>\n","protected":false},"excerpt":{"rendered":"<p>Ko\u00e7arl\u0131 Belediye Ba\u015fkan\u0131 \u00d6zg\u00fcr Ar\u0131c\u0131, il\u00e7enin \u00f6nemli \u00fcretici pazarlar\u0131 olan ve her hafta pazar g\u00fcn\u00fc kurulan \u00c7ak\u0131rbeyli \u00dcretici ve K\u00f6yl\u00fc Pazar\u0131\u2019n\u0131 ziyaret ederek esnaf ve vatanda\u015flarla bir araya geldi. Yerel \u00fcreticilerin tezgahlar\u0131n\u0131 tek tek gezerek hay\u0131rl\u0131 i\u015fler dileyen Ba\u015fkan Ar\u0131c\u0131, g\u00fcne\u015fli havada al\u0131\u015fveri\u015f yaparak Pazar g\u00fcn\u00fcn\u00fcn tad\u0131n\u0131 \u00e7\u0131kartan vatanda\u015flarla da sohbet edip taleplerini dinledi. Pazarda&#8230;<\/p>\n","protected":false},"author":1,"featured_media":14577,"comment_status":"open","ping_status":"open","sticky":false,"template":"","format":"standard","meta":{"_crdt_document":"","footnotes":""},"categories":[1],"tags":[],"class_list":["post-14576","post","type-post","status-publish","format-standard","has-post-thumbnail","hentry","category-guncel"],"_links":{"self":[{"href":"https:\/\/www.egemtv.com\/index.php?rest_route=\/wp\/v2\/posts\/14576","targetHints":{"allow":["GET"]}}],"collection":[{"href":"https:\/\/www.egemtv.com\/index.php?rest_route=\/wp\/v2\/posts"}],"about":[{"href":"https:\/\/www.egemtv.com\/index.php?rest_route=\/wp\/v2\/types\/post"}],"author":[{"embeddable":true,"href":"https:\/\/www.egemtv.com\/index.php?rest_route=\/wp\/v2\/users\/1"}],"replies":[{"embeddable":true,"href":"https:\/\/www.egemtv.com\/index.php?rest_route=%2Fwp%2Fv2%2Fcomments&post=14576"}],"version-history":[{"count":1,"href":"https:\/\/www.egemtv.com\/index.php?rest_route=\/wp\/v2\/posts\/14576\/revisions"}],"predecessor-version":[{"id":14578,"href":"https:\/\/www.egemtv.com\/index.php?rest_route=\/wp\/v2\/posts\/14576\/revisions\/14578"}],"wp:featuredmedia":[{"embeddable":true,"href":"https:\/\/www.egemtv.com\/index.php?rest_route=\/wp\/v2\/media\/14577"}],"wp:attachment":[{"href":"https:\/\/www.egemtv.com\/index.php?rest_route=%2Fwp%2Fv2%2Fmedia&parent=14576"}],"wp:term":[{"taxonomy":"category","embeddable":true,"href":"https:\/\/www.egemtv.com\/index.php?rest_route=%2Fwp%2Fv2%2Fcategories&post=14576"},{"taxonomy":"post_tag","embeddable":true,"href":"https:\/\/www.egemtv.com\/index.php?rest_route=%2Fwp%2Fv2%2Ftags&post=14576"}],"curies":[{"name":"wp","href":"https:\/\/api.w.org\/{rel}","templated":true}]}}