{"id":14573,"date":"2025-02-02T13:07:17","date_gmt":"2025-02-02T10:07:17","guid":{"rendered":"https:\/\/www.egemtv.com\/?p=14573"},"modified":"2025-02-02T13:07:22","modified_gmt":"2025-02-02T10:07:22","slug":"jandarma-fabrikadaki-kadin-calisanlari-bilgilendirdi","status":"publish","type":"post","link":"https:\/\/www.egemtv.com\/?p=14573","title":{"rendered":"Jandarma fabrikadaki kad\u0131n \u00e7al\u0131\u015fanlar\u0131 bilgilendirdi"},"content":{"rendered":"<p>Ayd\u0131n\u2019\u0131n \u00c7ine il\u00e7esinde bir fabrikada \u00e7al\u0131\u015fan kad\u0131nlara jandarma ekiplerince, Kad\u0131n Acil Destek Uygulamas\u0131 (KADES) uygulamas\u0131 ve kad\u0131na \u015fiddet konular\u0131nda bilgilendirme yap\u0131ld\u0131.<br \/>\n<br \/>Ayd\u0131n \u0130l Jandarma Komutanl\u0131\u011f\u0131 Aile \u0130\u00e7i \u015eiddetle M\u00fccadele ve \u00c7ocuk K\u0131s\u0131m Amirli\u011fi ile \u00c7ine \u0130l\u00e7e Jandarma Komutanl\u0131\u011f\u0131 personelleri taraf\u0131ndan \u00c7ine il\u00e7esinde bir fabrikada \u00e7al\u0131\u015fan kad\u0131nlara y\u00f6nelik etkinlik ger\u00e7ekle\u015ftirildi. Yap\u0131lan ziyaretlerde fabrikada \u00e7al\u0131\u015fan kad\u0131nlara 6284 Say\u0131l\u0131 Kanun, ba\u015fvuru mercileri, KADES uygulamas\u0131 konular\u0131nda tan\u0131t\u0131m ve bilgilendirme yap\u0131ld\u0131. Vatanda\u015flar\u0131n fark\u0131ndal\u0131\u011f\u0131n\u0131 artt\u0131rmak amac\u0131yla KADES pankart\u0131 a\u00e7\u0131lan etkinlikte ayr\u0131ca kad\u0131nlar\u0131n telefonlar\u0131na KADES uygulamas\u0131n\u0131n y\u00fcklenmesi konusunda yard\u0131mda bulunuldu. Bilgilendirme bro\u015f\u00fcrlerinin de da\u011f\u0131t\u0131ld\u0131\u011f\u0131 ziyarette kad\u0131na y\u00f6nelik \u015fiddete dikkat \u00e7ekildi.<br \/><\/p>\n","protected":false},"excerpt":{"rendered":"<p>Ayd\u0131n\u2019\u0131n \u00c7ine il\u00e7esinde bir fabrikada \u00e7al\u0131\u015fan kad\u0131nlara jandarma ekiplerince, Kad\u0131n Acil Destek Uygulamas\u0131 (KADES) uygulamas\u0131 ve kad\u0131na \u015fiddet konular\u0131nda bilgilendirme yap\u0131ld\u0131. Ayd\u0131n \u0130l Jandarma Komutanl\u0131\u011f\u0131 Aile \u0130\u00e7i \u015eiddetle M\u00fccadele ve \u00c7ocuk K\u0131s\u0131m Amirli\u011fi ile \u00c7ine \u0130l\u00e7e Jandarma Komutanl\u0131\u011f\u0131 personelleri taraf\u0131ndan \u00c7ine il\u00e7esinde bir fabrikada \u00e7al\u0131\u015fan kad\u0131nlara y\u00f6nelik etkinlik ger\u00e7ekle\u015ftirildi. Yap\u0131lan ziyaretlerde fabrikada \u00e7al\u0131\u015fan kad\u0131nlara 6284&#8230;<\/p>\n","protected":false},"author":1,"featured_media":14574,"comment_status":"open","ping_status":"open","sticky":false,"template":"","format":"standard","meta":{"_crdt_document":"","footnotes":""},"categories":[1],"tags":[],"class_list":["post-14573","post","type-post","status-publish","format-standard","has-post-thumbnail","hentry","category-guncel"],"_links":{"self":[{"href":"https:\/\/www.egemtv.com\/index.php?rest_route=\/wp\/v2\/posts\/14573","targetHints":{"allow":["GET"]}}],"collection":[{"href":"https:\/\/www.egemtv.com\/index.php?rest_route=\/wp\/v2\/posts"}],"about":[{"href":"https:\/\/www.egemtv.com\/index.php?rest_route=\/wp\/v2\/types\/post"}],"author":[{"embeddable":true,"href":"https:\/\/www.egemtv.com\/index.php?rest_route=\/wp\/v2\/users\/1"}],"replies":[{"embeddable":true,"href":"https:\/\/www.egemtv.com\/index.php?rest_route=%2Fwp%2Fv2%2Fcomments&post=14573"}],"version-history":[{"count":1,"href":"https:\/\/www.egemtv.com\/index.php?rest_route=\/wp\/v2\/posts\/14573\/revisions"}],"predecessor-version":[{"id":14575,"href":"https:\/\/www.egemtv.com\/index.php?rest_route=\/wp\/v2\/posts\/14573\/revisions\/14575"}],"wp:featuredmedia":[{"embeddable":true,"href":"https:\/\/www.egemtv.com\/index.php?rest_route=\/wp\/v2\/media\/14574"}],"wp:attachment":[{"href":"https:\/\/www.egemtv.com\/index.php?rest_route=%2Fwp%2Fv2%2Fmedia&parent=14573"}],"wp:term":[{"taxonomy":"category","embeddable":true,"href":"https:\/\/www.egemtv.com\/index.php?rest_route=%2Fwp%2Fv2%2Fcategories&post=14573"},{"taxonomy":"post_tag","embeddable":true,"href":"https:\/\/www.egemtv.com\/index.php?rest_route=%2Fwp%2Fv2%2Ftags&post=14573"}],"curies":[{"name":"wp","href":"https:\/\/api.w.org\/{rel}","templated":true}]}}