{"id":14570,"date":"2025-02-02T12:58:30","date_gmt":"2025-02-02T09:58:30","guid":{"rendered":"https:\/\/www.egemtv.com\/?p=14570"},"modified":"2025-02-02T12:58:35","modified_gmt":"2025-02-02T09:58:35","slug":"jandarmadan-sehit-ailesi-ve-kore-gazisine-vefa","status":"publish","type":"post","link":"https:\/\/www.egemtv.com\/?p=14570","title":{"rendered":"Jandarmadan \u015fehit ailesi ve Kore gazisine vefa"},"content":{"rendered":"<p>\u015eehir ailesi ve gazileri unutmayan jandarma ekipleri, Ayd\u0131n\u2019\u0131n K\u00f6\u015fk il\u00e7esinde ya\u015fayan P.Muh.\u00c7v\u015f. \u015eehit Mevl\u00fct \u00d6zt\u00fcrkmen\u2019in ailesi ile Kore gazisi Kadir \u00c7etin\u2019i ziyaret etti.<\/p>\n<p>Ayd\u0131n genelinde ya\u015fayan \u015fehit ailesi ve gazileri unutmayan Ayd\u0131n \u0130l Jandarma Komutanl\u0131\u011f\u0131, vefa ziyaretlerine devam ediyor. Bu \u00e7er\u00e7evede jandarma ekiplerinin son dura\u011f\u0131 K\u00f6\u015fk il\u00e7esi oldu. Ekipler, 1997 y\u0131l\u0131nda Ardahan ilinde \u015fehit d\u00fc\u015fen kahraman Mehmet\u00e7ik P.Muh.\u00c7v\u015f. \u015eehit Mevl\u00fct \u00d6zt\u00fcrkmen\u2019in ailesi ile Kore gazisi Kadir \u00c7etin\u2019i ikametlerinde ziyaret etti. Duygu dolu anlar\u0131n ya\u015fand\u0131\u011f\u0131 ziyaret ile ilgili Ayd\u0131n \u0130l Jandarma Komutanl\u0131\u011f\u0131\u2019ndan yap\u0131lan a\u00e7\u0131klamada &#8220;Kahramanlar\u0131m\u0131z\u0131n fedakarl\u0131\u011f\u0131n\u0131 ve ideallerini asla unutmayarak ziyaretlerimizi ger\u00e7ekle\u015ftirmeye devam edece\u011fiz&#8221; ifadeleri yer ald\u0131.<br \/><\/p>\n","protected":false},"excerpt":{"rendered":"<p>\u015eehir ailesi ve gazileri unutmayan jandarma ekipleri, Ayd\u0131n\u2019\u0131n K\u00f6\u015fk il\u00e7esinde ya\u015fayan P.Muh.\u00c7v\u015f. \u015eehit Mevl\u00fct \u00d6zt\u00fcrkmen\u2019in ailesi ile Kore gazisi Kadir \u00c7etin\u2019i ziyaret etti. Ayd\u0131n genelinde ya\u015fayan \u015fehit ailesi ve gazileri unutmayan Ayd\u0131n \u0130l Jandarma Komutanl\u0131\u011f\u0131, vefa ziyaretlerine devam ediyor. Bu \u00e7er\u00e7evede jandarma ekiplerinin son dura\u011f\u0131 K\u00f6\u015fk il\u00e7esi oldu. Ekipler, 1997 y\u0131l\u0131nda Ardahan ilinde \u015fehit d\u00fc\u015fen&#8230;<\/p>\n","protected":false},"author":1,"featured_media":14571,"comment_status":"open","ping_status":"open","sticky":false,"template":"","format":"standard","meta":{"_crdt_document":"","footnotes":""},"categories":[5],"tags":[],"class_list":["post-14570","post","type-post","status-publish","format-standard","has-post-thumbnail","hentry","category-asayis"],"_links":{"self":[{"href":"https:\/\/www.egemtv.com\/index.php?rest_route=\/wp\/v2\/posts\/14570","targetHints":{"allow":["GET"]}}],"collection":[{"href":"https:\/\/www.egemtv.com\/index.php?rest_route=\/wp\/v2\/posts"}],"about":[{"href":"https:\/\/www.egemtv.com\/index.php?rest_route=\/wp\/v2\/types\/post"}],"author":[{"embeddable":true,"href":"https:\/\/www.egemtv.com\/index.php?rest_route=\/wp\/v2\/users\/1"}],"replies":[{"embeddable":true,"href":"https:\/\/www.egemtv.com\/index.php?rest_route=%2Fwp%2Fv2%2Fcomments&post=14570"}],"version-history":[{"count":1,"href":"https:\/\/www.egemtv.com\/index.php?rest_route=\/wp\/v2\/posts\/14570\/revisions"}],"predecessor-version":[{"id":14572,"href":"https:\/\/www.egemtv.com\/index.php?rest_route=\/wp\/v2\/posts\/14570\/revisions\/14572"}],"wp:featuredmedia":[{"embeddable":true,"href":"https:\/\/www.egemtv.com\/index.php?rest_route=\/wp\/v2\/media\/14571"}],"wp:attachment":[{"href":"https:\/\/www.egemtv.com\/index.php?rest_route=%2Fwp%2Fv2%2Fmedia&parent=14570"}],"wp:term":[{"taxonomy":"category","embeddable":true,"href":"https:\/\/www.egemtv.com\/index.php?rest_route=%2Fwp%2Fv2%2Fcategories&post=14570"},{"taxonomy":"post_tag","embeddable":true,"href":"https:\/\/www.egemtv.com\/index.php?rest_route=%2Fwp%2Fv2%2Ftags&post=14570"}],"curies":[{"name":"wp","href":"https:\/\/api.w.org\/{rel}","templated":true}]}}