{"id":14566,"date":"2025-02-02T12:52:41","date_gmt":"2025-02-02T09:52:41","guid":{"rendered":"https:\/\/www.egemtv.com\/?p=14566"},"modified":"2025-02-02T12:52:47","modified_gmt":"2025-02-02T09:52:47","slug":"bicaklanan-sahis-sandalyede-oturur-halde-olu-bulundu-2","status":"publish","type":"post","link":"https:\/\/www.egemtv.com\/?p=14566","title":{"rendered":"B\u0131\u00e7aklanan \u015fah\u0131s sandalyede oturur halde \u00f6l\u00fc bulundu"},"content":{"rendered":"<p>Mu\u011fla\u2019n\u0131n Milas il\u00e7esinde bir \u015fah\u0131s, b\u0131\u00e7aklanm\u0131\u015f halde \u00f6l\u00fc olarak bulundu. B\u00f6lgede olay yeri inceleme ekipleri \u00e7al\u0131\u015fma ba\u015flatt\u0131.<br \/>\n<br \/>Olay, Milas il\u00e7esi Cumhuriyet Caddesi \u00fczerinde sabah saatlerinde meydana geldi. Edinilen bilgiye g\u00f6re \u00e7evreden ge\u00e7en vatanda\u015flar, e\u011flence mekanlar\u0131n\u0131n oldu\u011fu bir sokak \u00fczerindeki sandalyede 1 ki\u015finin hareketsiz bir \u015fekilde oturdu\u011funu fark etti. Durumdan \u015f\u00fcphelenen vatanda\u015flar 112 Acil \u00c7a\u011fr\u0131 Merkezi\u2019ni arayarak ihbarda bulundu. \u0130hbar \u00fczerine b\u00f6lgeye sa\u011fl\u0131k ve polis ekipleri sevk edildi. K\u0131sa s\u00fcrede olay yerine gelen sa\u011fl\u0131k ekipleri \u015fahs\u0131n hayat\u0131n\u0131 kaybetti\u011fini belirledi. B\u0131\u00e7akland\u0131\u011f\u0131 ve kan kaybetti\u011fi belirlenen \u015fahs\u0131n, kimli\u011finin belirlenmesi i\u00e7in \u00e7al\u0131\u015fma ger\u00e7ekle\u015ftirilirken, olay yeri inceleme ekipleri de b\u00f6lgede inceleme ba\u015flatt\u0131. Sandalyede oturur vaziyette \u00f6l\u00fc bulunan \u015fahs\u0131n kesin \u00f6l\u00fcm nedeni yap\u0131lacak otopsinin ard\u0131ndan netlik kazanacakken, polis ekipleri olay\u0131n kim ya da kimler taraf\u0131ndan i\u015flendi\u011finin bulunmas\u0131 i\u00e7in geni\u015f \u00e7apl\u0131 ara\u015ft\u0131rma ba\u015flatt\u0131. Olayla ilgili soru\u015fturma s\u00fcr\u00fcyor.<br \/><\/p>\n","protected":false},"excerpt":{"rendered":"<p>Mu\u011fla\u2019n\u0131n Milas il\u00e7esinde bir \u015fah\u0131s, b\u0131\u00e7aklanm\u0131\u015f halde \u00f6l\u00fc olarak bulundu. B\u00f6lgede olay yeri inceleme ekipleri \u00e7al\u0131\u015fma ba\u015flatt\u0131. Olay, Milas il\u00e7esi Cumhuriyet Caddesi \u00fczerinde sabah saatlerinde meydana geldi. Edinilen bilgiye g\u00f6re \u00e7evreden ge\u00e7en vatanda\u015flar, e\u011flence mekanlar\u0131n\u0131n oldu\u011fu bir sokak \u00fczerindeki sandalyede 1 ki\u015finin hareketsiz bir \u015fekilde oturdu\u011funu fark etti. Durumdan \u015f\u00fcphelenen vatanda\u015flar 112 Acil \u00c7a\u011fr\u0131 Merkezi\u2019ni&#8230;<\/p>\n","protected":false},"author":1,"featured_media":14567,"comment_status":"open","ping_status":"open","sticky":false,"template":"","format":"standard","meta":{"_crdt_document":"","footnotes":""},"categories":[5],"tags":[],"class_list":["post-14566","post","type-post","status-publish","format-standard","has-post-thumbnail","hentry","category-asayis"],"_links":{"self":[{"href":"https:\/\/www.egemtv.com\/index.php?rest_route=\/wp\/v2\/posts\/14566","targetHints":{"allow":["GET"]}}],"collection":[{"href":"https:\/\/www.egemtv.com\/index.php?rest_route=\/wp\/v2\/posts"}],"about":[{"href":"https:\/\/www.egemtv.com\/index.php?rest_route=\/wp\/v2\/types\/post"}],"author":[{"embeddable":true,"href":"https:\/\/www.egemtv.com\/index.php?rest_route=\/wp\/v2\/users\/1"}],"replies":[{"embeddable":true,"href":"https:\/\/www.egemtv.com\/index.php?rest_route=%2Fwp%2Fv2%2Fcomments&post=14566"}],"version-history":[{"count":1,"href":"https:\/\/www.egemtv.com\/index.php?rest_route=\/wp\/v2\/posts\/14566\/revisions"}],"predecessor-version":[{"id":14569,"href":"https:\/\/www.egemtv.com\/index.php?rest_route=\/wp\/v2\/posts\/14566\/revisions\/14569"}],"wp:featuredmedia":[{"embeddable":true,"href":"https:\/\/www.egemtv.com\/index.php?rest_route=\/wp\/v2\/media\/14567"}],"wp:attachment":[{"href":"https:\/\/www.egemtv.com\/index.php?rest_route=%2Fwp%2Fv2%2Fmedia&parent=14566"}],"wp:term":[{"taxonomy":"category","embeddable":true,"href":"https:\/\/www.egemtv.com\/index.php?rest_route=%2Fwp%2Fv2%2Fcategories&post=14566"},{"taxonomy":"post_tag","embeddable":true,"href":"https:\/\/www.egemtv.com\/index.php?rest_route=%2Fwp%2Fv2%2Ftags&post=14566"}],"curies":[{"name":"wp","href":"https:\/\/api.w.org\/{rel}","templated":true}]}}