{"id":14543,"date":"2025-02-02T12:07:21","date_gmt":"2025-02-02T09:07:21","guid":{"rendered":"https:\/\/www.egemtv.com\/?p=14543"},"modified":"2025-02-02T12:07:28","modified_gmt":"2025-02-02T09:07:28","slug":"izdenizden-19-mayis-ve-kurban-bayramina-ozel-midilli-seferleri","status":"publish","type":"post","link":"https:\/\/www.egemtv.com\/?p=14543","title":{"rendered":"\u0130ZDEN\u0130Z\u2019den, 19 May\u0131s ve Kurban Bayram\u0131\u2019na \u00f6zel Midilli seferleri"},"content":{"rendered":"<p>\u0130zmir B\u00fcy\u00fck\u015fehir Belediyesi \u0130ZDEN\u0130Z Genel M\u00fcd\u00fcrl\u00fc\u011f\u00fc, 19 May\u0131s Gen\u00e7lik ve Spor Bayram\u0131 ile Kurban Bayram\u0131\u2019na \u00f6zel iki ayr\u0131 Midilli Seferi d\u00fczenleyecek. 17 May\u0131s ve 6 Haziran tarihlerinde ger\u00e7ekle\u015ftirilecek \u0130zmir Liman\u0131 kalk\u0131\u015fl\u0131 seferlerin biletleri sat\u0131\u015fa sunuldu.<br \/>\n<br \/>Ege\u2019nin iki yakas\u0131 aras\u0131nda dostlu\u011fu, sosyal, k\u00fclt\u00fcrel ve ekonomik ba\u011flar\u0131 g\u00fc\u00e7lendirmek amac\u0131yla Haziran 2022\u2019de ba\u015flat\u0131lan \u0130zmir-Midilli gemi turlar\u0131 kapsam\u0131nda, bu y\u0131l iki \u00f6zel sefer ger\u00e7ekle\u015ftirilecek. \u0130zmir B\u00fcy\u00fck\u015fehir Belediyesi \u0130ZDEN\u0130Z Genel M\u00fcd\u00fcrl\u00fc\u011f\u00fc\u2019n\u00fcn; 19 May\u0131s Gen\u00e7lik ve Spor Bayram\u0131 ile Kurban Bayram\u0131\u2019na \u00f6zel seferleri, 17 May\u0131s Cumartesi ve 6 Haziran Cuma g\u00fcnleri d\u00fczenlenecek.<\/p>\n<p>Konforlu ve h\u0131zl\u0131 yolculuk<br \/>\n<br \/>Y\u00fcksek h\u0131zl\u0131 ve konforlu katamaran tipi yolcu gemisi \u0130hsan Alyanak ile ger\u00e7ekle\u015ftirilecek seferler, \u0130zmir Alsancak Liman\u0131 ile Midilli Liman\u0131 aras\u0131nda yap\u0131lacak. Aralar\u0131nda 59 deniz mili mesafe bulunan iki liman aras\u0131ndaki yolculuk, hava ve deniz \u015fartlar\u0131na ba\u011fl\u0131 olarak yakla\u015f\u0131k 2 saat 30 dakika s\u00fcr\u00fcyor.<\/p>\n<p>Bilet sat\u0131\u015f\u0131 ba\u015flad\u0131<br \/>\n<br \/>Sefer biletleri online olarak bilet.izdeniz.com.tr web sitesi \u00fczerinden ve \u00dc\u00e7kuyular \u0130skelesi\u2019nde yer alan \u0130ZDEN\u0130Z sat\u0131\u015f ofisinden al\u0131nabiliyor. Bilet ve kap\u0131 vizesi \u00f6demeleri, banka havalesi ya da banka ve kredi kartlar\u0131 ile yap\u0131labiliyor. Nakit \u00fccret al\u0131nm\u0131yor. Bilet \u00fccretleri ya\u015f gruplar\u0131na g\u00f6re, gidi\u015f-d\u00f6n\u00fc\u015f ve tek y\u00f6n olarak yeti\u015fkin gidi\u015f-d\u00f6n\u00fc\u015f 85 Euro \/ tek y\u00f6n 60 Euro, 7 &#8211; 12 ya\u015f grubu gidi\u015f-d\u00f6n\u00fc\u015f 42,5 Euro \/ tek y\u00f6n 30 Euro, 0 &#8211; 6 ya\u015f grubu gidi\u015f-d\u00f6n\u00fc\u015f 15 Euro \/ tek y\u00f6n 15 Euro olarak belirlendi.<\/p>\n<p>Bisiklet de g\u00f6t\u00fcr\u00fclebiliyor<br \/>\n<br \/>\u0130hsan Alyanak Yolcu Gemisi\u2019nin bisiklet kapasitesi 10 adet. \u0130steyen yolcular, \u0130zmir &#8211; Midilli seferlerine, bilet rezervasyonu s\u0131ras\u0131nda bildirmek \u015fart\u0131 ile bisikletleri ile kat\u0131labilecek. Ayr\u0131nt\u0131l\u0131 bilgi, sefer programlar\u0131 0501 535 35 35 numaral\u0131 telefondan veya acente@izdeniz.com.tr\u2019den al\u0131nabilir.<br \/>\n<br \/>D\u00fczenli seferler 20 Haziran\u2019da ba\u015flayacak<br \/>\n<br \/>\u0130ZDEN\u0130Z Genel M\u00fcd\u00fcrl\u00fc\u011f\u00fc\u2019n\u00fcn, \u00fc\u00e7 y\u0131ld\u0131r yaz sezonunda d\u00fczenledi\u011fi \u0130zmir &#8211; Midilli turlar\u0131nda d\u00fczenli seferler ise 20 Haziran &#8211; 26 Eyl\u00fcl tarihleri aras\u0131nda ger\u00e7ekle\u015ftirilecek. Cuma sabahlar\u0131 \u0130zmir\u2019den hareket edecek gemi, Pazar ak\u015famlar\u0131 Midilli\u2019den d\u00f6n\u00fc\u015f yapacak.<\/p>\n<p>\u0130ZDEN\u0130Z\u2019den kap\u0131da vize kolayl\u0131\u011f\u0131<br \/>\n<br \/>Midilli Adas\u0131\u2019na, ye\u015fil pasaportlu vatanda\u015flar vizesiz, bordo pasaportlu vatanda\u015flar schengen veya kap\u0131 vizesi ile giri\u015f yapabilecek. \u0130ZDEN\u0130Z A\u015e kap\u0131da vize uygulamas\u0131nda da yolcular\u0131n i\u015flemlerini kolayla\u015ft\u0131racak. Kap\u0131da vize uygulamas\u0131 ile seyahat etmek isteyen yolcular\u0131n, her sefer i\u00e7in belirlenen say\u0131da s\u0131n\u0131rland\u0131rma zorunlulu\u011fu nedeniyle, ba\u015fvuru \u00f6ncesi \u0130ZDEN\u0130Z Sat\u0131\u015f Ofisi\u2019ni &#8220;0552 035 88 60&#8221; numaral\u0131 telefondan arayarak randevu almas\u0131 gerekiyor. Kap\u0131 vizesi ba\u015fvurusu yapacak yolculara ait istenilen t\u00fcm evraklar\u0131n eksiksiz bir \u015fekilde Midilli Adas\u0131\u2019na ge\u00e7i\u015f tarihinden en ge\u00e7 10 g\u00fcn \u00f6nce \u0130ZDEN\u0130Z Sat\u0131\u015f Ofisi\u2019ne iletilmeleri gerekiyor. Ba\u015fvuru evraklar\u0131n\u0131 eksiksiz tamamlayan yolcular, ki\u015fi ba\u015f\u0131 80 Euro olan kap\u0131 vizesi \u00fccretini evraklarla \u015fahsi olarak \u00dc\u00e7kuyular Vapur \u0130skelesi- Bal\u00e7ova \u0130zmir adresinde yer alan \u0130ZDEN\u0130Z Sat\u0131\u015f Ofisi\u2019ne hafta i\u00e7i saat 09.00 ile 17.00 aras\u0131nda teslim etmesi gerekiyor. 0-18 ya\u015f grubu \u00e7ocuklar i\u00e7in ayn\u0131 evraklar ge\u00e7erli ve vize \u00fccreti ki\u015fi ba\u015f\u0131 20 Euro olacak. Kap\u0131 vizesi uygulamas\u0131 en fazla 6 gece, 7 g\u00fcn ve tek giri\u015fli olarak verilebiliyor. Kap\u0131 vizesi sadece bilet al\u0131nan adada ge\u00e7erli olurken ayn\u0131 vize ile ba\u015fka adaya ge\u00e7i\u015f yap\u0131lam\u0131yor.<br \/><\/p>\n","protected":false},"excerpt":{"rendered":"<p>\u0130zmir B\u00fcy\u00fck\u015fehir Belediyesi \u0130ZDEN\u0130Z Genel M\u00fcd\u00fcrl\u00fc\u011f\u00fc, 19 May\u0131s Gen\u00e7lik ve Spor Bayram\u0131 ile Kurban Bayram\u0131\u2019na \u00f6zel iki ayr\u0131 Midilli Seferi d\u00fczenleyecek. 17 May\u0131s ve 6 Haziran tarihlerinde ger\u00e7ekle\u015ftirilecek \u0130zmir Liman\u0131 kalk\u0131\u015fl\u0131 seferlerin biletleri sat\u0131\u015fa sunuldu. Ege\u2019nin iki yakas\u0131 aras\u0131nda dostlu\u011fu, sosyal, k\u00fclt\u00fcrel ve ekonomik ba\u011flar\u0131 g\u00fc\u00e7lendirmek amac\u0131yla Haziran 2022\u2019de ba\u015flat\u0131lan \u0130zmir-Midilli gemi turlar\u0131 kapsam\u0131nda, bu&#8230;<\/p>\n","protected":false},"author":1,"featured_media":14545,"comment_status":"open","ping_status":"open","sticky":false,"template":"","format":"standard","meta":{"_crdt_document":"","footnotes":""},"categories":[1],"tags":[],"class_list":["post-14543","post","type-post","status-publish","format-standard","has-post-thumbnail","hentry","category-guncel"],"_links":{"self":[{"href":"https:\/\/www.egemtv.com\/index.php?rest_route=\/wp\/v2\/posts\/14543","targetHints":{"allow":["GET"]}}],"collection":[{"href":"https:\/\/www.egemtv.com\/index.php?rest_route=\/wp\/v2\/posts"}],"about":[{"href":"https:\/\/www.egemtv.com\/index.php?rest_route=\/wp\/v2\/types\/post"}],"author":[{"embeddable":true,"href":"https:\/\/www.egemtv.com\/index.php?rest_route=\/wp\/v2\/users\/1"}],"replies":[{"embeddable":true,"href":"https:\/\/www.egemtv.com\/index.php?rest_route=%2Fwp%2Fv2%2Fcomments&post=14543"}],"version-history":[{"count":1,"href":"https:\/\/www.egemtv.com\/index.php?rest_route=\/wp\/v2\/posts\/14543\/revisions"}],"predecessor-version":[{"id":14547,"href":"https:\/\/www.egemtv.com\/index.php?rest_route=\/wp\/v2\/posts\/14543\/revisions\/14547"}],"wp:featuredmedia":[{"embeddable":true,"href":"https:\/\/www.egemtv.com\/index.php?rest_route=\/wp\/v2\/media\/14545"}],"wp:attachment":[{"href":"https:\/\/www.egemtv.com\/index.php?rest_route=%2Fwp%2Fv2%2Fmedia&parent=14543"}],"wp:term":[{"taxonomy":"category","embeddable":true,"href":"https:\/\/www.egemtv.com\/index.php?rest_route=%2Fwp%2Fv2%2Fcategories&post=14543"},{"taxonomy":"post_tag","embeddable":true,"href":"https:\/\/www.egemtv.com\/index.php?rest_route=%2Fwp%2Fv2%2Ftags&post=14543"}],"curies":[{"name":"wp","href":"https:\/\/api.w.org\/{rel}","templated":true}]}}