{"id":14540,"date":"2025-02-02T11:48:53","date_gmt":"2025-02-02T08:48:53","guid":{"rendered":"https:\/\/www.egemtv.com\/?p=14540"},"modified":"2025-02-02T11:48:58","modified_gmt":"2025-02-02T08:48:58","slug":"altinordudan-flas-karar-tesislerde-yatili-oyuncu-olmayacak","status":"publish","type":"post","link":"https:\/\/www.egemtv.com\/?p=14540","title":{"rendered":"Alt\u0131nordu\u2019dan fla\u015f karar: Tesislerde yat\u0131l\u0131 oyuncu olmayacak"},"content":{"rendered":"<p>Alt\u0131nordu, Bolu Kartalkaya\u2019daki otel yang\u0131n\u0131 facias\u0131 sonras\u0131nda bir\u00e7ok vatanda\u015f\u0131n hayat\u0131n\u0131 kaybetmesinden sonra tesislerde yat\u0131l\u0131 oyuncu bulundurmama karar\u0131 ald\u0131.<br \/>\n<br \/>TFF 2. Lig Beyaz Grup ekiplerinden Alt\u0131nordu, fla\u015f bir karara imza att\u0131. \u0130zmir ekibi, Bolu Kartalkaya\u2019daki otel yang\u0131n\u0131 facias\u0131 sonras\u0131nda bir\u00e7ok vatanda\u015f\u0131n hayat\u0131n\u0131 kaybetmesinden sonra tesislerde yat\u0131l\u0131 oyuncu bulundurmama karar\u0131 ald\u0131.<br \/><\/p>\n","protected":false},"excerpt":{"rendered":"<p>Alt\u0131nordu, Bolu Kartalkaya\u2019daki otel yang\u0131n\u0131 facias\u0131 sonras\u0131nda bir\u00e7ok vatanda\u015f\u0131n hayat\u0131n\u0131 kaybetmesinden sonra tesislerde yat\u0131l\u0131 oyuncu bulundurmama karar\u0131 ald\u0131. TFF 2. Lig Beyaz Grup ekiplerinden Alt\u0131nordu, fla\u015f bir karara imza att\u0131. \u0130zmir ekibi, Bolu Kartalkaya\u2019daki otel yang\u0131n\u0131 facias\u0131 sonras\u0131nda bir\u00e7ok vatanda\u015f\u0131n hayat\u0131n\u0131 kaybetmesinden sonra tesislerde yat\u0131l\u0131 oyuncu bulundurmama karar\u0131 ald\u0131.<\/p>\n","protected":false},"author":1,"featured_media":14541,"comment_status":"open","ping_status":"open","sticky":false,"template":"","format":"standard","meta":{"_crdt_document":"","footnotes":""},"categories":[4],"tags":[],"class_list":["post-14540","post","type-post","status-publish","format-standard","has-post-thumbnail","hentry","category-spor"],"_links":{"self":[{"href":"https:\/\/www.egemtv.com\/index.php?rest_route=\/wp\/v2\/posts\/14540","targetHints":{"allow":["GET"]}}],"collection":[{"href":"https:\/\/www.egemtv.com\/index.php?rest_route=\/wp\/v2\/posts"}],"about":[{"href":"https:\/\/www.egemtv.com\/index.php?rest_route=\/wp\/v2\/types\/post"}],"author":[{"embeddable":true,"href":"https:\/\/www.egemtv.com\/index.php?rest_route=\/wp\/v2\/users\/1"}],"replies":[{"embeddable":true,"href":"https:\/\/www.egemtv.com\/index.php?rest_route=%2Fwp%2Fv2%2Fcomments&post=14540"}],"version-history":[{"count":1,"href":"https:\/\/www.egemtv.com\/index.php?rest_route=\/wp\/v2\/posts\/14540\/revisions"}],"predecessor-version":[{"id":14542,"href":"https:\/\/www.egemtv.com\/index.php?rest_route=\/wp\/v2\/posts\/14540\/revisions\/14542"}],"wp:featuredmedia":[{"embeddable":true,"href":"https:\/\/www.egemtv.com\/index.php?rest_route=\/wp\/v2\/media\/14541"}],"wp:attachment":[{"href":"https:\/\/www.egemtv.com\/index.php?rest_route=%2Fwp%2Fv2%2Fmedia&parent=14540"}],"wp:term":[{"taxonomy":"category","embeddable":true,"href":"https:\/\/www.egemtv.com\/index.php?rest_route=%2Fwp%2Fv2%2Fcategories&post=14540"},{"taxonomy":"post_tag","embeddable":true,"href":"https:\/\/www.egemtv.com\/index.php?rest_route=%2Fwp%2Fv2%2Ftags&post=14540"}],"curies":[{"name":"wp","href":"https:\/\/api.w.org\/{rel}","templated":true}]}}