{"id":14537,"date":"2025-02-02T11:41:53","date_gmt":"2025-02-02T08:41:53","guid":{"rendered":"https:\/\/www.egemtv.com\/?p=14537"},"modified":"2025-02-02T11:41:58","modified_gmt":"2025-02-02T08:41:58","slug":"menemen-fk-5-mac-sonra-kaybetti","status":"publish","type":"post","link":"https:\/\/www.egemtv.com\/?p=14537","title":{"rendered":"Menemen FK, 5 ma\u00e7 sonra kaybetti"},"content":{"rendered":"<p>Menemen FK, TFF 2. Lig Beyaz Grup 20. haftas\u0131nda Belediye Derincespor\u2019a deplasmanda 3-2 ma\u011flup oldu ve 5 ma\u00e7 sonra yenildi.<br \/>\n<br \/>TFF 2. Lig Beyaz Grup ekiplerinden Menemen FK, 20. haftas\u0131nda Belediye Derincespor\u2019la deplasmanda kar\u015f\u0131 kar\u015f\u0131ya geldi. \u0130zmir ekibi, 1-0 \u00f6ne ge\u00e7ti\u011fi kar\u015f\u0131la\u015fmay\u0131 3-2 kaybetti ve haftalar sonra yenildi. Ligdeki son 5 haftada Bucaspor 1928, Karacabey Belediyespor ve Beyo\u011flu Yeni\u00e7ar\u015f\u0131spor ile berabere kalan \u0130zmir ekibi, Karaman FK ve Yeni Mersin \u0130dman Yurdu\u2019nu da ma\u011flup etmi\u015fti. Belediye Derincespor\u2019a kaybeden sar\u0131-lacivertlilerin, 5 haftal\u0131k yenilmezlik serisi de sona erdi.<br \/>\n<br \/>Gelecek hafta Nazilli Belediyespor\u2019u konuk edecek olan Menemen FK, rakibi kar\u015f\u0131s\u0131nda hata yapmayarak yeni bir sayfa a\u00e7mak istiyor.<br \/><\/p>\n","protected":false},"excerpt":{"rendered":"<p>Menemen FK, TFF 2. Lig Beyaz Grup 20. haftas\u0131nda Belediye Derincespor\u2019a deplasmanda 3-2 ma\u011flup oldu ve 5 ma\u00e7 sonra yenildi. TFF 2. Lig Beyaz Grup ekiplerinden Menemen FK, 20. haftas\u0131nda Belediye Derincespor\u2019la deplasmanda kar\u015f\u0131 kar\u015f\u0131ya geldi. \u0130zmir ekibi, 1-0 \u00f6ne ge\u00e7ti\u011fi kar\u015f\u0131la\u015fmay\u0131 3-2 kaybetti ve haftalar sonra yenildi. Ligdeki son 5 haftada Bucaspor 1928, Karacabey&#8230;<\/p>\n","protected":false},"author":1,"featured_media":14538,"comment_status":"open","ping_status":"open","sticky":false,"template":"","format":"standard","meta":{"_crdt_document":"","footnotes":""},"categories":[4],"tags":[],"class_list":["post-14537","post","type-post","status-publish","format-standard","has-post-thumbnail","hentry","category-spor"],"_links":{"self":[{"href":"https:\/\/www.egemtv.com\/index.php?rest_route=\/wp\/v2\/posts\/14537","targetHints":{"allow":["GET"]}}],"collection":[{"href":"https:\/\/www.egemtv.com\/index.php?rest_route=\/wp\/v2\/posts"}],"about":[{"href":"https:\/\/www.egemtv.com\/index.php?rest_route=\/wp\/v2\/types\/post"}],"author":[{"embeddable":true,"href":"https:\/\/www.egemtv.com\/index.php?rest_route=\/wp\/v2\/users\/1"}],"replies":[{"embeddable":true,"href":"https:\/\/www.egemtv.com\/index.php?rest_route=%2Fwp%2Fv2%2Fcomments&post=14537"}],"version-history":[{"count":1,"href":"https:\/\/www.egemtv.com\/index.php?rest_route=\/wp\/v2\/posts\/14537\/revisions"}],"predecessor-version":[{"id":14539,"href":"https:\/\/www.egemtv.com\/index.php?rest_route=\/wp\/v2\/posts\/14537\/revisions\/14539"}],"wp:featuredmedia":[{"embeddable":true,"href":"https:\/\/www.egemtv.com\/index.php?rest_route=\/wp\/v2\/media\/14538"}],"wp:attachment":[{"href":"https:\/\/www.egemtv.com\/index.php?rest_route=%2Fwp%2Fv2%2Fmedia&parent=14537"}],"wp:term":[{"taxonomy":"category","embeddable":true,"href":"https:\/\/www.egemtv.com\/index.php?rest_route=%2Fwp%2Fv2%2Fcategories&post=14537"},{"taxonomy":"post_tag","embeddable":true,"href":"https:\/\/www.egemtv.com\/index.php?rest_route=%2Fwp%2Fv2%2Ftags&post=14537"}],"curies":[{"name":"wp","href":"https:\/\/api.w.org\/{rel}","templated":true}]}}