{"id":14534,"date":"2025-02-02T11:39:28","date_gmt":"2025-02-02T08:39:28","guid":{"rendered":"https:\/\/www.egemtv.com\/?p=14534"},"modified":"2025-02-02T11:39:34","modified_gmt":"2025-02-02T08:39:34","slug":"kan-donduran-cinayette-basa-donuldu","status":"publish","type":"post","link":"https:\/\/www.egemtv.com\/?p=14534","title":{"rendered":"Kan donduran cinayette ba\u015fa d\u00f6n\u00fcld\u00fc"},"content":{"rendered":"<p>Mu\u011fla\u2019n\u0131n Mente\u015fe il\u00e7esinde 16 Temmuz 2020\u2019de \u00fcniversite \u00f6\u011frencisi P\u0131nar G\u00fcltekin\u2019i \u2019tasarlayarak ve canavarca hisle eziyet \u00e7ektirerek kasten \u00f6ld\u00fcrme\u2019 su\u00e7undan a\u011f\u0131rla\u015ft\u0131r\u0131lm\u0131\u015f m\u00fcebbet hapis cezas\u0131 alan san\u0131k Cemal Metin Avc\u0131 hakk\u0131ndaki karar Yarg\u0131tay 1. Ceza Dairesi taraf\u0131ndan oy \u00e7oklu\u011fu ile bozuldu. Avc\u0131\u2019n\u0131n G\u00fcltekin\u2019i canavarca hisle ve tasarlayarak \u00f6ld\u00fcrmedi\u011fi, kendisine ayn\u0131 zamanda haks\u0131z tahrik indirimi uygulanmas\u0131 gerekti\u011fi gerek\u00e7esiyle karar san\u0131k lehine bozuldu.<br \/>\n<br \/>Mu\u011fla\u2019da \u00fcniversite \u00f6\u011frencisi P\u0131nar G\u00fcltekin erkek arkada\u015f\u0131 Cemal Metin Avc\u0131 taraf\u0131ndan 16 Temmuz 2020 tarihinde Mu\u011fla\u2019n\u0131n Mente\u015fe il\u00e7esinde diri diri yak\u0131larak \u00f6ld\u00fcr\u00fcld\u00fckten sonra varil i\u00e7ine konulmu\u015f, benzin ile ate\u015fe verilerek yak\u0131lmas\u0131n\u0131n ard\u0131ndan \u00fczerine beton d\u00f6k\u00fclerek ormanl\u0131k alana b\u0131rak\u0131lm\u0131\u015ft\u0131.<br \/>\n<br \/>G\u00fcltekin\u2019i \u00f6ld\u00fcren Cemal Metin Avc\u0131 \u00f6nce a\u011f\u0131rla\u015ft\u0131r\u0131lm\u0131\u015f m\u00fcebbet hapisle cezaland\u0131r\u0131ld\u0131, sonra cezas\u0131 \u2019haks\u0131z tahrik\u2019 indirimiyle 23 y\u0131la indirildi. 20 Haziran 2022\u2019de Mu\u011fla 3\u2019\u00fcnc\u00fc A\u011f\u0131r Ceza Mahkemesi\u2019nde g\u00f6r\u00fclen 13\u2019\u00fcnc\u00fc duru\u015fmada, cinayet s\u0131ras\u0131nda yard\u0131m etti\u011fi iddias\u0131yla hakk\u0131nda m\u00fcebbet hapis cezas\u0131 istenen Cemal Metin Avc\u0131\u2019n\u0131n erkek karde\u015fi Mertcan Avc\u0131 beraat etti. Cemal Metin Avc\u0131\u2019n\u0131n annesi Ayten Avc\u0131, babas\u0131 Selim Avc\u0131, eski e\u015fi Eda Karag\u00fcn ve orta\u011f\u0131 \u015e\u00fckr\u00fc G\u00f6khan Orhan ise \u2019delilleri yok etme ve gizleme\u2019 su\u00e7lar\u0131n\u0131 i\u015flediklerinin sabit olmamas\u0131 nedeniyle beraat etti.<br \/>\n<br \/>Katil zanl\u0131s\u0131 Cemal Metin Avc\u0131\u2019ya verilen haks\u0131z tahrik indirimi ve 23 y\u0131l hapis cezas\u0131, karde\u015fine Mertcan Avc\u0131 hakk\u0131ndaki beraat karar\u0131 \u0130zmir B\u00f6lge Adliye Mahkemesi 4\u2019\u00fcnc\u00fc Ceza Dairesi taraf\u0131ndan bozuldu. Duru\u015fma \u0130zmir B\u00f6lge Adliye Mahkemesi 4. Ceza Dairesi\u2019nde yap\u0131ld\u0131. Heyet, san\u0131k Cemal Metin Avc\u0131\u2019ya yerel mahkemece verilen haks\u0131z tahrik indirimi karar\u0131n\u0131 kald\u0131rd\u0131. 23 y\u0131l hapis cezas\u0131 a\u011f\u0131rla\u015ft\u0131r\u0131lm\u0131\u015f m\u00fcebbet hapse \u00e7evrildi. San\u0131k Avc\u0131\u2019ya, \u2019tasarlayarak ve canavarca hisle eziyet \u00e7ektirerek kasten \u00f6ld\u00fcrme\u2019 su\u00e7undan a\u011f\u0131rla\u015ft\u0131r\u0131lm\u0131\u015f m\u00fcebbet hapis cezas\u0131 verildi. Avc\u0131\u2019n\u0131n karde\u015fi Mertcan Avc\u0131\u2019ya da \u2019su\u00e7 delillerini yok etme, gizleme ve de\u011fi\u015ftirme\u2019 su\u00e7undan 4 y\u0131l hapis cezas\u0131 verilmesi kararla\u015ft\u0131r\u0131ld\u0131.<br \/><\/p>\n","protected":false},"excerpt":{"rendered":"<p>Mu\u011fla\u2019n\u0131n Mente\u015fe il\u00e7esinde 16 Temmuz 2020\u2019de \u00fcniversite \u00f6\u011frencisi P\u0131nar G\u00fcltekin\u2019i \u2019tasarlayarak ve canavarca hisle eziyet \u00e7ektirerek kasten \u00f6ld\u00fcrme\u2019 su\u00e7undan a\u011f\u0131rla\u015ft\u0131r\u0131lm\u0131\u015f m\u00fcebbet hapis cezas\u0131 alan san\u0131k Cemal Metin Avc\u0131 hakk\u0131ndaki karar Yarg\u0131tay 1. Ceza Dairesi taraf\u0131ndan oy \u00e7oklu\u011fu ile bozuldu. Avc\u0131\u2019n\u0131n G\u00fcltekin\u2019i canavarca hisle ve tasarlayarak \u00f6ld\u00fcrmedi\u011fi, kendisine ayn\u0131 zamanda haks\u0131z tahrik indirimi uygulanmas\u0131 gerekti\u011fi gerek\u00e7esiyle&#8230;<\/p>\n","protected":false},"author":1,"featured_media":14535,"comment_status":"open","ping_status":"open","sticky":false,"template":"","format":"standard","meta":{"_crdt_document":"","footnotes":""},"categories":[5],"tags":[],"class_list":["post-14534","post","type-post","status-publish","format-standard","has-post-thumbnail","hentry","category-asayis"],"_links":{"self":[{"href":"https:\/\/www.egemtv.com\/index.php?rest_route=\/wp\/v2\/posts\/14534","targetHints":{"allow":["GET"]}}],"collection":[{"href":"https:\/\/www.egemtv.com\/index.php?rest_route=\/wp\/v2\/posts"}],"about":[{"href":"https:\/\/www.egemtv.com\/index.php?rest_route=\/wp\/v2\/types\/post"}],"author":[{"embeddable":true,"href":"https:\/\/www.egemtv.com\/index.php?rest_route=\/wp\/v2\/users\/1"}],"replies":[{"embeddable":true,"href":"https:\/\/www.egemtv.com\/index.php?rest_route=%2Fwp%2Fv2%2Fcomments&post=14534"}],"version-history":[{"count":1,"href":"https:\/\/www.egemtv.com\/index.php?rest_route=\/wp\/v2\/posts\/14534\/revisions"}],"predecessor-version":[{"id":14536,"href":"https:\/\/www.egemtv.com\/index.php?rest_route=\/wp\/v2\/posts\/14534\/revisions\/14536"}],"wp:featuredmedia":[{"embeddable":true,"href":"https:\/\/www.egemtv.com\/index.php?rest_route=\/wp\/v2\/media\/14535"}],"wp:attachment":[{"href":"https:\/\/www.egemtv.com\/index.php?rest_route=%2Fwp%2Fv2%2Fmedia&parent=14534"}],"wp:term":[{"taxonomy":"category","embeddable":true,"href":"https:\/\/www.egemtv.com\/index.php?rest_route=%2Fwp%2Fv2%2Fcategories&post=14534"},{"taxonomy":"post_tag","embeddable":true,"href":"https:\/\/www.egemtv.com\/index.php?rest_route=%2Fwp%2Fv2%2Ftags&post=14534"}],"curies":[{"name":"wp","href":"https:\/\/api.w.org\/{rel}","templated":true}]}}