{"id":14531,"date":"2025-02-02T11:38:03","date_gmt":"2025-02-02T08:38:03","guid":{"rendered":"https:\/\/www.egemtv.com\/?p=14531"},"modified":"2025-02-02T11:38:10","modified_gmt":"2025-02-02T08:38:10","slug":"izmir-mil-diyanet-senden-lgbt-derneklerinin-kapatilmasi-icin-imza-cagrisi","status":"publish","type":"post","link":"https:\/\/www.egemtv.com\/?p=14531","title":{"rendered":"\u0130zmir Mil-Diyanet Sen\u2019den LGBT derneklerinin kapat\u0131lmas\u0131 i\u00e7in imza \u00e7a\u011fr\u0131s\u0131"},"content":{"rendered":"<p>\u0130zmir\u2019de toplanan Manevi \u0130lkeli Liyakatli Diyanet ve Vak\u0131f \u00c7al\u0131\u015fmalar\u0131 Sendikas\u0131 (Mil-Diyanet Sen) \u00fcyeleri, LGBT derneklerinin kapat\u0131lmas\u0131 i\u00e7in imza kampanyas\u0131 ba\u015flatt\u0131.<br \/>\n<br \/>Mil-Diyanet Sen \u0130zmir \u015eubesi Buca il\u00e7esinde kurduklar\u0131 stantta, LGBT derneklerinin kapat\u0131lmas\u0131 i\u00e7in imza toplad\u0131. Mil-Diyanet Sen \u0130zmir \u0130l Ba\u015fkan\u0131 Bekir Do\u011fan, burada yapt\u0131\u011f\u0131 konu\u015fmada, Cumhurba\u015fkan\u0131 Recep Tayyip Erdo\u011fan\u2019\u0131n LGBT ile m\u00fccadele edeceklerine dair ifadelerine vurgu yapt\u0131. 2025 y\u0131l\u0131n\u0131n \u2018Aile Y\u0131l\u0131\u2019 olarak ilan edildi\u011fini hat\u0131rlatan Do\u011fan, &#8220;Bizler de ailede ve toplumda ya\u015fanan sosyal \u00e7\u00fcr\u00fcme ve ahlaki yozla\u015fmay\u0131 \u00f6nlemeye ili\u015fkin ciddi \u00e7al\u0131\u015fmalar y\u00fcr\u00fcten Mil-Diyanet Sen olarak, Cumhurba\u015fkan\u0131m\u0131za destek olmak i\u00e7in bug\u00fcn bu imza kampanyas\u0131n\u0131 ba\u015flat\u0131yoruz&#8221; dedi.<br \/>\n<br \/>LGBT derneklerinin kapat\u0131lmas\u0131 i\u00e7in m\u00fccadele i\u00e7erisinde olduklar\u0131na de\u011finen Do\u011fan, &#8220;\u0130\u00e7i\u015fleri Bakanl\u0131\u011f\u0131na iki defa dilek\u00e7e vermi\u015ftik. \u0130\u00e7i\u015fleri Bakanl\u0131\u011f\u0131n\u0131 g\u00f6revini yapmaya davet ediyoruz&#8221; diye konu\u015ftu.<br \/>\n<br \/>Rusya ve bir\u00e7ok \u00fclkenin, LGBT derneklerini kapatt\u0131\u011f\u0131n\u0131 ve propaganda yap\u0131lmas\u0131n\u0131n yasakland\u0131\u011f\u0131n\u0131 s\u00f6yleyen Do\u011fan, \u015funlar\u0131 kaydetti:<br \/>\n<br \/>&#8220;ABD Ba\u015fkanl\u0131\u011f\u0131na yeniden se\u00e7ilen Donald Trump da ayn\u0131 \u015fekilde LGBT\u2019ye sava\u015f a\u00e7t\u0131\u011f\u0131n\u0131 ilan etmi\u015ftir. \u00dclkemizde de ailemizi, gen\u00e7li\u011fimizi ve neslimizi ifsat eden sapk\u0131n LGBT derneklerinin kapat\u0131lmas\u0131 \u015fartt\u0131r. Biz de sapk\u0131n yap\u0131yla sonuna kadar m\u00fccadele edecek ve tertemiz neslimizin bozulmas\u0131na izin vermeyece\u011fiz.&#8221;<br \/><\/p>\n","protected":false},"excerpt":{"rendered":"<p>\u0130zmir\u2019de toplanan Manevi \u0130lkeli Liyakatli Diyanet ve Vak\u0131f \u00c7al\u0131\u015fmalar\u0131 Sendikas\u0131 (Mil-Diyanet Sen) \u00fcyeleri, LGBT derneklerinin kapat\u0131lmas\u0131 i\u00e7in imza kampanyas\u0131 ba\u015flatt\u0131. Mil-Diyanet Sen \u0130zmir \u015eubesi Buca il\u00e7esinde kurduklar\u0131 stantta, LGBT derneklerinin kapat\u0131lmas\u0131 i\u00e7in imza toplad\u0131. Mil-Diyanet Sen \u0130zmir \u0130l Ba\u015fkan\u0131 Bekir Do\u011fan, burada yapt\u0131\u011f\u0131 konu\u015fmada, Cumhurba\u015fkan\u0131 Recep Tayyip Erdo\u011fan\u2019\u0131n LGBT ile m\u00fccadele edeceklerine dair ifadelerine vurgu&#8230;<\/p>\n","protected":false},"author":1,"featured_media":14532,"comment_status":"open","ping_status":"open","sticky":false,"template":"","format":"standard","meta":{"_crdt_document":"","footnotes":""},"categories":[1],"tags":[],"class_list":["post-14531","post","type-post","status-publish","format-standard","has-post-thumbnail","hentry","category-guncel"],"_links":{"self":[{"href":"https:\/\/www.egemtv.com\/index.php?rest_route=\/wp\/v2\/posts\/14531","targetHints":{"allow":["GET"]}}],"collection":[{"href":"https:\/\/www.egemtv.com\/index.php?rest_route=\/wp\/v2\/posts"}],"about":[{"href":"https:\/\/www.egemtv.com\/index.php?rest_route=\/wp\/v2\/types\/post"}],"author":[{"embeddable":true,"href":"https:\/\/www.egemtv.com\/index.php?rest_route=\/wp\/v2\/users\/1"}],"replies":[{"embeddable":true,"href":"https:\/\/www.egemtv.com\/index.php?rest_route=%2Fwp%2Fv2%2Fcomments&post=14531"}],"version-history":[{"count":1,"href":"https:\/\/www.egemtv.com\/index.php?rest_route=\/wp\/v2\/posts\/14531\/revisions"}],"predecessor-version":[{"id":14533,"href":"https:\/\/www.egemtv.com\/index.php?rest_route=\/wp\/v2\/posts\/14531\/revisions\/14533"}],"wp:featuredmedia":[{"embeddable":true,"href":"https:\/\/www.egemtv.com\/index.php?rest_route=\/wp\/v2\/media\/14532"}],"wp:attachment":[{"href":"https:\/\/www.egemtv.com\/index.php?rest_route=%2Fwp%2Fv2%2Fmedia&parent=14531"}],"wp:term":[{"taxonomy":"category","embeddable":true,"href":"https:\/\/www.egemtv.com\/index.php?rest_route=%2Fwp%2Fv2%2Fcategories&post=14531"},{"taxonomy":"post_tag","embeddable":true,"href":"https:\/\/www.egemtv.com\/index.php?rest_route=%2Fwp%2Fv2%2Ftags&post=14531"}],"curies":[{"name":"wp","href":"https:\/\/api.w.org\/{rel}","templated":true}]}}