{"id":14522,"date":"2025-02-02T10:42:29","date_gmt":"2025-02-02T07:42:29","guid":{"rendered":"https:\/\/www.egemtv.com\/?p=14522"},"modified":"2025-02-02T10:42:36","modified_gmt":"2025-02-02T07:42:36","slug":"nasil-bir-izmir-serisinde-saglikli-bir-izmirin-sifreleri-arandi","status":"publish","type":"post","link":"https:\/\/www.egemtv.com\/?p=14522","title":{"rendered":"&#8220;Nas\u0131l bir \u0130zmir&#8221; serisinde &#8220;Sa\u011fl\u0131kl\u0131 bir \u0130zmir&#8221;in \u015fifreleri arand\u0131"},"content":{"rendered":"<p>\u0130zmir B\u00fcy\u00fck\u015fehir Belediyesi \u0130zmir Planlama Ajans\u0131 (\u0130ZPA) taraf\u0131ndan \u015fehrin uzun vadeli vizyonunu ve stratejilerini \u015fekillendirmek \u00fczere haz\u0131rlanan \u0130zmir Vizyon 2074 \u00c7er\u00e7eve Belgesi \u00e7al\u0131\u015fmalar\u0131 kapsam\u0131ndaki &#8220;Nas\u0131l Bir \u0130zmir&#8221; serisinin yedinci paneli, &#8220;Sa\u011fl\u0131kl\u0131 Bir \u0130zmir&#8221; ba\u015fl\u0131\u011f\u0131 ile ger\u00e7ekle\u015fti.<br \/>\n<br \/>\u0130zmir B\u00fcy\u00fck\u015fehir Belediyesi \u0130zmir Planlama Ajans\u0131 (\u0130ZPA) taraf\u0131ndan \u015fehrin uzun vadeli vizyonunu ve stratejilerini \u015fekillendirmek \u00fczere haz\u0131rlanan \u0130zmir Vizyon 2074 \u00c7er\u00e7eve Belgesi i\u00e7in &#8220;Nas\u0131l Bir \u0130zmir&#8221; panel serisi devam ediyor. Toplam sekiz panel ve sekiz at\u00f6lye \u00e7al\u0131\u015fmas\u0131ndan olu\u015fan ve Do\u00e7. Dr. Murad Tiryakio\u011flu moderat\u00f6rl\u00fc\u011f\u00fcnde d\u00fczenlenen &#8220;Nas\u0131l Bir \u0130zmir&#8221; serisinin yedinci paneli \u0130zQ \u0130novasyon Merkezi\u2019nde ger\u00e7ekle\u015fti.<br \/>\n<br \/>&#8220;Sa\u011fl\u0131kl\u0131 Bir \u0130zmir&#8221; ba\u015fl\u0131kl\u0131 panelin ilk konu\u015fmac\u0131s\u0131 olan Veteriner Hekim Adnan Serpen, \u2018tek sa\u011fl\u0131k\u2019 yakla\u015f\u0131m\u0131n\u0131n k\u00f6kenleri ve bu yakla\u015f\u0131m\u0131n \u00f6nemi \u00fczerinde durdu. \u2018Tek Sa\u011fl\u0131k\u2019 yakla\u015f\u0131m\u0131n\u0131n insan, hayvan ve \u00e7evre sa\u011fl\u0131\u011f\u0131na ili\u015fkin sorunlar\u0131n \u00e7\u00f6z\u00fcm\u00fc do\u011frultusunda benzersiz bir i\u015f birli\u011fi imk\u00e2n\u0131 sundu\u011funu ifade eden Serpen, &#8220;Ekosistem sa\u011fl\u0131\u011f\u0131n\u0131n bozulmas\u0131, yerelden globale \u00e7oklu krizleri tetikliyor. K\u00fcresel, \u00fclkesel ve kentsel \u00f6l\u00e7ekte sorunlar giderilmeli. Tek sa\u011fl\u0131k yakla\u015f\u0131m\u0131 kapsam\u0131nda tar\u0131m alanlar\u0131n\u0131n ve sulak alanlar\u0131n, ye\u015fil alanlar\u0131n korunmas\u0131 b\u00fcy\u00fck \u00f6nem ta\u015f\u0131yor. \u0130n\u015faat sekt\u00f6r\u00fc \u00fczerinden b\u00fcy\u00fcyen rant\u0131 durdurmak, bu alan\u0131 d\u00fczenlemek gerekiyor&#8221; diye konu\u015ftu.<\/p>\n<p>&#8220;Kentlerde sessiz alanlar olu\u015fturulmal\u0131&#8221;<br \/>\n<br \/>Serpen\u2019in ard\u0131ndan s\u00f6z alan Uzman Doktor Mine Durusu Tanr\u0131\u00f6ver ise, iklim krizi ve hava kalitesindeki d\u00fc\u015f\u00fc\u015f\u00fcn en \u00e7ok bebekler, gebeler, ya\u015fl\u0131lar, kronik hastal\u0131klar\u0131 olanlar, d\u0131\u015f ortamda \u00e7al\u0131\u015fan i\u015f\u00e7iler gibi kesimleri etkiledi\u011fini belirterek, s\u00f6zlerini \u015f\u00f6yle s\u00fcrd\u00fcrd\u00fc:<br \/>\n<br \/>&#8220;Hava kirlili\u011fi her y\u0131l 7 milyondan fazla insan\u0131n \u00f6l\u00fcm\u00fcne sebep oluyor. Hava kalitesini, fosil yak\u0131tlar\u0131 azaltarak, \u00f6l\u00e7me ve izleme yaparak, ye\u015fil dokuyu \u00e7o\u011faltarak art\u0131rabiliriz. Hava kalitesinden sonra kentsel anlamda insan sa\u011fl\u0131\u011f\u0131n\u0131 etkileyen ikinci fakt\u00f6r ise g\u00fcr\u00fclt\u00fc. G\u00fcr\u00fclt\u00fc; stres, uyku bozuklu\u011fu, \u00e7ocuklarda hiperaktivite, dikkat eksikli\u011fi gibi bir\u00e7ok soruna sebep oluyor. Buna kar\u015f\u0131 \u00f6nlem olarak kentin g\u00fcr\u00fclt\u00fc haritas\u0131 \u00e7\u0131kar\u0131lmal\u0131, sessiz alanlar olu\u015fturulmal\u0131.<br \/>\n<br \/>Ya\u015fam i\u00e7in bir di\u011fer tehdit ise s\u0131cakl\u0131k art\u0131\u015f\u0131. Buna neden olan fakt\u00f6rlerin ba\u015fta gelenleri ise k\u00fcresel \u0131s\u0131nma, kentsel \u0131s\u0131 adas\u0131 etkisi, \u0131s\u0131 emen bina ve y\u00fczey kaplamalar\u0131, ye\u015fil alan yoklu\u011fu, \u0131s\u0131 olu\u015fturan insan faaliyetleri, kentin tasar\u0131m\u0131nda do\u011fal so\u011futma y\u00f6ntemlerinin g\u00f6z ard\u0131 edilmesi.<br \/>\n<br \/>T\u00fcm bu tehditlere kar\u015f\u0131 toprak ile ba\u011flar g\u00fc\u00e7lendirilmeli, \u00f6rne\u011fin kent bostanlar\u0131 olu\u015fturulmal\u0131. G\u0131da sistemleri d\u00f6n\u00fc\u015ft\u00fcr\u00fclmeli. \u0130klim-ak\u0131ll\u0131 kentler olu\u015fturulmal\u0131.&#8221;<\/p>\n<p>&#8220;\u0130klim de\u011fi\u015fikli\u011fi ruhsal sorunlar\u0131 tetikliyor&#8221;<br \/>\n<br \/>Panelin son konu\u015fmac\u0131s\u0131 olan Psikiyatrist Dr. Mevhibe T\u00fcm\u00fckl\u00fc, kent ya\u015fam\u0131ndan kaynaklanan sorunlar\u0131n ruh sa\u011fl\u0131\u011f\u0131 \u00fczerindeki etkilerine ili\u015fkin bir sunum ger\u00e7ekle\u015ftirdi. T\u00fcm\u00fckl\u00fc, kentlerde ya\u015fanan afetlerin travma sonras\u0131 stres bozuklu\u011funu tetikledi\u011fini, iklim de\u011fi\u015fikli\u011fi gibi olgular\u0131n anksiyete bozuklu\u011fu ba\u015fta olmak \u00fczere \u00e7e\u015fitli ruhsal sorunlara sebep oldu\u011funu dile getirdi. T\u00fcm\u00fckl\u00fc ekolojik dengenin bozulmas\u0131ndan kaynakl\u0131 anksiyeteyi, yani eko-anksiyeteyi azaltmak i\u00e7in ye\u015fil, aktif, sosyal ve g\u00fcvenli alanlar\u0131n\u0131n art\u0131r\u0131lmas\u0131,  fiziksel hareket, g\u00fcnl\u00fck d\u00fczenli y\u00fcr\u00fcy\u00fc\u015f gibi aktivitelerin yap\u0131labilmesi i\u00e7in kentlerde y\u00fcr\u00fcy\u00fc\u015f yollar\u0131n\u0131n olmas\u0131n\u0131, sosyal alanlar\u0131n art\u0131r\u0131lmas\u0131n\u0131, grup etkinlikleri, mahalle \u00f6rg\u00fctlenmeleri ve sivil toplum kurulu\u015flar\u0131n\u0131n desteklenmesi gerekti\u011fini aktard\u0131.<br \/><\/p>\n","protected":false},"excerpt":{"rendered":"<p>\u0130zmir B\u00fcy\u00fck\u015fehir Belediyesi \u0130zmir Planlama Ajans\u0131 (\u0130ZPA) taraf\u0131ndan \u015fehrin uzun vadeli vizyonunu ve stratejilerini \u015fekillendirmek \u00fczere haz\u0131rlanan \u0130zmir Vizyon 2074 \u00c7er\u00e7eve Belgesi \u00e7al\u0131\u015fmalar\u0131 kapsam\u0131ndaki &#8220;Nas\u0131l Bir \u0130zmir&#8221; serisinin yedinci paneli, &#8220;Sa\u011fl\u0131kl\u0131 Bir \u0130zmir&#8221; ba\u015fl\u0131\u011f\u0131 ile ger\u00e7ekle\u015fti. \u0130zmir B\u00fcy\u00fck\u015fehir Belediyesi \u0130zmir Planlama Ajans\u0131 (\u0130ZPA) taraf\u0131ndan \u015fehrin uzun vadeli vizyonunu ve stratejilerini \u015fekillendirmek \u00fczere haz\u0131rlanan \u0130zmir Vizyon&#8230;<\/p>\n","protected":false},"author":1,"featured_media":14523,"comment_status":"open","ping_status":"open","sticky":false,"template":"","format":"standard","meta":{"_crdt_document":"","footnotes":""},"categories":[1],"tags":[],"class_list":["post-14522","post","type-post","status-publish","format-standard","has-post-thumbnail","hentry","category-guncel"],"_links":{"self":[{"href":"https:\/\/www.egemtv.com\/index.php?rest_route=\/wp\/v2\/posts\/14522","targetHints":{"allow":["GET"]}}],"collection":[{"href":"https:\/\/www.egemtv.com\/index.php?rest_route=\/wp\/v2\/posts"}],"about":[{"href":"https:\/\/www.egemtv.com\/index.php?rest_route=\/wp\/v2\/types\/post"}],"author":[{"embeddable":true,"href":"https:\/\/www.egemtv.com\/index.php?rest_route=\/wp\/v2\/users\/1"}],"replies":[{"embeddable":true,"href":"https:\/\/www.egemtv.com\/index.php?rest_route=%2Fwp%2Fv2%2Fcomments&post=14522"}],"version-history":[{"count":1,"href":"https:\/\/www.egemtv.com\/index.php?rest_route=\/wp\/v2\/posts\/14522\/revisions"}],"predecessor-version":[{"id":14524,"href":"https:\/\/www.egemtv.com\/index.php?rest_route=\/wp\/v2\/posts\/14522\/revisions\/14524"}],"wp:featuredmedia":[{"embeddable":true,"href":"https:\/\/www.egemtv.com\/index.php?rest_route=\/wp\/v2\/media\/14523"}],"wp:attachment":[{"href":"https:\/\/www.egemtv.com\/index.php?rest_route=%2Fwp%2Fv2%2Fmedia&parent=14522"}],"wp:term":[{"taxonomy":"category","embeddable":true,"href":"https:\/\/www.egemtv.com\/index.php?rest_route=%2Fwp%2Fv2%2Fcategories&post=14522"},{"taxonomy":"post_tag","embeddable":true,"href":"https:\/\/www.egemtv.com\/index.php?rest_route=%2Fwp%2Fv2%2Ftags&post=14522"}],"curies":[{"name":"wp","href":"https:\/\/api.w.org\/{rel}","templated":true}]}}