{"id":14468,"date":"2025-02-01T18:55:44","date_gmt":"2025-02-01T15:55:44","guid":{"rendered":"https:\/\/www.egemtv.com\/?p=14468"},"modified":"2025-02-01T18:55:48","modified_gmt":"2025-02-01T15:55:48","slug":"kutahyada-kestigi-agacin-altinda-kalan-isci-hayatini-kaybetti","status":"publish","type":"post","link":"https:\/\/www.egemtv.com\/?p=14468","title":{"rendered":"K\u00fctahya\u2019da kesti\u011fi a\u011fac\u0131n alt\u0131nda kalan i\u015f\u00e7i hayat\u0131n\u0131 kaybetti"},"content":{"rendered":"<p>K\u00fctahya\u2019n\u0131n Hisarc\u0131k il\u00e7esinde ormanda a\u011fa\u00e7 kesimi yapan i\u015f\u00e7i, kesti\u011fi a\u011fac\u0131n \u00fczerine devrilmesi sonucu ya\u015fam\u0131n\u0131 yitirdi.<br \/>\n<br \/>Edinilen bilgiye g\u00f6re, il\u00e7eye ba\u011fl\u0131 Tokat k\u00f6y\u00fc K\u00f6yba\u015f\u0131 mevkiindeki ormanl\u0131k alanda a\u011fa\u00e7 kesimi yapan Salih Kalmaz\u2019\u0131n (59) \u00fczerine kesti\u011fi \u00e7am a\u011fac\u0131 devrildi. \u0130hbar \u00fczerine b\u00f6lgeye sa\u011fl\u0131k, itfaiye ve jandarma ekipleri sevk edildi. Sa\u011fl\u0131k ekipleri, yapt\u0131klar\u0131 incelemede Kalmaz\u2019\u0131n ya\u015fam\u0131n\u0131 yitirdi\u011fini belirledi. Cenaze, olay yerindeki incelemelerin ard\u0131ndan Hisarc\u0131k Devlet Hastanesi morguna g\u00f6t\u00fcr\u00fcld\u00fc.<br \/>\n<br \/>Olayla ilgili soru\u015fturma ba\u015flat\u0131ld\u0131.<br \/><\/p>\n","protected":false},"excerpt":{"rendered":"<p>K\u00fctahya\u2019n\u0131n Hisarc\u0131k il\u00e7esinde ormanda a\u011fa\u00e7 kesimi yapan i\u015f\u00e7i, kesti\u011fi a\u011fac\u0131n \u00fczerine devrilmesi sonucu ya\u015fam\u0131n\u0131 yitirdi. Edinilen bilgiye g\u00f6re, il\u00e7eye ba\u011fl\u0131 Tokat k\u00f6y\u00fc K\u00f6yba\u015f\u0131 mevkiindeki ormanl\u0131k alanda a\u011fa\u00e7 kesimi yapan Salih Kalmaz\u2019\u0131n (59) \u00fczerine kesti\u011fi \u00e7am a\u011fac\u0131 devrildi. \u0130hbar \u00fczerine b\u00f6lgeye sa\u011fl\u0131k, itfaiye ve jandarma ekipleri sevk edildi. Sa\u011fl\u0131k ekipleri, yapt\u0131klar\u0131 incelemede Kalmaz\u2019\u0131n ya\u015fam\u0131n\u0131 yitirdi\u011fini belirledi&#8230;.<\/p>\n","protected":false},"author":1,"featured_media":14469,"comment_status":"open","ping_status":"open","sticky":false,"template":"","format":"standard","meta":{"_crdt_document":"","footnotes":""},"categories":[5],"tags":[],"class_list":["post-14468","post","type-post","status-publish","format-standard","has-post-thumbnail","hentry","category-asayis"],"_links":{"self":[{"href":"https:\/\/www.egemtv.com\/index.php?rest_route=\/wp\/v2\/posts\/14468","targetHints":{"allow":["GET"]}}],"collection":[{"href":"https:\/\/www.egemtv.com\/index.php?rest_route=\/wp\/v2\/posts"}],"about":[{"href":"https:\/\/www.egemtv.com\/index.php?rest_route=\/wp\/v2\/types\/post"}],"author":[{"embeddable":true,"href":"https:\/\/www.egemtv.com\/index.php?rest_route=\/wp\/v2\/users\/1"}],"replies":[{"embeddable":true,"href":"https:\/\/www.egemtv.com\/index.php?rest_route=%2Fwp%2Fv2%2Fcomments&post=14468"}],"version-history":[{"count":1,"href":"https:\/\/www.egemtv.com\/index.php?rest_route=\/wp\/v2\/posts\/14468\/revisions"}],"predecessor-version":[{"id":14470,"href":"https:\/\/www.egemtv.com\/index.php?rest_route=\/wp\/v2\/posts\/14468\/revisions\/14470"}],"wp:featuredmedia":[{"embeddable":true,"href":"https:\/\/www.egemtv.com\/index.php?rest_route=\/wp\/v2\/media\/14469"}],"wp:attachment":[{"href":"https:\/\/www.egemtv.com\/index.php?rest_route=%2Fwp%2Fv2%2Fmedia&parent=14468"}],"wp:term":[{"taxonomy":"category","embeddable":true,"href":"https:\/\/www.egemtv.com\/index.php?rest_route=%2Fwp%2Fv2%2Fcategories&post=14468"},{"taxonomy":"post_tag","embeddable":true,"href":"https:\/\/www.egemtv.com\/index.php?rest_route=%2Fwp%2Fv2%2Ftags&post=14468"}],"curies":[{"name":"wp","href":"https:\/\/api.w.org\/{rel}","templated":true}]}}