{"id":14465,"date":"2025-02-01T18:09:29","date_gmt":"2025-02-01T15:09:29","guid":{"rendered":"https:\/\/www.egemtv.com\/?p=14465"},"modified":"2025-02-01T18:09:34","modified_gmt":"2025-02-01T15:09:34","slug":"aydinda-2024-2025-egitim-ogretim-yili-2-donem-icin-hazirlik-toplantisi-yapildi","status":"publish","type":"post","link":"https:\/\/www.egemtv.com\/?p=14465","title":{"rendered":"Ayd\u0131n\u2019da 2024-2025 E\u011fitim \u00d6\u011fretim Y\u0131l\u0131 2. d\u00f6nem i\u00e7in haz\u0131rl\u0131k toplant\u0131s\u0131 yap\u0131ld\u0131"},"content":{"rendered":"<p>Ayd\u0131n\u2019da \u0130l Milli E\u011fitim M\u00fcd\u00fcrl\u00fc\u011f\u00fc taraf\u0131ndan ger\u00e7ekle\u015ftirilen toplant\u0131da 2024-2025 E\u011fitim \u00d6\u011fretim Y\u0131l\u0131 2. d\u00f6nem i\u00e7in e\u011fitimde kaliteyi art\u0131rmaya y\u00f6nelik kapsaml\u0131 planlamalar yap\u0131ld\u0131.<\/p>\n<p>Ayd\u0131n \u0130l Milli E\u011fitim M\u00fcd\u00fcrl\u00fc\u011f\u00fc ba\u015fkanl\u0131\u011f\u0131nda il ve il\u00e7e milli e\u011fitim m\u00fcd\u00fcrl\u00fcklerinin y\u00f6neticileriyle, 2024-2025 e\u011fitim \u00f6\u011fretim y\u0131l\u0131n\u0131n ikinci d\u00f6nemi i\u00e7in kapsaml\u0131 bir haz\u0131rl\u0131k toplant\u0131s\u0131 ger\u00e7ekle\u015ftirildi. Toplant\u0131da, e\u011fitimde kaliteyi art\u0131rma hedefiyle yap\u0131lan planlamalar ve yeni d\u00f6nemde at\u0131lacak ad\u0131mlar g\u00f6r\u00fc\u015f\u00fcld\u00fc. \u0130l genelindeki e\u011fitim sisteminin daha verimli ve etkili hale gelmesi amac\u0131yla ger\u00e7ekle\u015ftirilen toplant\u0131da, \u00f6\u011fretim y\u00f6ntemleri, \u00f6\u011frenci ba\u015far\u0131lar\u0131n\u0131 art\u0131rmaya y\u00f6nelik projeler ve e\u011fitim altyap\u0131s\u0131n\u0131n g\u00fc\u00e7lendirilmesi gibi konular ele al\u0131nd\u0131.<br \/><\/p>\n","protected":false},"excerpt":{"rendered":"<p>Ayd\u0131n\u2019da \u0130l Milli E\u011fitim M\u00fcd\u00fcrl\u00fc\u011f\u00fc taraf\u0131ndan ger\u00e7ekle\u015ftirilen toplant\u0131da 2024-2025 E\u011fitim \u00d6\u011fretim Y\u0131l\u0131 2. d\u00f6nem i\u00e7in e\u011fitimde kaliteyi art\u0131rmaya y\u00f6nelik kapsaml\u0131 planlamalar yap\u0131ld\u0131. Ayd\u0131n \u0130l Milli E\u011fitim M\u00fcd\u00fcrl\u00fc\u011f\u00fc ba\u015fkanl\u0131\u011f\u0131nda il ve il\u00e7e milli e\u011fitim m\u00fcd\u00fcrl\u00fcklerinin y\u00f6neticileriyle, 2024-2025 e\u011fitim \u00f6\u011fretim y\u0131l\u0131n\u0131n ikinci d\u00f6nemi i\u00e7in kapsaml\u0131 bir haz\u0131rl\u0131k toplant\u0131s\u0131 ger\u00e7ekle\u015ftirildi. Toplant\u0131da, e\u011fitimde kaliteyi art\u0131rma hedefiyle yap\u0131lan planlamalar ve&#8230;<\/p>\n","protected":false},"author":1,"featured_media":14466,"comment_status":"open","ping_status":"open","sticky":false,"template":"","format":"standard","meta":{"_crdt_document":"","footnotes":""},"categories":[1],"tags":[],"class_list":["post-14465","post","type-post","status-publish","format-standard","has-post-thumbnail","hentry","category-guncel"],"_links":{"self":[{"href":"https:\/\/www.egemtv.com\/index.php?rest_route=\/wp\/v2\/posts\/14465","targetHints":{"allow":["GET"]}}],"collection":[{"href":"https:\/\/www.egemtv.com\/index.php?rest_route=\/wp\/v2\/posts"}],"about":[{"href":"https:\/\/www.egemtv.com\/index.php?rest_route=\/wp\/v2\/types\/post"}],"author":[{"embeddable":true,"href":"https:\/\/www.egemtv.com\/index.php?rest_route=\/wp\/v2\/users\/1"}],"replies":[{"embeddable":true,"href":"https:\/\/www.egemtv.com\/index.php?rest_route=%2Fwp%2Fv2%2Fcomments&post=14465"}],"version-history":[{"count":1,"href":"https:\/\/www.egemtv.com\/index.php?rest_route=\/wp\/v2\/posts\/14465\/revisions"}],"predecessor-version":[{"id":14467,"href":"https:\/\/www.egemtv.com\/index.php?rest_route=\/wp\/v2\/posts\/14465\/revisions\/14467"}],"wp:featuredmedia":[{"embeddable":true,"href":"https:\/\/www.egemtv.com\/index.php?rest_route=\/wp\/v2\/media\/14466"}],"wp:attachment":[{"href":"https:\/\/www.egemtv.com\/index.php?rest_route=%2Fwp%2Fv2%2Fmedia&parent=14465"}],"wp:term":[{"taxonomy":"category","embeddable":true,"href":"https:\/\/www.egemtv.com\/index.php?rest_route=%2Fwp%2Fv2%2Fcategories&post=14465"},{"taxonomy":"post_tag","embeddable":true,"href":"https:\/\/www.egemtv.com\/index.php?rest_route=%2Fwp%2Fv2%2Ftags&post=14465"}],"curies":[{"name":"wp","href":"https:\/\/api.w.org\/{rel}","templated":true}]}}