{"id":14462,"date":"2025-02-01T17:31:10","date_gmt":"2025-02-01T14:31:10","guid":{"rendered":"https:\/\/www.egemtv.com\/?p=14462"},"modified":"2025-02-01T17:31:14","modified_gmt":"2025-02-01T14:31:14","slug":"tavsanlida-otomobilin-carptigi-kadin-hayatini-kaybetti","status":"publish","type":"post","link":"https:\/\/www.egemtv.com\/?p=14462","title":{"rendered":"Tav\u015fanl\u0131\u2019da otomobilin \u00e7arpt\u0131\u011f\u0131 kad\u0131n hayat\u0131n\u0131 kaybetti"},"content":{"rendered":"<p>K\u00fctahya\u2019n\u0131n Tav\u015fanl\u0131 il\u00e7esi Harmanc\u0131k karayolunda yolun kar\u015f\u0131s\u0131na ge\u00e7meye \u00e7al\u0131\u015f\u0131rken otomobilin \u00e7arpt\u0131\u011f\u0131 kad\u0131n hayat\u0131n\u0131 kaybetti.<br \/>\n<br \/>Edinilen bilgiye g\u00f6re, Harmanc\u0131k Tav\u015fanl\u0131 karayolu Ball\u0131saray k\u00f6y\u00fc yak\u0131nlar\u0131nda gece saatlerinde s\u00fcr\u00fcc\u00fcs\u00fc ve plaka bilgisi hen\u00fcz tespit edilemeyen hafif ticari ara\u00e7 yolun kar\u015f\u0131s\u0131na ge\u00e7meye \u00e7al\u0131\u015fan \u015eefika \u015eeng\u00fcl\u2019e \u00e7arpt\u0131. \u0130hbar \u00fczerine kaza yerine g\u00fcvenlik g\u00fc\u00e7leri ve sa\u011fl\u0131k ekipleri sevk edildi. Sa\u011fl\u0131k ekipleri kazada \u00e7arpan\u0131n etkisiyle yola savrulan \u015eeng\u00fcl\u2019\u00fcn hayat\u0131n\u0131 kaybetti\u011fini belirledi.<br \/>\n<br \/>1 \u00e7ocuk annesi \u015eefika \u015eeng\u00fcl\u2019\u00fcn cenazesi \u00f6\u011fle namaz\u0131n\u0131 m\u00fcteakip k\u0131l\u0131nan cenaze namaz\u0131n\u0131n ard\u0131ndan Tav\u015fanl\u0131\u2019da topra\u011fa verildi.<br \/>\n<br \/>Kaza ile ilgili soru\u015fturma devam ediyor.<br \/><\/p>\n","protected":false},"excerpt":{"rendered":"<p>K\u00fctahya\u2019n\u0131n Tav\u015fanl\u0131 il\u00e7esi Harmanc\u0131k karayolunda yolun kar\u015f\u0131s\u0131na ge\u00e7meye \u00e7al\u0131\u015f\u0131rken otomobilin \u00e7arpt\u0131\u011f\u0131 kad\u0131n hayat\u0131n\u0131 kaybetti. Edinilen bilgiye g\u00f6re, Harmanc\u0131k Tav\u015fanl\u0131 karayolu Ball\u0131saray k\u00f6y\u00fc yak\u0131nlar\u0131nda gece saatlerinde s\u00fcr\u00fcc\u00fcs\u00fc ve plaka bilgisi hen\u00fcz tespit edilemeyen hafif ticari ara\u00e7 yolun kar\u015f\u0131s\u0131na ge\u00e7meye \u00e7al\u0131\u015fan \u015eefika \u015eeng\u00fcl\u2019e \u00e7arpt\u0131. \u0130hbar \u00fczerine kaza yerine g\u00fcvenlik g\u00fc\u00e7leri ve sa\u011fl\u0131k ekipleri sevk edildi. Sa\u011fl\u0131k ekipleri&#8230;<\/p>\n","protected":false},"author":1,"featured_media":14463,"comment_status":"open","ping_status":"open","sticky":false,"template":"","format":"standard","meta":{"_crdt_document":"","footnotes":""},"categories":[5],"tags":[],"class_list":["post-14462","post","type-post","status-publish","format-standard","has-post-thumbnail","hentry","category-asayis"],"_links":{"self":[{"href":"https:\/\/www.egemtv.com\/index.php?rest_route=\/wp\/v2\/posts\/14462","targetHints":{"allow":["GET"]}}],"collection":[{"href":"https:\/\/www.egemtv.com\/index.php?rest_route=\/wp\/v2\/posts"}],"about":[{"href":"https:\/\/www.egemtv.com\/index.php?rest_route=\/wp\/v2\/types\/post"}],"author":[{"embeddable":true,"href":"https:\/\/www.egemtv.com\/index.php?rest_route=\/wp\/v2\/users\/1"}],"replies":[{"embeddable":true,"href":"https:\/\/www.egemtv.com\/index.php?rest_route=%2Fwp%2Fv2%2Fcomments&post=14462"}],"version-history":[{"count":1,"href":"https:\/\/www.egemtv.com\/index.php?rest_route=\/wp\/v2\/posts\/14462\/revisions"}],"predecessor-version":[{"id":14464,"href":"https:\/\/www.egemtv.com\/index.php?rest_route=\/wp\/v2\/posts\/14462\/revisions\/14464"}],"wp:featuredmedia":[{"embeddable":true,"href":"https:\/\/www.egemtv.com\/index.php?rest_route=\/wp\/v2\/media\/14463"}],"wp:attachment":[{"href":"https:\/\/www.egemtv.com\/index.php?rest_route=%2Fwp%2Fv2%2Fmedia&parent=14462"}],"wp:term":[{"taxonomy":"category","embeddable":true,"href":"https:\/\/www.egemtv.com\/index.php?rest_route=%2Fwp%2Fv2%2Fcategories&post=14462"},{"taxonomy":"post_tag","embeddable":true,"href":"https:\/\/www.egemtv.com\/index.php?rest_route=%2Fwp%2Fv2%2Ftags&post=14462"}],"curies":[{"name":"wp","href":"https:\/\/api.w.org\/{rel}","templated":true}]}}