{"id":14459,"date":"2025-02-01T17:22:57","date_gmt":"2025-02-01T14:22:57","guid":{"rendered":"https:\/\/www.egemtv.com\/?p=14459"},"modified":"2025-02-01T17:23:03","modified_gmt":"2025-02-01T14:23:03","slug":"cumhurbaskani-erdogan-muhalefet-bos-gundemlerle-mesgul","status":"publish","type":"post","link":"https:\/\/www.egemtv.com\/?p=14459","title":{"rendered":"Cumhurba\u015fkan\u0131 Erdo\u011fan: &#8220;Muhalefet bo\u015f g\u00fcndemlerle me\u015fgul&#8221;"},"content":{"rendered":"<p>AK Parti Manisa 8. Ola\u011fan \u0130l Kongresine kat\u0131lan Cumhurba\u015fkan\u0131 ve AK Parti Genel Ba\u015fkan\u0131 Recep Tayyip Erdo\u011fan, &#8220;B\u00f6lgemizde bunca gerilim, \u00e7at\u0131\u015fma, sava\u015f ya\u015fan\u0131rken, co\u011frafyam\u0131z yeni krizlere yeni istikrars\u0131zl\u0131klara gebeyken, biz bo\u015f i\u015flerle bo\u015f g\u00fcndemlerle kendimizi me\u015fgul edemeyiz. Hedeflerimize ula\u015fmak i\u00e7in daha \u00e7ok \u00e7al\u0131\u015fmam\u0131z gerekiyor. T\u00fcrkiye Y\u00fczy\u0131l\u0131n\u0131 in\u015fa etmek i\u00e7i daha \u00e7ok ter d\u00f6kmeliyiz&#8221; dedi.<br \/>\n<br \/>Cumhurba\u015fkan\u0131 ve AK Parti Genel Ba\u015fkan\u0131 Recep Tayyip Erdo\u011fan partisinin Manisa 8. Ola\u011fan \u0130l Kongresine kat\u0131ld\u0131. Yunusemre il\u00e7esindeki Muradiye Spor Salonunda ger\u00e7ekle\u015ftirilen kongreye partililer yo\u011fun ilgi g\u00f6sterdi. Kongrede mevcut Manisa \u0130l Ba\u015fkan\u0131 Salih H\u0131zl\u0131 yerine 22. D\u00f6nem AK Parti Manisa Milletvekili S\u00fcleyman Turgut Ba\u015fkanl\u0131\u011f\u0131nda tek listeyle se\u00e7ime gidildi.<br \/>\n<br \/>Kongreye kat\u0131lan Cumhurba\u015fkan\u0131 ve AK Parti Genel Ba\u015fkan\u0131 Recep Tayyip Erdo\u011fan, &#8220;Biraz \u00f6nce \u0130zmir\u2019in misafiri olduk. 12 Ekim\u2019de ba\u015flayan kongre s\u00fcrecimizde Manisa\u2019yla birlikte 78 kongremizi ger\u00e7ekle\u015ftirmi\u015f oluyoruz. \u00d6n\u00fcm\u00fczdeki cuma g\u00fcn\u00fc \u0130stanbul, Artvin ve Yalova il kongrelerimiz var. Arada 5 \u015eubat\u2019ta Kad\u0131n Kollar\u0131m\u0131z\u0131n yedinci ola\u011fan kongresinde \u00fclkemizin d\u00f6rt bir yan\u0131ndan han\u0131m karde\u015flerimizle Ankara\u2019da bulu\u015faca\u011f\u0131z. 23 \u015eubat\u2019ta Allah nasip ederse b\u00fcy\u00fck kongremiz ile yapmak suretiyle kongre maratonumuzu aln\u0131m\u0131z\u0131n ak\u0131yla tamamlayaca\u011f\u0131z il ve il\u00e7e kongrelerimizi hamdolsun. Tam bir bayram havas\u0131nda karde\u015flik atmosferi i\u00e7inde \u00e7ok b\u00fcy\u00fck bir kat\u0131l\u0131mla ger\u00e7ekle\u015ftirdik. \u0130\u015fte bug\u00fcn bu salonda g\u00f6rd\u00fc\u011f\u00fcn\u00fcz heyecan\u0131, co\u015fkuyu, \u00fclkemizin her yan\u0131nda g\u00f6rd\u00fck. Kongrelerimiz vesilesiyle milletimizle kucakla\u015ft\u0131k. Karde\u015fli\u011fimizi yeniledik, dostlu\u011fumuzu peki\u015ftirdik. And\u0131m\u0131z\u0131 tekrarlad\u0131k. Yol ve dava arkada\u015fl\u0131\u011f\u0131m\u0131z\u0131 g\u00fc\u00e7lendirdik. Emektarlar\u0131m\u0131z\u0131n tecr\u00fcbesiyle gen\u00e7lerimizin dinamizmini harmanlad\u0131k. Biz de h\u00fck\u00fcmet \u00e7al\u0131\u015fmalar\u0131n\u0131n yo\u011funlu\u011funa ra\u011fmen il kongrelerimizin bir\u00e7o\u011funa bizzat i\u015ftirak ettik. Bu s\u00fcre\u00e7te bir kez daha g\u00f6rd\u00fck ki sadece 11 milyonu a\u015fan \u00fcye say\u0131m\u0131z ile de\u011fil, millete hizmet a\u015fk\u0131yla partimiz t\u00fcm mensuplar\u0131yla zirvede. AK Parti ve Cumhur \u0130ttifak\u0131 olarak 85 milyonun tamam\u0131n\u0131 kucaklayan, her bir ferdini ve rengini temsil eden ku\u015fat\u0131c\u0131 bir yap\u0131ya sahibiz. \u0130n\u015fallah bu vasf\u0131m\u0131z\u0131 g\u00fc\u00e7lendirerek devam edece\u011fiz. Y\u0131k\u0131c\u0131 ve d\u0131\u015flay\u0131c\u0131 olmayacak bug\u00fcne kadar oldu\u011fu gibi yap\u0131c\u0131 olaca\u011f\u0131z. 85 milyonun aras\u0131nda g\u00f6n\u00fcl k\u00f6pr\u00fcleri in\u015fa edece\u011fiz&#8221; dedi.<\/p>\n<p>&#8220;Bo\u015f g\u00fcndemlerle kendimizi me\u015fgul edemeyiz&#8221;<br \/>\n<br \/>Konu\u015fmas\u0131nda ana muhalefet partisi ba\u015fta olmak \u00fczere muhalefet partilerini ele\u015ftiren Erdo\u011fan, &#8220;B\u00f6lgemizde bunca gerilim, \u00e7at\u0131\u015fma, sava\u015f ya\u015fan\u0131rken, co\u011frafyam\u0131z yeni krizlere yeni istikrars\u0131zl\u0131klara gebeyken, 2. D\u00fcnya sava\u015f\u0131 sonras\u0131 kurulan sistem yeni ba\u015ftan \u015fekillenirken, has\u0131l\u0131 \u00fclkemizi ve gelece\u011fimizi do\u011frudan etkileyen kritik geli\u015fmeler vuku bulurken biz bo\u015f i\u015flerle bo\u015f g\u00fcndemlerle kendimizi me\u015fgul edemeyiz. Hedeflerimize ula\u015fmak i\u00e7in daha \u00e7ok \u00e7al\u0131\u015fmam\u0131z gerekiyor. T\u00fcrkiye Y\u00fczy\u0131l\u0131n\u0131 in\u015fa etmek i\u00e7i daha \u00e7ok ter d\u00f6kmeliyiz. Evlatlar\u0131m\u0131za daha m\u00fcreffeh, g\u00fc\u00e7l\u00fc ve itibarl\u0131 bir \u00fclke b\u0131rakmak istiyorsak, t\u00fcm kapasitemizi kullanmal\u0131, gereksiz tart\u0131\u015fmalarla vakit kaybetmemeli, bir saniyemizi bile bo\u015fa harcamamal\u0131y\u0131z&#8221; dedi.<\/p>\n<p>&#8220;Muhalefeti utanarak izliyoruz&#8221;<br \/>\n<br \/>&#8220;Muhalefetin i\u015f bilmezli\u011fi bizim referans\u0131m\u0131z olamaz&#8221; diyen Erdo\u011fan, &#8220;Muhalefetin tembelli\u011fi bizim bahanemiz olamaz, muhalefetin beceriksizli\u011fine bakarak rehavete kap\u0131lamay\u0131z. Onlar\u0131n sorun \u00e7\u00f6zmek milletin dertlerine derman olmak gibi bir kayg\u0131lar\u0131n\u0131n olmad\u0131\u011f\u0131n\u0131n hepimiz zaten fark\u0131nday\u0131z. B\u0131rak\u0131n d\u00fcnyay\u0131 \u00fclkemizde ne oldu\u011funu bile takip etmiyorlar. Gazze\u2019de 471 g\u00fcn sonra ate\u015fkes sa\u011flanm\u0131\u015f, Suriye\u2019de 13,5 y\u0131l s\u00fcren zul\u00fcm sona ermi\u015f, Avrupa\u2019da \u0131rk\u00e7\u0131 partiler h\u00fck\u00fcmet devirecek seviyeye gelmi\u015f. Ticaretten teknolojiye d\u00fcnyada b\u00fcy\u00fck devrimler ya\u015fan\u0131yormu\u015f, bunlar\u0131n ve di\u011fer hadiselerin hi\u00e7biri umurlar\u0131nda de\u011fil. Geli\u015fmelere dair en ufak bir fikirleri yok. Varsa yoksa kendi \u00e7\u0131karlar\u0131, kendi ikballeri, kendi gelecek planlar\u0131. Kavgay\u0131, g\u00fcr\u00fclt\u00fcy\u00fc, art\u0131k kendi se\u00e7menlerini bile b\u0131kt\u0131ran g\u00fc\u00e7 m\u00fccadelelerini burada saymaya gerek dahi duymuyorum. Onlara kimi zaman hay\u0131flanarak, kimi zaman ac\u0131yarak ama \u00e7o\u011fu zaman \u00fclkemizin muhalefeti ad\u0131na utanarak izliyoruz. 2-3 sene \u00f6nce eski genel ba\u015fkanlar\u0131n\u0131 yere g\u00f6\u011fe s\u0131\u011fd\u0131ram\u0131yorlard\u0131. Gandhi Kemal, Gen\u00e7lerin demokrat amcas\u0131 diyerek pohpohluyorlar, \u00f6vg\u00fc ya\u011fmuruna tutuyorlard\u0131 ama ne olduysa T\u00fcrkiye\u2019yi kurtaracak adam dedikleri Bay Kemal\u2019i bir g\u00fcnde istenmeyen adam ilan ettiler. 14-28 May\u0131s se\u00e7imlerindeki hezimetin b\u00fct\u00fcn faturas\u0131n\u0131 Bay Kemal\u2019e \u00e7\u0131kar\u0131p \u015faibeli bir kongreyle g\u00f6nderdiler. Birka\u00e7 ay \u00f6ncesine kadar 85 milyonu y\u00f6netmeye lay\u0131k g\u00f6rd\u00fckleri adam\u0131 CHP\u2019ye lay\u0131k g\u00f6rmediler. \u015eimdi ne kap\u0131s\u0131n\u0131 \u00e7alan var ne fikirlerini merak eden var. Burada bir ger\u00e7e\u011fi de ikrar etmek durumunday\u0131m. Biz de y\u0131llarca bu zat\u0131n \u00fclkemiz siyasetine zarar verdi\u011fini, siyaset kurumunun itibarine g\u00f6lge d\u00fc\u015f\u00fcrd\u00fc\u011f\u00fcn\u00fc s\u00fcrekli vurgulad\u0131k. Bundan sonra soru i\u015faretleriyle dolu bir kongreyle de olsa CHP\u2019nin ba\u015f\u0131ndan g\u00f6nderilmesini biz de ilk etapta m\u00fcspet kar\u015f\u0131lad\u0131k. T\u00fcrkiye\u2019nin bir nebze olsun rahatlayaca\u011f\u0131na, siyasetin \u00f6zlenen d\u00fczeleme oturaca\u011f\u0131na inand\u0131k. Bu ama\u00e7la Yeni Genel Ba\u015fkana bir \u015fans tan\u0131d\u0131k. Bundan da murad\u0131m\u0131z kutupla\u015fmay\u0131 azaltmak, CHP\u2019nin normalle\u015fmesine katk\u0131 sa\u011flamakt\u0131. En az\u0131ndan diyalog kurabilece\u011fimiz ortak bir zemini in\u015fa etmeye \u00e7al\u0131\u015ft\u0131k. Ancak gerilimden beslenen ana muhalefet i\u00e7indeki vesayet odaklar\u0131 buna tahamm\u00fcl edemedi. Bu rahats\u0131zl\u0131klar\u0131n\u0131 da her f\u0131rsatta s\u00f6ylediler. CHP\u2019nin normalle\u015fmesine f\u0131rsat vermediler. Eskisinden daha b\u00fcy\u00fck bir savrulma ya\u015fad\u0131lar. Ana Muhalefet Partisinin, DHKPC\u2019li ter\u00f6ristlerce \u015fehit edilen cumhuriyet savc\u0131m\u0131z\u0131n ismini ta\u015f\u0131yan adalet saray\u0131n\u0131n \u00f6n\u00fcnde elinde asker polis kan\u0131 olan marjinal sol \u00f6rg\u00fctlerin polise sald\u0131rd\u0131\u011f\u0131n\u0131 g\u00f6r\u00fcyoruz. \u00d6yle hakaretler, kelimeler, tehdit dolu c\u00fcmleler kullan\u0131yorlar ki kar\u015f\u0131lar\u0131ndaki kitlenin y\u00fcz\u00fc dahi k\u0131zarm\u0131yor. Gazeteci ve siyaset\u00e7i k\u0131l\u0131kl\u0131 ki\u015filerin sahneledi\u011fi 3. S\u0131n\u0131f tiyatrolar\u0131 burada saym\u0131yorum. Ne yaparlarsa yaps\u0131nlar adaletin tecellisine engel olamayacaklar. Burada g\u00fclsek mi a\u011flasak m\u0131 hen\u00fcz tam kestiremedi\u011fimi \u015fu trajikomik durumu da s\u00f6ylemek isterim. Adliye \u00f6n\u00fcnde polise kar\u015f\u0131 att\u0131klar\u0131 slogan, 1971 y\u0131l\u0131nda Ziraat Bankas\u0131n\u0131 soya sol bir ter\u00f6r \u00f6rg\u00fct\u00fcne ait. Hani derler ya cuk oturmu\u015f diye bunlar\u0131n durumu da tam b\u00f6yle. Tencere yuvarlanm\u0131\u015f kapa\u011f\u0131n\u0131 bulmu\u015f. T\u0131pk\u0131 k\u0131rm\u0131z\u0131 kart gibi bu sloganlar\u0131n\u0131n da CHP\u2019ye \u00e7ok yak\u0131\u015ft\u0131\u011f\u0131n\u0131 samimiyetle ifade ediyor, Say\u0131n \u00d6zel ve \u015e\u00fcrek\u00e2s\u0131n\u0131 tebrik ediyorum. Neresinden tutsan\u0131z elimizde kalan bir CHP buluyoruz. Ne diyelim, belki de b\u00f6ylesi hay\u0131rl\u0131d\u0131r. Bu \u00fclkenin insanlar\u0131 CHP\u2019ye bakarak bedavadan siyasi komedi izleme hakk\u0131na sayg\u0131 da duymak laz\u0131m. Demokrasilerde muhalefetin an az iktidar kadar \u00f6nemli oldu\u011funa inanan bir siyaset\u00e7i olarak bu i\u00e7 karart\u0131c\u0131 tablodan \u00fclkemiz siyaseti ad\u0131na \u00fcz\u00fcnt\u00fc duyuyoruz. Bir umut k\u0131r\u0131nt\u0131s\u0131yla bu partiye ve y\u00f6neticilerine bakarak i\u00e7 ge\u00e7iren CHP se\u00e7menine bir kez daha Allah sab\u0131r versin diyorum.&#8221; \u015feklinde konu\u015ftu.<br \/>\n<br \/>\u0130ktidarlar\u0131 boyunca \u00e7ok fazla zorlukla m\u00fccadele ettiklerini kaydeden Erdo\u011fan, &#8220;\u0130ktidar kazanmas\u0131n da T\u00fcrkiye kaybederse kaybetsin anlay\u0131\u015f\u0131na sahip muhalefetle hukuk m\u00fccadelemizi devam ettirece\u011fiz. R\u00fczgar g\u00fcl\u00fc misali bir oyana bir buyana d\u00f6nen Bu omurgas\u0131z siyaset anlay\u0131\u015f\u0131n\u0131n maskesini her platformda indirmeye devam edece\u011fiz. Biz 22 y\u0131l boyunca milletimizin onurunu korumak, itibar\u0131n\u0131 y\u00fckseltmek i\u00e7in g\u00fcnd\u00fcz\u00fcm\u00fcz\u00fc gecemize katt\u0131k. Bir ve beraber olmak i\u00e7in \u00e7ok emek verdik. Her an\u0131 \u00fclkemize ve milletimize a\u015fkla hizmetle adad\u0131k. Nelerle kar\u015f\u0131la\u015ft\u0131\u011f\u0131m\u0131z\u0131 sizler iyi biliyorsunuz. 22 sene boyunca \u00f6n\u00fcm\u00fcze say\u0131s\u0131z engel \u00e7\u0131kard\u0131lar. Bizi yolumuzdan almak istediler. Her yolu kullanarak \u00fczerimize geldiler. Al\u00e7ak\u00e7a iftiralarla, as\u0131ls\u0131z iftiralarla, yalanla, dolanla \u00fcst\u00fcm\u00fcze geldiler. Hi\u00e7birine eyvallah demedik. Zorbal\u0131klara kar\u015f\u0131 geri ad\u0131m atmad\u0131k, sinmedik. Milletin sand\u0131kta tecelli eden iradesine can\u0131m\u0131z pahas\u0131na sahip \u00e7\u0131kt\u0131k. Biz aziz milletimize hizmetkarl\u0131k yapmak i\u00e7in talip olduk. Allah\u2019\u0131n izniyle de bundan asla ve asla taviz vermeyece\u011fiz. 85 milyon bizimle birlikte oldu\u011fu s\u00fcrece bu kirli elleri k\u0131rmaya devam edece\u011fiz. \u015eunu akl\u0131n\u0131zdan \u00e7\u0131karmay\u0131n. Biz uzun ve ince bir yolda y\u00fcr\u00fcyoruz. Bu yolun engel ve tuzaklarla dolu oldu\u011funu biliyoruz. Biz de son nefesimize kadar T\u00fcrkiye ve T\u00fcrk milletine hizmet yolundan ayr\u0131lmayacak, bu kutlu yoldan sapmadan, e\u011filmeden, b\u00fck\u00fclmeden dimdik y\u00fcr\u00fcyece\u011fiz&#8221; diye konu\u015ftu.<br \/>\n<br \/>Erdo\u011fan konu\u015fmas\u0131n\u0131n son k\u0131sm\u0131nda Manisa\u2019ya yap\u0131lan 560 milyar TL\u2019lik yat\u0131r\u0131mlardan bahsetti.<br \/>\n<br \/>Konu\u015fman\u0131n ard\u0131ndan Cumhurba\u015fkan\u0131 Erdo\u011fan\u2019a AK Parti Manisa \u0130l Ba\u015fkan\u0131 S\u00fcleyman Turgut taraf\u0131ndan Demirci hal\u0131s\u0131 hediye edildi.<br \/>\n<br \/>Kongreye Cumhurba\u015fkan\u0131 Erdo\u011fan\u2019\u0131n yan\u0131 s\u0131ra AK Parti Te\u015fkilatlardan Sorumlu Genel Ba\u015fkan Yard\u0131mc\u0131s\u0131 Erkan Kandemir, Enerji ve Tabii Kaynaklar Bakan\u0131 Alparslan Bayraktar, Ula\u015ft\u0131rma ve Altyap\u0131 Bakan\u0131 Abdulkadir Uralo\u011flu, Gen\u00e7lik ve Spor Bakan\u0131 Osman A\u015fk\u0131n Bak, Parti S\u00f6zc\u00fcs\u00fc \u00d6mer \u00c7elik, TBMM 22. D\u00f6nem Ba\u015fkan\u0131 B\u00fclent Ar\u0131n\u00e7, son Ba\u015fbakan Binali Y\u0131ld\u0131r\u0131m, AK Parti Grup Ba\u015fkanvekili Manisa Milletvekili Bahad\u0131r Yeni\u015fehirlio\u011flu, AK Parti MKYK \u00dcyesi ve Manisa Milletvekili M\u00fccahid Ar\u0131n\u00e7, AK Parti Manisa Milletvekilleri Murat Baybatur, Tamer Akkal, \u00f6nceki d\u00f6nem Gen\u00e7lik ve Spor Bakan\u0131 AK Parti \u0130zmir Milletvekili Muharrem Kasapo\u011flu, delegeler ve \u00e7ok say\u0131da partili kat\u0131ld\u0131.<br \/><\/p>\n","protected":false},"excerpt":{"rendered":"<p>AK Parti Manisa 8. Ola\u011fan \u0130l Kongresine kat\u0131lan Cumhurba\u015fkan\u0131 ve AK Parti Genel Ba\u015fkan\u0131 Recep Tayyip Erdo\u011fan, &#8220;B\u00f6lgemizde bunca gerilim, \u00e7at\u0131\u015fma, sava\u015f ya\u015fan\u0131rken, co\u011frafyam\u0131z yeni krizlere yeni istikrars\u0131zl\u0131klara gebeyken, biz bo\u015f i\u015flerle bo\u015f g\u00fcndemlerle kendimizi me\u015fgul edemeyiz. Hedeflerimize ula\u015fmak i\u00e7in daha \u00e7ok \u00e7al\u0131\u015fmam\u0131z gerekiyor. T\u00fcrkiye Y\u00fczy\u0131l\u0131n\u0131 in\u015fa etmek i\u00e7i daha \u00e7ok ter d\u00f6kmeliyiz&#8221; dedi. Cumhurba\u015fkan\u0131&#8230;<\/p>\n","protected":false},"author":1,"featured_media":14460,"comment_status":"open","ping_status":"open","sticky":false,"template":"","format":"standard","meta":{"_crdt_document":"","footnotes":""},"categories":[127],"tags":[],"class_list":["post-14459","post","type-post","status-publish","format-standard","has-post-thumbnail","hentry","category-siyaset"],"_links":{"self":[{"href":"https:\/\/www.egemtv.com\/index.php?rest_route=\/wp\/v2\/posts\/14459","targetHints":{"allow":["GET"]}}],"collection":[{"href":"https:\/\/www.egemtv.com\/index.php?rest_route=\/wp\/v2\/posts"}],"about":[{"href":"https:\/\/www.egemtv.com\/index.php?rest_route=\/wp\/v2\/types\/post"}],"author":[{"embeddable":true,"href":"https:\/\/www.egemtv.com\/index.php?rest_route=\/wp\/v2\/users\/1"}],"replies":[{"embeddable":true,"href":"https:\/\/www.egemtv.com\/index.php?rest_route=%2Fwp%2Fv2%2Fcomments&post=14459"}],"version-history":[{"count":1,"href":"https:\/\/www.egemtv.com\/index.php?rest_route=\/wp\/v2\/posts\/14459\/revisions"}],"predecessor-version":[{"id":14461,"href":"https:\/\/www.egemtv.com\/index.php?rest_route=\/wp\/v2\/posts\/14459\/revisions\/14461"}],"wp:featuredmedia":[{"embeddable":true,"href":"https:\/\/www.egemtv.com\/index.php?rest_route=\/wp\/v2\/media\/14460"}],"wp:attachment":[{"href":"https:\/\/www.egemtv.com\/index.php?rest_route=%2Fwp%2Fv2%2Fmedia&parent=14459"}],"wp:term":[{"taxonomy":"category","embeddable":true,"href":"https:\/\/www.egemtv.com\/index.php?rest_route=%2Fwp%2Fv2%2Fcategories&post=14459"},{"taxonomy":"post_tag","embeddable":true,"href":"https:\/\/www.egemtv.com\/index.php?rest_route=%2Fwp%2Fv2%2Ftags&post=14459"}],"curies":[{"name":"wp","href":"https:\/\/api.w.org\/{rel}","templated":true}]}}