{"id":14456,"date":"2025-02-01T16:58:26","date_gmt":"2025-02-01T13:58:26","guid":{"rendered":"https:\/\/www.egemtv.com\/?p=14456"},"modified":"2025-02-01T16:58:32","modified_gmt":"2025-02-01T13:58:32","slug":"kaymakam-kuruca-gocmen-kacakciligina-karsi-denetim-seyri-gerceklestirdi","status":"publish","type":"post","link":"https:\/\/www.egemtv.com\/?p=14456","title":{"rendered":"Kaymakam Kuruca, g\u00f6\u00e7men ka\u00e7ak\u00e7\u0131l\u0131\u011f\u0131na kar\u015f\u0131 denetim seyri ger\u00e7ekle\u015ftirdi"},"content":{"rendered":"<p>Didim \u0130l\u00e7e Kaymakam\u0131 Can Kaz\u0131m Kuruca denetim seyri ger\u00e7ekle\u015ftirerek d\u00fczensiz g\u00f6\u00e7men ka\u00e7ak\u00e7\u0131l\u0131\u011f\u0131na kar\u015f\u0131 y\u00fcr\u00fct\u00fclen \u00e7al\u0131\u015fmalar hakk\u0131nda bilgi ald\u0131.<\/p>\n<p>Didim \u0130l\u00e7e Kaymakam\u0131 Can Kaz\u0131m Kuruca, \u0130l\u00e7e Emniyet M\u00fcd\u00fcr\u00fc Yunus Din\u00e7, \u0130l\u00e7e Jandarma Komutan\u0131 Kd. Yzb. Mustafa Gani Solak ve TCSG 21 Bot Komutan\u0131 \u00dcste\u011fmen \u0130smail \u00c7ilingir ile birlikte Didim Deniz Liman B\u00fcro Amirli\u011fi uhdesinde bulunan \u015eehit Polis Memuru Muhittin Ulu\u00e7 isimli hizmet botu ile denetim seyri ger\u00e7ekle\u015ftirdi. Kaymakam Kuruca, d\u00fczensiz g\u00f6\u00e7men ka\u00e7ak\u00e7\u0131l\u0131\u011f\u0131na kar\u015f\u0131 y\u00fcr\u00fct\u00fclen operasyonel \u00e7al\u0131\u015fmalar hakk\u0131nda kolluk birimlerinden bilgi ald\u0131.<\/p>\n<p>Kuruca, kolluk kuvvetlerinin koordinasyon i\u00e7erisinde y\u00fcr\u00fctt\u00fc\u011f\u00fc \u00e7al\u0131\u015fmalar\u0131n \u00f6nemine dikkat \u00e7ekerek, bu t\u00fcr ka\u00e7ak\u00e7\u0131l\u0131k faaliyetlerinin engellenmesi i\u00e7in her t\u00fcrl\u00fc tedbirin al\u0131nd\u0131\u011f\u0131n\u0131 belirtti. Yap\u0131lan denetimlerin, g\u00fcvenli\u011fin sa\u011flanmas\u0131 ve su\u00e7larla m\u00fccadelede \u00f6nemli bir ad\u0131m oldu\u011funu vurgulayan Kaymakam Kuruca, birimlerinin \u00e7al\u0131\u015fmalar\u0131 hakk\u0131nda detayl\u0131 bilgi ald\u0131. Kaymakam Kuruca, yap\u0131lan denetimlerin ard\u0131ndan Didim\u2019de g\u00fcvenli\u011fi sa\u011flamak ad\u0131na t\u00fcm birimlerin uyum i\u00e7inde \u00e7al\u0131\u015fmaya devam edece\u011fini ve bu t\u00fcr faaliyetlerin devam edece\u011fini dile getirdi.<br \/><\/p>\n","protected":false},"excerpt":{"rendered":"<p>Didim \u0130l\u00e7e Kaymakam\u0131 Can Kaz\u0131m Kuruca denetim seyri ger\u00e7ekle\u015ftirerek d\u00fczensiz g\u00f6\u00e7men ka\u00e7ak\u00e7\u0131l\u0131\u011f\u0131na kar\u015f\u0131 y\u00fcr\u00fct\u00fclen \u00e7al\u0131\u015fmalar hakk\u0131nda bilgi ald\u0131. Didim \u0130l\u00e7e Kaymakam\u0131 Can Kaz\u0131m Kuruca, \u0130l\u00e7e Emniyet M\u00fcd\u00fcr\u00fc Yunus Din\u00e7, \u0130l\u00e7e Jandarma Komutan\u0131 Kd. Yzb. Mustafa Gani Solak ve TCSG 21 Bot Komutan\u0131 \u00dcste\u011fmen \u0130smail \u00c7ilingir ile birlikte Didim Deniz Liman B\u00fcro Amirli\u011fi uhdesinde bulunan \u015eehit&#8230;<\/p>\n","protected":false},"author":1,"featured_media":14457,"comment_status":"open","ping_status":"open","sticky":false,"template":"","format":"standard","meta":{"_crdt_document":"","footnotes":""},"categories":[1],"tags":[],"class_list":["post-14456","post","type-post","status-publish","format-standard","has-post-thumbnail","hentry","category-guncel"],"_links":{"self":[{"href":"https:\/\/www.egemtv.com\/index.php?rest_route=\/wp\/v2\/posts\/14456","targetHints":{"allow":["GET"]}}],"collection":[{"href":"https:\/\/www.egemtv.com\/index.php?rest_route=\/wp\/v2\/posts"}],"about":[{"href":"https:\/\/www.egemtv.com\/index.php?rest_route=\/wp\/v2\/types\/post"}],"author":[{"embeddable":true,"href":"https:\/\/www.egemtv.com\/index.php?rest_route=\/wp\/v2\/users\/1"}],"replies":[{"embeddable":true,"href":"https:\/\/www.egemtv.com\/index.php?rest_route=%2Fwp%2Fv2%2Fcomments&post=14456"}],"version-history":[{"count":1,"href":"https:\/\/www.egemtv.com\/index.php?rest_route=\/wp\/v2\/posts\/14456\/revisions"}],"predecessor-version":[{"id":14458,"href":"https:\/\/www.egemtv.com\/index.php?rest_route=\/wp\/v2\/posts\/14456\/revisions\/14458"}],"wp:featuredmedia":[{"embeddable":true,"href":"https:\/\/www.egemtv.com\/index.php?rest_route=\/wp\/v2\/media\/14457"}],"wp:attachment":[{"href":"https:\/\/www.egemtv.com\/index.php?rest_route=%2Fwp%2Fv2%2Fmedia&parent=14456"}],"wp:term":[{"taxonomy":"category","embeddable":true,"href":"https:\/\/www.egemtv.com\/index.php?rest_route=%2Fwp%2Fv2%2Fcategories&post=14456"},{"taxonomy":"post_tag","embeddable":true,"href":"https:\/\/www.egemtv.com\/index.php?rest_route=%2Fwp%2Fv2%2Ftags&post=14456"}],"curies":[{"name":"wp","href":"https:\/\/api.w.org\/{rel}","templated":true}]}}