{"id":14453,"date":"2025-02-01T16:56:38","date_gmt":"2025-02-01T13:56:38","guid":{"rendered":"https:\/\/www.egemtv.com\/?p=14453"},"modified":"2025-02-01T16:56:43","modified_gmt":"2025-02-01T13:56:43","slug":"cumhurbaskani-erdogan-ekonomik-durum-gecici-bir-donemdir","status":"publish","type":"post","link":"https:\/\/www.egemtv.com\/?p=14453","title":{"rendered":"Cumhurba\u015fkan\u0131 Erdo\u011fan: &#8220;Ekonomik durum ge\u00e7ici bir d\u00f6nemdir&#8221;"},"content":{"rendered":"<p>Cumhurba\u015fkan\u0131 Recep Tayyip Erdo\u011fan, &#8220;Her ne kadar son y\u0131llarda ya\u015fanan ekonomik s\u0131k\u0131nt\u0131lar bilhassa sabit ve dar gelirli vatanda\u015flar\u0131m\u0131z\u0131n can\u0131n\u0131 s\u0131k\u0131yor olsa da emin olunuz bu ge\u00e7ici bir d\u00f6nemdir. \u0130n\u015fallah enflasyonla m\u00fccadelemizin somut sonu\u00e7lar\u0131 bu y\u0131l sonuna do\u011fru daha iyi g\u00f6r\u00fclecektir. Makroekonomik verilerimiz zaten gayet olumlu seyrediyor ekonomik program\u0131m\u0131z hedeflerimize ula\u015ft\u0131k\u00e7a sabit ve dar gelirli vatanda\u015flar\u0131m\u0131zdan ba\u015flayarak herkesin refah seviyesini daha da y\u00fckseltecek ad\u0131mlar\u0131 s\u0131kla\u015ft\u0131raca\u011f\u0131z&#8221; dedi.<br \/>\n<br \/>Cumhurba\u015fkan\u0131 Recep Tayyip Erdo\u011fan, AK Parti 8\u2019inci Ola\u011fan \u0130l Kongresi\u2019ne kat\u0131lmak \u00fczere \u0130zmir\u2019e geldi. Halkap\u0131nar Spor Salonu\u2019nda d\u00fczenlenen kongrede partililere seslenen Erdo\u011fan, &#8220;\u0130zmir\u2019i temsil etmeyi beceremeyenler bu \u015fehrin \u00fclkenin i\u00e7eride ve d\u0131\u015far\u0131da y\u00fcr\u00fctt\u00fc\u011f\u00fc m\u00fccadelelere kay\u0131ts\u0131z bir yer oldu\u011fu itibar\u0131n\u0131 vermek i\u00e7in de \u00f6zel bir gayret sergiliyorlar. Halbuki \u0130zmir y\u0131llarca mazlumlar\u0131n derdiyle dertlenmi\u015f y\u00fcre\u011fini de topra\u011f\u0131n\u0131 da onlara a\u00e7m\u0131\u015f bir \u015fehirdir. Osmanl\u0131\u2019n\u0131n son d\u00f6neminde Ege\u2019nin muhtelif yerlerinde Balkanlardan Kafkaslardan di\u011fer yerlerden evlerini terk edip gelmek zorunda kalan y\u00fcz binler milyonlar \u00f6nce \u0130zmir\u2019e s\u0131\u011f\u0131nm\u0131\u015ft\u0131r. Bir k\u0131sm\u0131 \u00fclkenin ba\u015fka yerlerine gitse de \u00f6nemli bir b\u00f6l\u00fcm\u00fc de \u0130zmir\u2019i kendine yeni vatan olarak se\u00e7mi\u015ftir. Ayn\u0131 \u015fekilde \u00fclkemiz i\u00e7inde n\u00fcfus hareketlerinin \u00e7ok artt\u0131\u011f\u0131 d\u00f6nemlerde \u0130zmir; Mardin\u2019den Erzurum\u2019a Konya\u2019dan Kars\u2019a Afyon\u2019dan A\u011fr\u0131\u2019ya Sivas\u2019tan Bal\u0131kesir\u2019e kadar pek \u00e7ok farkl\u0131 \u015fehirden insanlar\u0131n yeni yuvas\u0131 olmu\u015ftur. Gerisinde nice ac\u0131 hikayeleri nice umut aray\u0131\u015flar\u0131n\u0131 bar\u0131nd\u0131ran b\u00f6ylesine bir demografik zenginli\u011fe sahip \u0130zmir\u2019in g\u00fcndemini T\u00fcrkiye\u2019den ayr\u0131\u015ft\u0131rmaya kalkmak en hafif tabiriyle gaflettir&#8221; dedi.<\/p>\n<p>&#8220;Eski T\u00fcrkiye yok&#8221;<br \/>\n<br \/>D\u00fcnyadaki hareketlili\u011fi de de\u011ferlendiren Erdo\u011fan, &#8220;K\u00fcresel ve b\u00f6lgesel geli\u015fmelerin hepsi \u00fclkemizin bug\u00fcnk\u00fc konumunu ve gelecekteki hedeflerini yak\u0131ndan ilgilendiren mahiyete sahiptir. Dolay\u0131s\u0131 ile T\u00fcrkiye olarak kendimizi hi\u00e7bir meselenin d\u0131\u015f\u0131nda tutmam\u0131z hi\u00e7bir hadiseye duyars\u0131z kalmam\u0131z m\u00fcmk\u00fcn de\u011fildir. Rusya-Ukrayna Sava\u015f\u0131\u2019ndan Suriye\u2019deki devrime Balkanlardaki gerilimlerden Afrika\u2019daki anla\u015fmazl\u0131klara Akdeniz\u2019deki enerji ve etki \u00e7eki\u015fmelerinden Kafkasya ve Orta Asya\u2019daki aray\u0131\u015flara kadar her konu bizim g\u00fcndemimizdedir \u00f6yle olmak mecburiyetindedir. Hatta bu listeyi Antarktika\u2019da ara\u015ft\u0131rma istasyonu kurmaktan uzaya \u00e7\u0131kma \u00e7al\u0131\u015fmalar\u0131na kadar \u00e7ok daha geni\u015f bir alana te\u015frif edebiliriz. Daha savunma sanayisinden imalat sekt\u00f6r\u00fcne turizmden lojisti\u011fe kadar iddia sahibi oldu\u011fumuz pek \u00e7ok ba\u015fl\u0131\u011f\u0131 saym\u0131yorum. Ge\u00e7mi\u015fte T\u00fcrkiye, d\u00fcnya y\u00f6netim sisteminin yeniden kuruldu\u011fu kritik d\u00f6nemlerde karar vericilerin vizyonsuzlu\u011fu sebebiyle maalesef hakk\u0131 olan yerlere gelememi\u015ftir. Bilhassa \u0130kinci D\u00fcnya Sava\u015f\u0131 sonras\u0131 ve 1970\u2019li 1990\u2019l\u0131 y\u0131llarda bu \u00fcz\u00fcnt\u00fc verici hakikati tekrar tekrar ya\u015fad\u0131k. Ama art\u0131k hem altyap\u0131s\u0131 hem y\u00f6netim anlay\u0131\u015f\u0131yla eski T\u00fcrkiye yok, bug\u00fcnk\u00fc kat\u0131lma seviyemizi b\u00f6lgesel g\u00fcc\u00fcm\u00fcz\u00fc k\u00fcresel etki alan\u0131m\u0131z\u0131 ge\u00e7mi\u015fle mukayese etmeye kalkmak bile \u00fclkemize yap\u0131lacak en b\u00fcy\u00fck haks\u0131zl\u0131k olur&#8221; diye konu\u015ftu.<\/p>\n<p>&#8220;Dar gelirliyi rahatlataca\u011f\u0131z&#8221;<br \/>\n<br \/>Sosyal medyaya da de\u011finen Erdo\u011fan, &#8220;Yalan yanl\u0131\u015f sosyal medya \u00fcf\u00fcr\u00fckleriyle eskiyi y\u00fcceltmeye \u00e7al\u0131\u015fan g\u00fcruhun amac\u0131 hakikatleri ortaya \u00e7\u0131karmak de\u011fil umutsuzlu\u011fu k\u00f6r\u00fcklemektir. Merhum Cemil Meri\u00e7, \u2018Vatanlar\u0131n\u0131 ya\u015fanmaz bulanlar vatanlar\u0131n\u0131 ya\u015fanmaz k\u0131lanlard\u0131r\u2019 diyor. Bunlar ka\u011f\u0131t \u00fczerinde k\u00f6kenleri ve inan\u00e7lar\u0131 ne olursa olsun \u00fclkelerini hi\u00e7bir zaman vatan olarak i\u00e7selle\u015ftirmemi\u015f, kalpleri ve g\u00f6zleri hep d\u0131\u015far\u0131da olan mankurtlard\u0131r. Emperyalistlerin sinsi ve a\u015fa\u011f\u0131l\u0131k oyunlar\u0131nda rol almay\u0131 \u00fclkelerine hizmet etmeye ye\u011fleyenlerden T\u00fcrkiye\u2019ye hay\u0131r gelmez. Halbuki bizim inanc\u0131m\u0131zda umutsuzluk neredeyse k\u00fcfre e\u015f de\u011fer g\u00f6r\u00fcl\u00fcr. \u00dcstelik bizim umutlu olmak i\u00e7in \u00e7ok sebebimiz var. Her ne kadar son y\u0131llarda ya\u015fanan ekonomik s\u0131k\u0131nt\u0131lar bilhassa sabit ve dar gelirli vatanda\u015flar\u0131m\u0131z\u0131n can\u0131n\u0131 s\u0131k\u0131yor olsa da emin olunuz bu ge\u00e7ici bir d\u00f6nemdir. \u0130n\u015fallah enflasyonla m\u00fccadelemizin somut sonu\u00e7lar\u0131 bu y\u0131l sonuna do\u011fru daha iyi g\u00f6r\u00fclecektir. Makroekonomik verilerimiz zaten gayet olumlu seyrediyor ekonomik program\u0131m\u0131z hedeflerimize ula\u015ft\u0131k\u00e7a sabit ve dar gelirli vatanda\u015flar\u0131m\u0131zdan ba\u015flayarak herkesin refah seviyesini daha da y\u00fckseltecek ad\u0131mlar\u0131 s\u0131kla\u015ft\u0131raca\u011f\u0131z&#8221; \u015feklinde konu\u015ftu.<br \/>\n<br \/>T\u00fcrkiye y\u00fczy\u0131l\u0131n\u0131 in\u015fa etmeyi s\u00fcrd\u00fcreceklerini dile getiren Erdo\u011fan, s\u00f6zlerini \u015f\u00f6yle noktalad\u0131: &#8220;Elbette \u00f6n\u00fcm\u00fczde yapmam\u0131z gereken \u00e7ok i\u015f \u00e7\u00f6zmemiz gereken \u00e7ok sorun a\u00e7mam\u0131z gereken \u00e7ok engel var. D\u00fcnyan\u0131n en kadim co\u011frafyas\u0131n\u0131n en g\u00f6zde yerine sahip olup da dikensiz g\u00fcl bah\u00e7esi misali bir hayat tasavvur etmek ger\u00e7ek\u00e7i de\u011fildir. Tarihin her d\u00f6neminde oldu\u011fu gibi bug\u00fcn de hemen her \u00fclkenin g\u00f6nl\u00fcnde bu topraklara sahip olma iste\u011finin yatt\u0131\u011f\u0131ndan hi\u00e7 \u015f\u00fcpheniz olmas\u0131n. Kimileri bunu dinlendiriyor ama g\u00f6n\u00fclde yatan aslan\u0131 biz \u00e7ok iyi biliyoruz. Bunun i\u00e7in de \u00fclkemize vatan topraklar\u0131yla devletiyle insan\u0131yla t\u00fcm kazan\u0131mlar\u0131yla s\u0131k\u0131 s\u0131k\u0131ya sahip \u00e7\u0131kmak mecburiyetindeyiz, bunu beceremeyen toplumlar\u0131n nas\u0131l ac\u0131lar \u00e7ekti\u011fini hangi zilletlere maruz kald\u0131\u011f\u0131n\u0131 i\u015fte sizler de g\u00f6r\u00fcyorsunuz. T\u00fcrkiye\u2019yi ayn\u0131 duruma d\u00fc\u015f\u00fcrmek i\u00e7in i\u00e7eriden ve d\u0131\u015far\u0131dan yap\u0131lan sabotajlar\u0131 kurulan tuzaklar\u0131 sergilenen ihanetleri birer birer savu\u015fturarak bug\u00fcnlere geldik. Allah \u00f6m\u00fcr verdi\u011fi m\u00fcddet\u00e7e de milletimizle birlikte T\u00fcrkiye\u2019nin bu dik duru\u015funu bu amans\u0131z m\u00fccadele kararl\u0131l\u0131\u011f\u0131n\u0131 hep s\u00fcrd\u00fcrece\u011fiz. \u0130zmir\u2019in \u00f6n\u00fcm\u00fczdeki d\u00f6nemde bu m\u00fccadeleye tarihine ve \u015fan\u0131na lay\u0131k bir katk\u0131 verece\u011fine inan\u0131yorum. Bu duygularla bir kez daha \u0130zmir, Ardahan ve Yozgat il kongrelerimizin hay\u0131rlara vesile olmas\u0131n\u0131 temenni ediyorum te\u015fkilatlar\u0131m\u0131za bug\u00fcne kadar eme\u011fi ge\u00e7enleri tekrar tebrik ediyor yeni g\u00f6rev alan karde\u015flerime ba\u015far\u0131lar diliyorum hepinizi sevgiyle sayg\u0131yla selaml\u0131yor sizleri Allah\u2019a emanet ediyorum.&#8221;<br \/><\/p>\n","protected":false},"excerpt":{"rendered":"<p>Cumhurba\u015fkan\u0131 Recep Tayyip Erdo\u011fan, &#8220;Her ne kadar son y\u0131llarda ya\u015fanan ekonomik s\u0131k\u0131nt\u0131lar bilhassa sabit ve dar gelirli vatanda\u015flar\u0131m\u0131z\u0131n can\u0131n\u0131 s\u0131k\u0131yor olsa da emin olunuz bu ge\u00e7ici bir d\u00f6nemdir. \u0130n\u015fallah enflasyonla m\u00fccadelemizin somut sonu\u00e7lar\u0131 bu y\u0131l sonuna do\u011fru daha iyi g\u00f6r\u00fclecektir. Makroekonomik verilerimiz zaten gayet olumlu seyrediyor ekonomik program\u0131m\u0131z hedeflerimize ula\u015ft\u0131k\u00e7a sabit ve dar gelirli vatanda\u015flar\u0131m\u0131zdan&#8230;<\/p>\n","protected":false},"author":1,"featured_media":14454,"comment_status":"open","ping_status":"open","sticky":false,"template":"","format":"standard","meta":{"_crdt_document":"","footnotes":""},"categories":[127],"tags":[],"class_list":["post-14453","post","type-post","status-publish","format-standard","has-post-thumbnail","hentry","category-siyaset"],"_links":{"self":[{"href":"https:\/\/www.egemtv.com\/index.php?rest_route=\/wp\/v2\/posts\/14453","targetHints":{"allow":["GET"]}}],"collection":[{"href":"https:\/\/www.egemtv.com\/index.php?rest_route=\/wp\/v2\/posts"}],"about":[{"href":"https:\/\/www.egemtv.com\/index.php?rest_route=\/wp\/v2\/types\/post"}],"author":[{"embeddable":true,"href":"https:\/\/www.egemtv.com\/index.php?rest_route=\/wp\/v2\/users\/1"}],"replies":[{"embeddable":true,"href":"https:\/\/www.egemtv.com\/index.php?rest_route=%2Fwp%2Fv2%2Fcomments&post=14453"}],"version-history":[{"count":1,"href":"https:\/\/www.egemtv.com\/index.php?rest_route=\/wp\/v2\/posts\/14453\/revisions"}],"predecessor-version":[{"id":14455,"href":"https:\/\/www.egemtv.com\/index.php?rest_route=\/wp\/v2\/posts\/14453\/revisions\/14455"}],"wp:featuredmedia":[{"embeddable":true,"href":"https:\/\/www.egemtv.com\/index.php?rest_route=\/wp\/v2\/media\/14454"}],"wp:attachment":[{"href":"https:\/\/www.egemtv.com\/index.php?rest_route=%2Fwp%2Fv2%2Fmedia&parent=14453"}],"wp:term":[{"taxonomy":"category","embeddable":true,"href":"https:\/\/www.egemtv.com\/index.php?rest_route=%2Fwp%2Fv2%2Fcategories&post=14453"},{"taxonomy":"post_tag","embeddable":true,"href":"https:\/\/www.egemtv.com\/index.php?rest_route=%2Fwp%2Fv2%2Ftags&post=14453"}],"curies":[{"name":"wp","href":"https:\/\/api.w.org\/{rel}","templated":true}]}}