{"id":14447,"date":"2025-02-01T16:43:28","date_gmt":"2025-02-01T13:43:28","guid":{"rendered":"https:\/\/www.egemtv.com\/?p=14447"},"modified":"2025-02-01T16:43:33","modified_gmt":"2025-02-01T13:43:33","slug":"cumhurbaskani-erdogan-izmire-her-alanda-cok-daha-fazla-eser-ve-hizmet-kazandiracagiz","status":"publish","type":"post","link":"https:\/\/www.egemtv.com\/?p=14447","title":{"rendered":"Cumhurba\u015fkan\u0131 Erdo\u011fan: &#8220;\u0130zmir\u2019e her alanda \u00e7ok daha fazla eser ve hizmet kazand\u0131raca\u011f\u0131z&#8221;"},"content":{"rendered":"<p>Cumhurba\u015fkan\u0131 Recep Tayyip Erdo\u011fan, &#8220;Allah\u2019\u0131n izni ve milletimizin deste\u011fiyle \u00f6n\u00fcm\u00fczdeki y\u0131llarda \u0130zmir\u2019e her alanda \u00e7ok daha fazla eser ve hizmet kazand\u0131raca\u011f\u0131z. Sizlerden bunlar\u0131 her \u0130zmirli karde\u015fimizi anlatarak tamamen yalan ve talan k\u0131l\u0131f\u0131 haline d\u00f6n\u00fc\u015fen istismarc\u0131 ideolojik s\u00f6ylemler yerine eser ve hizmet siyasetine y\u00f6nelmelerini sa\u011flaman\u0131z\u0131 istiyorum&#8221; dedi.<br \/>\n<br \/>Cumhurba\u015fkan\u0131 Recep Tayyip Erdo\u011fan, AK Parti 8\u2019inci Ola\u011fan \u0130l Kongresi\u2019ne kat\u0131lmak \u00fczere \u0130zmir\u2019e geldi. Halkap\u0131nar Spor Salonu\u2019nda d\u00fczenlenen kongrede partililere seslenen Erdo\u011fan, &#8220;Biz her kesimden insan\u0131 ile 85 milyonun tamam\u0131na olan sevgimizi muhabbetimizi eser ve hizmet siyasetiyle g\u00f6stermi\u015f bir partiyiz. Art\u0131k 22 y\u0131l geride b\u0131rakan iktidarlar\u0131m\u0131z d\u00f6neminde yapt\u0131\u011f\u0131m\u0131z i\u015fler b\u0131rak\u0131n bir \u00f6nceki ayn\u0131 s\u00fcreyi Cumhuriyet tarihinde yap\u0131lanlar\u0131n tamam\u0131n\u0131n 5 kat\u0131 10 kat\u0131d\u0131r. Ancak insan f\u0131trat\u0131 sahip oldu\u011fu imkanlar\u0131 nas\u0131l elde etti\u011fini bir s\u00fcre sonra unutmaya sanki hep varm\u0131\u015f gibi hissetmeye meyaldir. Bunun i\u00e7in bize d\u00fc\u015fen vazife her f\u0131rsatta \u00fclkemize kazand\u0131rd\u0131\u011f\u0131m\u0131z eserleri milletimize verdi\u011fimiz hizmetleri vatan topraklar\u0131n\u0131n her kar\u015f\u0131na yapt\u0131\u011f\u0131m\u0131z yat\u0131r\u0131mlar\u0131 hat\u0131rlatmakt\u0131r. Nitekim \u0130zmir\u2019e de son 22 y\u0131lda g\u00fcn\u00fcm\u00fcz rakamlar\u0131yla bir trilyon 275 milyar lira tutar\u0131nda kamu yat\u0131r\u0131m\u0131 yapt\u0131k. Adalette 16 milyar lira, e\u011fitimde 69 milyar lira ve gen\u00e7lik sporda 11 milyar lira, sosyal yard\u0131mlarda 145 milyar lira, sa\u011fl\u0131kta 45 milyar lira, \u00e7evre ve \u015fehircilikte 186 milyar lira, ula\u015ft\u0131rmada 245 milyar lira, tar\u0131m ve ormanda tar\u0131msal hibe destekleri dahil 121 milyar lira, sanayi ve teknolojide verdi\u011fimiz te\u015fviklerle birlikte 46 milyar lira, enerjisi de kamu ve \u00f6zel toplam 326 milyar lira, k\u00fclt\u00fcr ve turizmde 7 milyar lira, \u00e7al\u0131\u015fma ve sosyal g\u00fcvenlikte te\u015fviklerle birlikte toplam 58 milyar lira yat\u0131r\u0131m\u0131 hayata ge\u00e7irdik. \u0130zmir\u2019e 4 yeni devlet \u00fcniversitesi kurduk. \u0130kisi stadyum olmak \u00fczere toplam 115 adet spor tesisi in\u015fa ettik. Toplam 4 bin 906 yatakl\u0131 47 hastane ve ek binalar dahil 132 sa\u011fl\u0131k tesisi yapt\u0131k. \u0130zmir \u015eehir Hastanemiz 2 bin 60 yata\u011f\u0131 ile 1 y\u0131ldan beri vatanda\u015flar\u0131m\u0131za hizmet veriyor. Dikili Devlet Hastanemizi 50 yata\u011f\u0131 ile \u00f6n\u00fcm\u00fczdeki g\u00fcnlerde vatanda\u015flar\u0131m\u0131z\u0131n hizmetine sunaca\u011f\u0131z. Sel\u00e7uk Devlet Hastanemizi 50 yata\u011f\u0131 ile, Buca A\u011f\u0131z ve Di\u015f Sa\u011fl\u0131\u011f\u0131 Hastanemizi ise 70 \u00fcnitesiyle y\u0131l sonuna kadar tamaml\u0131yoruz. Ayr\u0131ca 800 yatakl\u0131 Tepecik \u015eehir Hastanemizi yat\u0131r\u0131m program\u0131m\u0131za ald\u0131k. TOK\u0130 kanal\u0131 ile \u0130zmir\u2019de toplam 25 bin 164 konut projesini hayata ge\u00e7irdik&#8221; dedi.<\/p>\n<p>&#8220;\u0130zmir\u2019deki \u00e7al\u0131\u015fmalar\u0131m\u0131z devam ediyor&#8221;<br \/>\n<br \/>\u0130zmir\u2019e yap\u0131lan yat\u0131r\u0131mlar\u0131 anlatmaya devam eden Erdo\u011fan, &#8220;\u0130zmir\u2019deki 5 millet bah\u00e7esi projemizden birini bitirmek \u00fczereyiz, di\u011ferleri ile ilgili \u00e7al\u0131\u015fmalar \u00e7e\u015fitli safhalarda s\u00fcr\u00fcyor. Karayollar\u0131nda \u0130zmir\u2019in 2002 y\u0131l\u0131nda 431 kilometre olan b\u00f6l\u00fcnm\u00fc\u015f yol mesafesini 977 kilometreye \u00e7\u0131kard\u0131k. Uzunlu\u011fu 55,5 kilometre olan \u0130zmir \u00c7evre Yolunu etaplar halinde tamamlay\u0131p Konak T\u00fcnelini de a\u00e7arak \u015fehir i\u00e7i trafi\u011fini rahatlatt\u0131k. \u0130zmir-\u0130stanbul Otoyolunu in\u015fa ederek yakla\u015f\u0131k 8,5 saat s\u00fcren yolculuk s\u00fcresini 3,5 saate indirdik. Menemen, Alia\u011fa, \u00c7andarl\u0131 Otoyolunu a\u00e7t\u0131k. \u0130zmir\u2019in trafik sorununa kal\u0131c\u0131 \u00e7\u00f6z\u00fcm getirmek amac\u0131yla \u0130ZBAN projesini hayata ge\u00e7irdik. \u0130ZBAN \u015fehrin kuzeyindeki Alia\u011fa\u2019dan g\u00fcneyindeki Sel\u00e7uk\u2019a kadar uzanan 136 kilometrelik bir g\u00fczergahta \u015fu anda hizmet veriyor. Yap\u0131m\u0131 s\u00fcren Ankara-\u0130zmir Y\u00fcksek H\u0131zl\u0131 Tren hatt\u0131m\u0131z\u0131 in\u015fallah 2027\u2019de bitirmeyi hedefliyoruz. Kemalpa\u015fa Lojistik merkezi ile bu b\u00f6lgeyi lojistik sekt\u00f6r\u00fcn\u00fcn ve sanayinin nabz\u0131n\u0131 tutacak bir merkeze d\u00f6n\u00fc\u015ft\u00fcrd\u00fck. Adnan Menderes Havaliman\u0131m\u0131z\u0131 yenileyip kapasitesini art\u0131rarak 2002 y\u0131l\u0131nda 2,3 milyon olan yolcu trafi\u011fini 2024 y\u0131l\u0131nda 11,5 milyonun \u00fczerine \u00e7\u0131kard\u0131k. Deniz yolunda \u0130zmir Yeni Fo\u00e7a Yat Liman\u0131n\u0131 a\u00e7t\u0131k. \u00d6zdere, Dikili, \u00c7e\u015fme \u015eifn- \u00c7e\u015fmealt\u0131 ve \u015eakran\u2019da 5 yeni yat liman\u0131 i\u00e7in et\u00fct proje haz\u0131rl\u0131yoruz. Su ve sulama yat\u0131r\u0131mlar\u0131nda son 22 y\u0131lda \u015fehrimize 8 i\u00e7me suyu tesisi, 52 sulama tesisi, 109 ta\u015fk\u0131n koruma tesisi, 10 g\u00f6let, barajlar, yeralt\u0131 depolama tesisleri gibi toplam 225 tesis in\u015fa ettik. \u0130zmir\u2019e 4 yeni organize sanayi b\u00f6lgesi, 3 end\u00fcstri b\u00f6lgesi 5 teknopark, 100 bin ara\u015ft\u0131rma geli\u015ftirme merkezi ile 25 tasar\u0131m merkezi kurduk. Verdi\u011fimiz te\u015fviklerle tamamlanan 2 bin 930 \u00f6zel sekt\u00f6r projesinde 328 milyar lira yat\u0131r\u0131m ger\u00e7ekle\u015ftirerek 111 bin ki\u015filik istihdam sa\u011fland\u0131. \u015eubat ay\u0131nda \u00c7e\u015fme\u2019ye seneye de Karaburun\u2019a do\u011falgaz arz\u0131 sa\u011flamay\u0131 planl\u0131yoruz. Allah\u2019\u0131n izni ve milletimizin deste\u011fiyle \u00f6n\u00fcm\u00fczdeki y\u0131llarda \u0130zmir\u2019e her alanda \u00e7ok daha fazla eser ve hizmet kazand\u0131raca\u011f\u0131z. Sizlerden bunlar\u0131 her \u0130zmirli karde\u015fimizi anlatarak tamamen yalan ve talan k\u0131l\u0131f\u0131 haline d\u00f6n\u00fc\u015fen istismarc\u0131 ideolojik s\u00f6ylemler yerine eser ve hizmet siyasetine y\u00f6nelmelerini sa\u011flaman\u0131z\u0131 istiyorum&#8221; diye konu\u015ftu.<br \/><\/p>\n","protected":false},"excerpt":{"rendered":"<p>Cumhurba\u015fkan\u0131 Recep Tayyip Erdo\u011fan, &#8220;Allah\u2019\u0131n izni ve milletimizin deste\u011fiyle \u00f6n\u00fcm\u00fczdeki y\u0131llarda \u0130zmir\u2019e her alanda \u00e7ok daha fazla eser ve hizmet kazand\u0131raca\u011f\u0131z. Sizlerden bunlar\u0131 her \u0130zmirli karde\u015fimizi anlatarak tamamen yalan ve talan k\u0131l\u0131f\u0131 haline d\u00f6n\u00fc\u015fen istismarc\u0131 ideolojik s\u00f6ylemler yerine eser ve hizmet siyasetine y\u00f6nelmelerini sa\u011flaman\u0131z\u0131 istiyorum&#8221; dedi. Cumhurba\u015fkan\u0131 Recep Tayyip Erdo\u011fan, AK Parti 8\u2019inci Ola\u011fan \u0130l&#8230;<\/p>\n","protected":false},"author":1,"featured_media":14448,"comment_status":"open","ping_status":"open","sticky":false,"template":"","format":"standard","meta":{"_crdt_document":"","footnotes":""},"categories":[127],"tags":[],"class_list":["post-14447","post","type-post","status-publish","format-standard","has-post-thumbnail","hentry","category-siyaset"],"_links":{"self":[{"href":"https:\/\/www.egemtv.com\/index.php?rest_route=\/wp\/v2\/posts\/14447","targetHints":{"allow":["GET"]}}],"collection":[{"href":"https:\/\/www.egemtv.com\/index.php?rest_route=\/wp\/v2\/posts"}],"about":[{"href":"https:\/\/www.egemtv.com\/index.php?rest_route=\/wp\/v2\/types\/post"}],"author":[{"embeddable":true,"href":"https:\/\/www.egemtv.com\/index.php?rest_route=\/wp\/v2\/users\/1"}],"replies":[{"embeddable":true,"href":"https:\/\/www.egemtv.com\/index.php?rest_route=%2Fwp%2Fv2%2Fcomments&post=14447"}],"version-history":[{"count":1,"href":"https:\/\/www.egemtv.com\/index.php?rest_route=\/wp\/v2\/posts\/14447\/revisions"}],"predecessor-version":[{"id":14449,"href":"https:\/\/www.egemtv.com\/index.php?rest_route=\/wp\/v2\/posts\/14447\/revisions\/14449"}],"wp:featuredmedia":[{"embeddable":true,"href":"https:\/\/www.egemtv.com\/index.php?rest_route=\/wp\/v2\/media\/14448"}],"wp:attachment":[{"href":"https:\/\/www.egemtv.com\/index.php?rest_route=%2Fwp%2Fv2%2Fmedia&parent=14447"}],"wp:term":[{"taxonomy":"category","embeddable":true,"href":"https:\/\/www.egemtv.com\/index.php?rest_route=%2Fwp%2Fv2%2Fcategories&post=14447"},{"taxonomy":"post_tag","embeddable":true,"href":"https:\/\/www.egemtv.com\/index.php?rest_route=%2Fwp%2Fv2%2Ftags&post=14447"}],"curies":[{"name":"wp","href":"https:\/\/api.w.org\/{rel}","templated":true}]}}