{"id":14441,"date":"2025-02-01T16:16:16","date_gmt":"2025-02-01T13:16:16","guid":{"rendered":"https:\/\/www.egemtv.com\/?p=14441"},"modified":"2025-02-01T16:16:20","modified_gmt":"2025-02-01T13:16:20","slug":"ak-parti-izmir-il-baskani-bilal-saygili-guven-tazeledi","status":"publish","type":"post","link":"https:\/\/www.egemtv.com\/?p=14441","title":{"rendered":"AK Parti \u0130zmir \u0130l Ba\u015fkan\u0131 Bilal Sayg\u0131l\u0131 g\u00fcven tazeledi"},"content":{"rendered":"<p>AK Parti \u0130zmir\u2019de 8\u2019inci Ola\u011fan \u0130l Kongresi heyecan\u0131 ya\u015fand\u0131. Kongrede tek aday olarak g\u00f6sterilen Bilal Sayg\u0131l\u0131, yeniden \u0130l Ba\u015fkan\u0131 se\u00e7ildi.<br \/>\n<br \/>AK Parti \u0130zmir\u2019in 8\u2019inci Ola\u011fan \u0130l Kongresi, Cumhurba\u015fkan\u0131 Recep Tayyip Erdo\u011fan\u2019\u0131n kat\u0131l\u0131m\u0131yla tamamland\u0131. Halkap\u0131nar Spor Salonu\u2019nda d\u00fczenlenen kongrenin Divan Ba\u015fkanl\u0131\u011f\u0131na AK Parti MKYK \u00dcyesi ve \u0130zmir il Koordinat\u00f6r\u00fc Ahmet Sami Ceylan, Divan \u00dcyeliklerine ise \u0130l Kad\u0131n Kollar\u0131 Ba\u015fkan\u0131 Emel Dalk\u0131ran, \u0130l Gen\u00e7lik Kollar\u0131 Ba\u015fkan\u0131 Mehmet Emin \u0130\u00e7elli, \u00f6nceki d\u00f6nem \u0130zmir Milletvekili ve \u0130l Ba\u015fkan\u0131 Ali A\u015fl\u0131k, Genel Merkez Te\u015fkilat Koordinat\u00f6r\u00fc Salih \u00c7etinkaya se\u00e7ildi.<\/p>\n<p>Bilal Sayg\u0131l\u0131 yeniden \u0130l Ba\u015fkan\u0131 se\u00e7ildi<br \/>\n<br \/>Tek adayl\u0131 kongrede mevcut \u0130l Ba\u015fkan\u0131 Bilal Sayg\u0131l\u0131, yeniden ba\u015fkan se\u00e7ildi. Konu\u015fmalar\u0131n sonunda, AK Parti \u0130zmir \u0130l Ba\u015fkan\u0131 Bilal Sayg\u0131l\u0131 taraf\u0131ndan Cumhurba\u015fkan\u0131 Erdo\u011fan\u2019a \u00c7akabey Mi\u011fferi hediye edildi.<br \/>\n<br \/>Kongreye, son Ba\u015fbakan Binali Y\u0131ld\u0131r\u0131m, Genel Ba\u015fkanvekilleri Efkan Ala, Mustafa Elita\u015f, Genel Ba\u015fkan Yard\u0131mc\u0131lar\u0131 Hamza Da\u011f, Erkan Kandemir, \u00d6mer \u00c7elik, Fatma Bet\u00fcl Sayan Kaya, Nihat Zeybek\u00e7i, \u00d6mer \u0130leri, Yusuf Ziya Y\u0131lmaz, \u00c7i\u011fdem Karaarslan, TBMM AK Parti Grup Ba\u015fkanvekili Bahad\u0131r Yeni\u015fehlio\u011flu, Leyla \u015eahin Usta, Enerji ve Tabi Kaynaklar Bakan\u0131 Alpaslan Bayraktar, Gen\u00e7lik ve Spor Bakan\u0131 Osman A\u015fk\u0131n Bak, Ula\u015ft\u0131rma ve Alt Yap\u0131 Bakan\u0131 Abdulkadir Uralo\u011flu, \u0130zmir Milletvekilleri Mehmet Muharrem Kasapo\u011flu, Ey\u00fcp Kadir \u0130nan, Mahmut Atilla Kaya, \u015eebnem Bursal\u0131, Ceyda B\u00f6l\u00fcnmez \u00c7ank\u0131r\u0131, Alpay \u00d6zalan, Ya\u015far K\u0131rkp\u0131nar, Mehmet Ali \u00c7elebi, STK temsilcileri, muhtarlar ve partililer kat\u0131ld\u0131.<br \/><\/p>\n","protected":false},"excerpt":{"rendered":"<p>AK Parti \u0130zmir\u2019de 8\u2019inci Ola\u011fan \u0130l Kongresi heyecan\u0131 ya\u015fand\u0131. Kongrede tek aday olarak g\u00f6sterilen Bilal Sayg\u0131l\u0131, yeniden \u0130l Ba\u015fkan\u0131 se\u00e7ildi. AK Parti \u0130zmir\u2019in 8\u2019inci Ola\u011fan \u0130l Kongresi, Cumhurba\u015fkan\u0131 Recep Tayyip Erdo\u011fan\u2019\u0131n kat\u0131l\u0131m\u0131yla tamamland\u0131. Halkap\u0131nar Spor Salonu\u2019nda d\u00fczenlenen kongrenin Divan Ba\u015fkanl\u0131\u011f\u0131na AK Parti MKYK \u00dcyesi ve \u0130zmir il Koordinat\u00f6r\u00fc Ahmet Sami Ceylan, Divan \u00dcyeliklerine ise \u0130l&#8230;<\/p>\n","protected":false},"author":1,"featured_media":14442,"comment_status":"open","ping_status":"open","sticky":false,"template":"","format":"standard","meta":{"_crdt_document":"","footnotes":""},"categories":[127],"tags":[],"class_list":["post-14441","post","type-post","status-publish","format-standard","has-post-thumbnail","hentry","category-siyaset"],"_links":{"self":[{"href":"https:\/\/www.egemtv.com\/index.php?rest_route=\/wp\/v2\/posts\/14441","targetHints":{"allow":["GET"]}}],"collection":[{"href":"https:\/\/www.egemtv.com\/index.php?rest_route=\/wp\/v2\/posts"}],"about":[{"href":"https:\/\/www.egemtv.com\/index.php?rest_route=\/wp\/v2\/types\/post"}],"author":[{"embeddable":true,"href":"https:\/\/www.egemtv.com\/index.php?rest_route=\/wp\/v2\/users\/1"}],"replies":[{"embeddable":true,"href":"https:\/\/www.egemtv.com\/index.php?rest_route=%2Fwp%2Fv2%2Fcomments&post=14441"}],"version-history":[{"count":1,"href":"https:\/\/www.egemtv.com\/index.php?rest_route=\/wp\/v2\/posts\/14441\/revisions"}],"predecessor-version":[{"id":14443,"href":"https:\/\/www.egemtv.com\/index.php?rest_route=\/wp\/v2\/posts\/14441\/revisions\/14443"}],"wp:featuredmedia":[{"embeddable":true,"href":"https:\/\/www.egemtv.com\/index.php?rest_route=\/wp\/v2\/media\/14442"}],"wp:attachment":[{"href":"https:\/\/www.egemtv.com\/index.php?rest_route=%2Fwp%2Fv2%2Fmedia&parent=14441"}],"wp:term":[{"taxonomy":"category","embeddable":true,"href":"https:\/\/www.egemtv.com\/index.php?rest_route=%2Fwp%2Fv2%2Fcategories&post=14441"},{"taxonomy":"post_tag","embeddable":true,"href":"https:\/\/www.egemtv.com\/index.php?rest_route=%2Fwp%2Fv2%2Ftags&post=14441"}],"curies":[{"name":"wp","href":"https:\/\/api.w.org\/{rel}","templated":true}]}}