{"id":14438,"date":"2025-02-01T16:08:44","date_gmt":"2025-02-01T13:08:44","guid":{"rendered":"https:\/\/www.egemtv.com\/?p=14438"},"modified":"2025-02-01T16:08:49","modified_gmt":"2025-02-01T13:08:49","slug":"cumhurbaskani-erdogan-izmire-eser-birakmadilar-yediler-ictiler-dagildilar","status":"publish","type":"post","link":"https:\/\/www.egemtv.com\/?p=14438","title":{"rendered":"Cumhurba\u015fkan\u0131 Erdo\u011fan: &#8220;\u0130zmir\u2019e eser b\u0131rakmad\u0131lar yediler i\u00e7tiler da\u011f\u0131ld\u0131lar&#8221;"},"content":{"rendered":"<p>Cumhurba\u015fkan\u0131 Recep Tayyip Erdo\u011fan, &#8220;Peki buradan size ve t\u00fcm \u0130zmirlilere soruyorum. Topunun birden \u0130zmir\u2019e t\u0131rnak ucu kadar bir faydas\u0131 hizmeti dokundu mu, var m\u0131? Bu genel ba\u015fkanlar \u015fehrimize \u015funlar\u0131 \u015funlar\u0131 kazand\u0131rd\u0131 diye 3-5 ba\u015fl\u0131k sayabilecek birisi yok. \u00c7\u00fcnk\u00fc yap\u0131lan hi\u00e7bir \u015fey yok. Belki geride hi\u00e7bir eser hi\u00e7bir hizmet b\u0131rakmad\u0131lar ama her \u0130zmir\u2019e geli\u015flerinde yediler i\u00e7tiler da\u011f\u0131ld\u0131lar&#8221; dedi.<br \/>\n<br \/>Cumhurba\u015fkan\u0131 Recep Tayyip Erdo\u011fan, AK Parti 8\u2019inci Ola\u011fan \u0130l Kongresi\u2019ne kat\u0131lmak \u00fczere \u0130zmir\u2019e geldi. Halkap\u0131nar Spor Salonu\u2019nda d\u00fczenlenen kongrede partililere seslenen Erdo\u011fan, &#8220;Sadece \u015fu son 10 y\u0131lda ya\u015fananlar bile \u015fehrin CHP\u2019li yerel y\u00f6neticiler ve siyaset\u00e7iler taraf\u0131ndan nas\u0131l bir garabet sarmal\u0131na sokuldu\u011funu g\u00f6stermeye yeterlidir. Haklar\u0131n\u0131 isteyen i\u015f\u00e7ileri dinlemek yerine soka\u011fa atarlar. \u0130zmir K\u00f6rfezi\u2019nin k\u00f6t\u00fc kokudan yan\u0131na yakla\u015f\u0131lmad\u0131\u011f\u0131 halde k\u0131llar\u0131n\u0131 k\u0131p\u0131rdatmazlar. K\u00f6rfezin temizlenmesinin asli sorumlusu millete olan sayg\u0131s\u0131ndan dolay\u0131 bu meseleye \u00e7\u00f6z\u00fcm arayan bakanl\u0131\u011f\u0131n toplant\u0131s\u0131na kat\u0131lma l\u00fctfunda dahi bulunmazlar&#8221; dedi.<\/p>\n<p>&#8220;\u00dclkenin en pahal\u0131 suyunu \u0130zmirlilere i\u00e7irirler&#8221;<br \/>\n<br \/>\u0130zmir\u2019in su sorununa da de\u011finen Erdo\u011fan, &#8220;\u00dclkenin en pahal\u0131 suyunu \u0130zmirlilere i\u00e7irirler. \u0130l\u00e7elerine hizmet etmeleri i\u00e7in se\u00e7ilen ba\u015fkanlar \u0130stanbul\u2019da siyasi ikbal pe\u015finde ko\u015farlar. K\u00f6t\u00fc y\u00f6netimden dolay\u0131 i\u015f\u00e7i maa\u015flar\u0131n\u0131 \u00f6deyemedikleri i\u00e7in temel hizmetler bile aksar. Kentsel d\u00f6n\u00fc\u015f\u00fcm projelerindeki doland\u0131r\u0131c\u0131l\u0131klar\u0131n\u0131n arkas\u0131nda kendi partilerinin silueti belirir. Eski ve yeni ba\u015fkanlar\u0131n \u015fehre zerre kadar faydas\u0131 olmayan ki\u015fisel kavgalar\u0131 ayyuka \u00e7\u0131kar. Hakaret su\u00e7undan yarg\u0131lanan edepsizleri \u00f6nce protokole al\u0131p ba\u015fk\u00f6\u015feye oturttular sonra \u00f6z\u00fcr dilerler. Kar\u015f\u0131m\u0131zda neresinden tutsan\u0131z elinizde kalan bir \u0130zmir foto\u011fraf\u0131 var. CHP Genel Ba\u015fkan\u0131 bile bu durumun fark\u0131na varm\u0131\u015f olmal\u0131 ki \u0130zmir\u2019in temsilindeki sorunlar\u0131 ikrar etmek mecburiyetinde kald\u0131. Kendi g\u00f6revlerini yapmaktan aciz y\u00f6netimlerin ba\u015far\u0131s\u0131zl\u0131klar\u0131n\u0131 Atat\u00fcrk\u00e7\u00fcl\u00fck maskesiyle, ilericilik \u00f6rt\u00fcs\u00fcyle, \u00e7a\u011fda\u015fl\u0131k perdesiyle gizlemeye \u00e7al\u0131\u015fmas\u0131 da ayr\u0131 bir hastal\u0131k. \u0130zmir, her alanda s\u00fcrekli geriliyor ama bunlar ilericilik kisvesi alt\u0131nda ya\u011fma d\u00fczenlerini devam ettirmek i\u00e7in canh\u0131ra\u015f bir \u015fekilde u\u011fra\u015f\u0131yorlar&#8221; diye konu\u015ftu.<\/p>\n<p>&#8220;\u0130zmir\u2019deki tabloyu Cumhur \u0130ttifak\u0131 de\u011fi\u015ftirecek&#8221;<br \/>\n<br \/>AK Parti ve Cumhur \u0130ttifak\u0131 olarak bu tabloyu de\u011fi\u015ftirmek boyunlar\u0131n\u0131n borcu oldu\u011funu vurgulayan Erdo\u011fan, &#8220;Tabii bunun i\u00e7in \u00f6nce \u0130zmir\u2019deki vatanda\u015flar\u0131m\u0131z\u0131 siyasi tercihlerini ideolojik saiklerle de\u011fil eser ve hizmet merkezli olarak yapmaya ikna etmemiz gerekiyor. Y\u0131llar sonra bizzat i\u015fin sahiplerinin Atat\u00fcrk\u00e7\u00fc ve Kemalizm\u2019i Menderes\u2019e kar\u015f\u0131 m\u00fccadele edebilmek i\u00e7in biz icat ettik dedi\u011fi bir fanatizm, Menderes\u2019in t\u00fcm kalbini adad\u0131\u011f\u0131 \u015fehir olan \u0130zmir\u2019i esir alamaz. Cumhuriyetimizin banisi Gazi Mustafa Kemal &#8220;Benim en b\u00fcy\u00fck eserim Cumhuriyettir&#8221; derken bunlar\u0131n cumhuriyetin geli\u015fmesine kalk\u0131nmas\u0131na zerre kadar katk\u0131lar\u0131 olmad\u0131. Tam tersine kendilerine aff\u0131n\u0131za s\u0131\u011f\u0131narak s\u00f6yl\u00fcyorum &#8220;Mustafa Kemal\u2019in \u0130tleri&#8221; diyenlerle birlikte belediyelerde soygun d\u00fczeni kurmay\u0131, kent uzla\u015f\u0131s\u0131 ad\u0131 alt\u0131nda me\u015frula\u015ft\u0131rma \u00e7abas\u0131na girdiler. Kimi zaman se\u00e7im kazanmak kimi zaman ceplerini doldurmak i\u00e7in y\u0131llard\u0131r Gazi Mustafa Kemal\u2019in miras\u0131n\u0131 ya\u011fmalamaktan b\u0131kmad\u0131lar&#8221; dedi.<br \/>\n<br \/>Ter\u00f6r konusuna da de\u011finen Erdo\u011fan, s\u00f6zlerine \u015f\u00f6yle devam etti: Bir de utanmadan arlanmadan haya etmeden \u00e7\u0131k\u0131p bizim, &#8220;Ter\u00f6rs\u00fcz T\u00fcrkiye&#8221; \u00e7abam\u0131zla kendi su\u00e7 ortakl\u0131klar\u0131n\u0131 bir tutmaya kalk\u0131yorlar. Muhalefeti alternatif vizyon ve program \u00fcretme sorumlulu\u011fu olmaktan \u00e7\u0131kart\u0131p T\u00fcrkiye ve T\u00fcrk milletinin d\u00fc\u015fman\u0131 kim varsa onlar\u0131n de\u011firmenine su ta\u015f\u0131ma arac\u0131 haline bunlar getirdi. Eski genel ba\u015fkanlar\u0131 bu \u015fehrin milletvekili oldu. Yeni genel ba\u015fkanlar\u0131 g\u00fcya kendini \u0130zmirli olarak g\u00f6r\u00fcyor. Peki buradan size ve t\u00fcm \u0130zmirlilere soruyorum. Topunun birden \u0130zmir\u2019e t\u0131rnak ucu kadar bir faydas\u0131 hizmeti dokundu mu, var m\u0131? Bu genel ba\u015fkanlar \u015fehrimize \u015funlar\u0131 \u015funlar\u0131 kazand\u0131rd\u0131 diye 3-5 ba\u015fl\u0131k sayabilecek birisi yok. \u00c7\u00fcnk\u00fc yap\u0131lan hi\u00e7bir \u015fey yok. Belki geride hi\u00e7bir eser hi\u00e7bir hizmet b\u0131rakmad\u0131lar ama her \u0130zmir\u2019e geli\u015flerinde yediler i\u00e7tiler da\u011f\u0131ld\u0131lar. Gazi\u2019nin emaneti olan Cumhuriyete en b\u00fcy\u00fck zarar\u0131 sorsan\u0131z Atat\u00fcrk\u00e7\u00fcl\u00fc\u011f\u00fc ve Kemalizm\u2019i kimseye b\u0131rakmayan i\u015fte bu mirasyedi tayfa vermektedir. CHP\u2019yi ve ona oy verenleri bu proje \u00fcr\u00fcn\u00fc istismar siyasetinden kurtarmak \u0130zmir\u2019in kurtulu\u015funu \u00fclkenin istikrar\u0131 ile bir tutan ecdada da Gazi\u2019nin hat\u0131ras\u0131na da demokrasimize de yap\u0131lacak en b\u00fcy\u00fck hizmet olacakt\u0131r.&#8221;<br \/><\/p>\n","protected":false},"excerpt":{"rendered":"<p>Cumhurba\u015fkan\u0131 Recep Tayyip Erdo\u011fan, &#8220;Peki buradan size ve t\u00fcm \u0130zmirlilere soruyorum. Topunun birden \u0130zmir\u2019e t\u0131rnak ucu kadar bir faydas\u0131 hizmeti dokundu mu, var m\u0131? Bu genel ba\u015fkanlar \u015fehrimize \u015funlar\u0131 \u015funlar\u0131 kazand\u0131rd\u0131 diye 3-5 ba\u015fl\u0131k sayabilecek birisi yok. \u00c7\u00fcnk\u00fc yap\u0131lan hi\u00e7bir \u015fey yok. Belki geride hi\u00e7bir eser hi\u00e7bir hizmet b\u0131rakmad\u0131lar ama her \u0130zmir\u2019e geli\u015flerinde yediler i\u00e7tiler&#8230;<\/p>\n","protected":false},"author":1,"featured_media":14439,"comment_status":"open","ping_status":"open","sticky":false,"template":"","format":"standard","meta":{"_crdt_document":"","footnotes":""},"categories":[127],"tags":[],"class_list":["post-14438","post","type-post","status-publish","format-standard","has-post-thumbnail","hentry","category-siyaset"],"_links":{"self":[{"href":"https:\/\/www.egemtv.com\/index.php?rest_route=\/wp\/v2\/posts\/14438","targetHints":{"allow":["GET"]}}],"collection":[{"href":"https:\/\/www.egemtv.com\/index.php?rest_route=\/wp\/v2\/posts"}],"about":[{"href":"https:\/\/www.egemtv.com\/index.php?rest_route=\/wp\/v2\/types\/post"}],"author":[{"embeddable":true,"href":"https:\/\/www.egemtv.com\/index.php?rest_route=\/wp\/v2\/users\/1"}],"replies":[{"embeddable":true,"href":"https:\/\/www.egemtv.com\/index.php?rest_route=%2Fwp%2Fv2%2Fcomments&post=14438"}],"version-history":[{"count":1,"href":"https:\/\/www.egemtv.com\/index.php?rest_route=\/wp\/v2\/posts\/14438\/revisions"}],"predecessor-version":[{"id":14440,"href":"https:\/\/www.egemtv.com\/index.php?rest_route=\/wp\/v2\/posts\/14438\/revisions\/14440"}],"wp:featuredmedia":[{"embeddable":true,"href":"https:\/\/www.egemtv.com\/index.php?rest_route=\/wp\/v2\/media\/14439"}],"wp:attachment":[{"href":"https:\/\/www.egemtv.com\/index.php?rest_route=%2Fwp%2Fv2%2Fmedia&parent=14438"}],"wp:term":[{"taxonomy":"category","embeddable":true,"href":"https:\/\/www.egemtv.com\/index.php?rest_route=%2Fwp%2Fv2%2Fcategories&post=14438"},{"taxonomy":"post_tag","embeddable":true,"href":"https:\/\/www.egemtv.com\/index.php?rest_route=%2Fwp%2Fv2%2Ftags&post=14438"}],"curies":[{"name":"wp","href":"https:\/\/api.w.org\/{rel}","templated":true}]}}