{"id":14435,"date":"2025-02-01T15:45:47","date_gmt":"2025-02-01T12:45:47","guid":{"rendered":"https:\/\/www.egemtv.com\/?p=14435"},"modified":"2025-02-01T15:45:52","modified_gmt":"2025-02-01T12:45:52","slug":"cumhurbaskani-erdogan-izmir-sehri-yonetenlerin-umurunda-degil","status":"publish","type":"post","link":"https:\/\/www.egemtv.com\/?p=14435","title":{"rendered":"Cumhurba\u015fkan\u0131 Erdo\u011fan: &#8220;\u0130zmir, \u015fehri y\u00f6netenlerin umurunda de\u011fil&#8221;"},"content":{"rendered":"<p>Cumhurba\u015fkan\u0131 Recep Tayyip Erdo\u011fan, &#8220;\u0130zmir\u2019in hemen hemen t\u00fcm mahalleleri, caddeleri, sokaklar\u0131 ve denizi peri\u015fan vaziyettedir. Tek i\u015fi vatanda\u015fa hizmet etmek ve \u015fehri ya\u015fan\u0131l\u0131r k\u0131lmak olanlar maalesef vatanda\u015fa hizmet etmekten ba\u015fka her i\u015fi yap\u0131yor. Ya\u011fmur \u00e7iselese \u0130zmir\u2019i su bas\u0131yor umurlar\u0131nda de\u011fil. Bir zamanlar medeniyet sembol\u00fc \u0130zmir tarihinin en karanl\u0131k en bak\u0131ms\u0131z en peri\u015fan devrini ya\u015f\u0131yor&#8221; dedi.<br \/>\n<br \/>Cumhurba\u015fkan\u0131 Recep Tayyip Erdo\u011fan, AK Parti 8\u2019inci Ola\u011fan \u0130l Kongresi\u2019ne kat\u0131lmak \u00fczere \u0130zmir\u2019e geldi. Halkap\u0131nar Spor Salonu\u2019nda d\u00fczenlenen kongrede partililere seslenen Erdo\u011fan, &#8220;\u015eu an canl\u0131 ba\u011flant\u0131 ile bizleri takip eden Ardahan ve Yozgat\u2019taki dava karde\u015flerime de selam ediyor hepsini tek tek kucakl\u0131yor kendilerine te\u015fekk\u00fcr ediyorum. Kongrelerimizin \u0130zmir, Ardahan ve Yozgat\u2019ta birlikte \u00fclkemize ve milletimize de hay\u0131rl\u0131 u\u011furlu olmas\u0131n\u0131 diliyorum. Te\u015fkilat\u0131m\u0131zdan dar-\u00fcl bekaya ihtilalinden karde\u015flerime rabbimden rahmet niyaz ediyorum. Bayra\u011f\u0131 devralan yol arkada\u015flar\u0131m\u0131za ba\u015far\u0131lar diliyor bayra\u011f\u0131 devreden arkada\u015flar\u0131m\u0131za da hizmetlerinden dolay\u0131 te\u015fekk\u00fcr ediyorum&#8221; dedi.<\/p>\n<p>&#8220;\u0130zmir t\u00fcrk\u00fcleri Efelikleri anlat\u0131r&#8221;<br \/>\n<br \/>\u0130zmir\u2019in y\u00f6resel t\u00fcrk\u00fclerinin kahramanl\u0131\u011f\u0131 anlatt\u0131\u011f\u0131n\u0131 ifade eden Erdo\u011fan, &#8220;\u0130zmir t\u00fcrk\u00fclerine bakarsan\u0131z \u00e7o\u011funun kahramanl\u0131k \u00fczerine Efelerin cesareti, askerlerimizin fedakarl\u0131\u011f\u0131 \u00fczerine yaz\u0131ld\u0131\u011f\u0131n\u0131 g\u00f6r\u00fcrs\u00fcn\u00fcz. &#8220;Asker ettiler beni, k\u0131demli \u00e7avu\u015f. Gurbet \u00e7\u00f6llerinde oldum bir bayku\u015f. Anadan, babadan, yardan bir haber yokmu\u015f. U\u00e7un ku\u015flar u\u00e7un \u0130zmir\u2019e do\u011fru. Anadan babadan yardan vazge\u00e7erek vatan hizmetine ko\u015fan \u0130zmirlilerin hasretini ku\u015flara f\u0131s\u0131ldad\u0131\u011f\u0131 bu t\u00fcrk\u00fcleri her birinin gerisinde ayr\u0131 bir kahramanl\u0131k hikayesi vard\u0131r. \u0130\u015fte bunun i\u00e7in 1. D\u00fcnya Sava\u015f\u0131\u2019nda \u0130zmir i\u015fgal edildi\u011finde t\u00fcm T\u00fcrkiye yasa b\u00fcr\u00fcnm\u00fc\u015ft\u00fcr. Bu i\u015fgal \u00fczerine \u0130stanbul\u2019da Sultanahmet Mitingi\u2019nde Halide Edip Ad\u0131var\u2019\u0131n ettirdi\u011fi yemindeki ahdimiz bug\u00fcn de kalbimizde ayn\u0131 heyecanla ya\u015f\u0131yor. Ne diyordu bu ahitte, &#8220;T\u00fcrkiye istiklale kavu\u015fana kadar korkmayaca\u011f\u0131z hi\u00e7bir me\u015fakkatten ka\u00e7mayaca\u011f\u0131z. Bayra\u011f\u0131m\u0131za ecdad\u0131m\u0131z\u0131n emanetine ihanet etmeyece\u011fiz. G\u00f6r\u00fcld\u00fc\u011f\u00fc gibi milletimiz \u0130zmir\u2019in istiklalini T\u00fcrkiye\u2019nin istiklaliyle m\u00fcsavi tutmu\u015ftur. T\u00fcrk tarihinde daima yek v\u00fccut olman\u0131n \u0130stiklale ve ecadad\u0131n miras\u0131na sahip \u00e7\u0131kman\u0131n timsali oldu\u011fu i\u00e7in o kara g\u00fcnlerde milletimiz \u0130zmir\u2019e b\u00f6ylesine s\u0131k\u0131 s\u0131k\u0131ya sahip \u00e7\u0131km\u0131\u015ft\u0131r Biz de \u0130zmir\u2019e \u00c7aka Bey nas\u0131l sahip \u00e7\u0131kt\u0131ysa Gazi nas\u0131l sahip \u00e7\u0131kt\u0131ysa Menderes nas\u0131l sahip \u00e7\u0131kt\u0131ysa \u00f6yle samimiyetle sahip \u00e7\u0131kt\u0131k. De\u011ferli karde\u015flerim Tabii \u0130zmir\u2019e sahip \u00e7\u0131kmak Bu \u015fehre a\u015fkla hizmet etmekle olur&#8221; dedi.<\/p>\n<p>&#8220;Yerel y\u00f6netimler \u0130zmir\u2019e sahip \u00e7\u0131km\u0131yor&#8221;<br \/>\n<br \/>\u0130zmir\u2019de yerel y\u00f6netimleri ele\u015ftiren Erdo\u011fan, &#8220;Bug\u00fcn yerel y\u00f6netimlerin ve \u015fehrin temsilcilerinin \u00e7o\u011funun \u0130zmir\u2019e sahip \u00e7\u0131kma azminde olmad\u0131\u011f\u0131n\u0131 \u00fcz\u00fclerek g\u00f6r\u00fcyoruz. Allah rahmet etsin Mehmet Akif bir zamanlar \u0130stanbul i\u00e7in \u015f\u00f6yle demi\u015fti, &#8220;Bizim mahalle de \u0130stanbul\u2019un kenar\u0131 demek. Sokaklar\u0131nda gezilmez ki y\u00fczme bilmeyerek. Akif\u2019in 110 y\u0131l \u00f6nce \u0130stanbul i\u00e7in yapt\u0131\u011f\u0131 tespitin \u00f6rneklerini 2025 \u0130zmir\u2019inde hemen her alanda g\u00f6rmek m\u00fcmk\u00fcnd\u00fcr. \u0130zmir\u2019in hemen hemen t\u00fcm mahalleleri, caddeleri, sokaklar\u0131 denizi peri\u015fan vaziyettedir. Tek i\u015fi vatanda\u015fa hizmet etmek ve \u015fehri ya\u015fan\u0131l\u0131r k\u0131lmak olanlar maalesef vatanda\u015fa hizmet etmekten ba\u015fka her i\u015fi yap\u0131yor. Ya\u011fmur \u00e7iselese \u0130zmir\u2019i su bas\u0131yor umurlar\u0131nda de\u011fil. R\u00fczgar k\u0131m\u0131ldasa \u0130zmir ya\u015fanmaz hale geliyor, havaya bak\u0131p \u0131sl\u0131k \u00e7al\u0131yorlar. Altyap\u0131 deseniz zaten hi\u00e7 mevcut de\u011fil ki \u00fczerinde konu\u015fas\u0131n\u0131z. Hulasaten zaten bir zamanlar medeniyet sembol\u00fc \u0130zmir tarihinin en karanl\u0131k en bak\u0131ms\u0131z en peri\u015fan devrini ya\u015f\u0131yor&#8221; diye konu\u015ftu.<br \/><\/p>\n","protected":false},"excerpt":{"rendered":"<p>Cumhurba\u015fkan\u0131 Recep Tayyip Erdo\u011fan, &#8220;\u0130zmir\u2019in hemen hemen t\u00fcm mahalleleri, caddeleri, sokaklar\u0131 ve denizi peri\u015fan vaziyettedir. Tek i\u015fi vatanda\u015fa hizmet etmek ve \u015fehri ya\u015fan\u0131l\u0131r k\u0131lmak olanlar maalesef vatanda\u015fa hizmet etmekten ba\u015fka her i\u015fi yap\u0131yor. Ya\u011fmur \u00e7iselese \u0130zmir\u2019i su bas\u0131yor umurlar\u0131nda de\u011fil. Bir zamanlar medeniyet sembol\u00fc \u0130zmir tarihinin en karanl\u0131k en bak\u0131ms\u0131z en peri\u015fan devrini ya\u015f\u0131yor&#8221; dedi&#8230;.<\/p>\n","protected":false},"author":1,"featured_media":14436,"comment_status":"open","ping_status":"open","sticky":false,"template":"","format":"standard","meta":{"_crdt_document":"","footnotes":""},"categories":[127],"tags":[],"class_list":["post-14435","post","type-post","status-publish","format-standard","has-post-thumbnail","hentry","category-siyaset"],"_links":{"self":[{"href":"https:\/\/www.egemtv.com\/index.php?rest_route=\/wp\/v2\/posts\/14435","targetHints":{"allow":["GET"]}}],"collection":[{"href":"https:\/\/www.egemtv.com\/index.php?rest_route=\/wp\/v2\/posts"}],"about":[{"href":"https:\/\/www.egemtv.com\/index.php?rest_route=\/wp\/v2\/types\/post"}],"author":[{"embeddable":true,"href":"https:\/\/www.egemtv.com\/index.php?rest_route=\/wp\/v2\/users\/1"}],"replies":[{"embeddable":true,"href":"https:\/\/www.egemtv.com\/index.php?rest_route=%2Fwp%2Fv2%2Fcomments&post=14435"}],"version-history":[{"count":1,"href":"https:\/\/www.egemtv.com\/index.php?rest_route=\/wp\/v2\/posts\/14435\/revisions"}],"predecessor-version":[{"id":14437,"href":"https:\/\/www.egemtv.com\/index.php?rest_route=\/wp\/v2\/posts\/14435\/revisions\/14437"}],"wp:featuredmedia":[{"embeddable":true,"href":"https:\/\/www.egemtv.com\/index.php?rest_route=\/wp\/v2\/media\/14436"}],"wp:attachment":[{"href":"https:\/\/www.egemtv.com\/index.php?rest_route=%2Fwp%2Fv2%2Fmedia&parent=14435"}],"wp:term":[{"taxonomy":"category","embeddable":true,"href":"https:\/\/www.egemtv.com\/index.php?rest_route=%2Fwp%2Fv2%2Fcategories&post=14435"},{"taxonomy":"post_tag","embeddable":true,"href":"https:\/\/www.egemtv.com\/index.php?rest_route=%2Fwp%2Fv2%2Ftags&post=14435"}],"curies":[{"name":"wp","href":"https:\/\/api.w.org\/{rel}","templated":true}]}}