{"id":14432,"date":"2025-02-01T15:45:41","date_gmt":"2025-02-01T12:45:41","guid":{"rendered":"https:\/\/www.egemtv.com\/?p=14432"},"modified":"2025-02-01T15:45:47","modified_gmt":"2025-02-01T12:45:47","slug":"kaymakam-dogru-ortaklar-genc-ofisinde-genclerle-bir-araya-geldi","status":"publish","type":"post","link":"https:\/\/www.egemtv.com\/?p=14432","title":{"rendered":"Kaymakam Do\u011fru, Ortaklar Gen\u00e7 Ofisi\u2019nde gen\u00e7lerle bir araya geldi"},"content":{"rendered":"<p>Germencik Kaymakam\u0131 Sultan Do\u011fru Gen\u00e7lik ve Spor M\u00fcd\u00fcrl\u00fc\u011f\u00fc Ortaklar Gen\u00e7 Ofis\u2019i ziyaret ederek gen\u00e7lerle bulu\u015ftu.<\/p>\n<p>Germencik Kaymakam\u0131 Sultan Do\u011fru, Gen\u00e7lik ve Spor M\u00fcd\u00fcrl\u00fc\u011f\u00fc Ortaklar Gen\u00e7 Ofis ziyaret s\u0131ras\u0131nda m\u00fczik at\u00f6lyesi, h\u0131zl\u0131 okuma ve ak\u0131l-zeka oyunlar\u0131 at\u00f6lyelerini inceleyerek gen\u00e7lerin g\u00f6sterilerini izledi. Gen\u00e7lerin yeteneklerini sergiledi\u011fi etkinlikler Kaymakam Do\u011fru\u2019nun takdirini kazan\u0131rken, gen\u00e7lerin geli\u015fimlerini destekleyen bu t\u00fcr at\u00f6lyelere b\u00fcy\u00fck \u00f6nem verdiklerini belirten Do\u011fru, gen\u00e7lerin sanatsal ve zihinsel geli\u015fimlerine katk\u0131 sa\u011flayan bu t\u00fcr projelerin devam etmesi gerekti\u011fini vurgulad\u0131. Ziyaretinin sonunda, Ortaklar Gen\u00e7 Ofisi\u2019nde d\u00fczenlenen at\u00f6lyelerin gen\u00e7ler i\u00e7in bir f\u0131rsat sundu\u011funu belirten Kaymakam Do\u011fru, gen\u00e7lere ba\u015far\u0131lar dileyerek gen\u00e7lerle hat\u0131ra foto\u011fraf\u0131 \u00e7ektirdi.<br \/><\/p>\n","protected":false},"excerpt":{"rendered":"<p>Germencik Kaymakam\u0131 Sultan Do\u011fru Gen\u00e7lik ve Spor M\u00fcd\u00fcrl\u00fc\u011f\u00fc Ortaklar Gen\u00e7 Ofis\u2019i ziyaret ederek gen\u00e7lerle bulu\u015ftu. Germencik Kaymakam\u0131 Sultan Do\u011fru, Gen\u00e7lik ve Spor M\u00fcd\u00fcrl\u00fc\u011f\u00fc Ortaklar Gen\u00e7 Ofis ziyaret s\u0131ras\u0131nda m\u00fczik at\u00f6lyesi, h\u0131zl\u0131 okuma ve ak\u0131l-zeka oyunlar\u0131 at\u00f6lyelerini inceleyerek gen\u00e7lerin g\u00f6sterilerini izledi. Gen\u00e7lerin yeteneklerini sergiledi\u011fi etkinlikler Kaymakam Do\u011fru\u2019nun takdirini kazan\u0131rken, gen\u00e7lerin geli\u015fimlerini destekleyen bu t\u00fcr at\u00f6lyelere b\u00fcy\u00fck&#8230;<\/p>\n","protected":false},"author":1,"featured_media":14433,"comment_status":"open","ping_status":"open","sticky":false,"template":"","format":"standard","meta":{"_crdt_document":"","footnotes":""},"categories":[1],"tags":[],"class_list":["post-14432","post","type-post","status-publish","format-standard","has-post-thumbnail","hentry","category-guncel"],"_links":{"self":[{"href":"https:\/\/www.egemtv.com\/index.php?rest_route=\/wp\/v2\/posts\/14432","targetHints":{"allow":["GET"]}}],"collection":[{"href":"https:\/\/www.egemtv.com\/index.php?rest_route=\/wp\/v2\/posts"}],"about":[{"href":"https:\/\/www.egemtv.com\/index.php?rest_route=\/wp\/v2\/types\/post"}],"author":[{"embeddable":true,"href":"https:\/\/www.egemtv.com\/index.php?rest_route=\/wp\/v2\/users\/1"}],"replies":[{"embeddable":true,"href":"https:\/\/www.egemtv.com\/index.php?rest_route=%2Fwp%2Fv2%2Fcomments&post=14432"}],"version-history":[{"count":1,"href":"https:\/\/www.egemtv.com\/index.php?rest_route=\/wp\/v2\/posts\/14432\/revisions"}],"predecessor-version":[{"id":14434,"href":"https:\/\/www.egemtv.com\/index.php?rest_route=\/wp\/v2\/posts\/14432\/revisions\/14434"}],"wp:featuredmedia":[{"embeddable":true,"href":"https:\/\/www.egemtv.com\/index.php?rest_route=\/wp\/v2\/media\/14433"}],"wp:attachment":[{"href":"https:\/\/www.egemtv.com\/index.php?rest_route=%2Fwp%2Fv2%2Fmedia&parent=14432"}],"wp:term":[{"taxonomy":"category","embeddable":true,"href":"https:\/\/www.egemtv.com\/index.php?rest_route=%2Fwp%2Fv2%2Fcategories&post=14432"},{"taxonomy":"post_tag","embeddable":true,"href":"https:\/\/www.egemtv.com\/index.php?rest_route=%2Fwp%2Fv2%2Ftags&post=14432"}],"curies":[{"name":"wp","href":"https:\/\/api.w.org\/{rel}","templated":true}]}}