{"id":14429,"date":"2025-02-01T15:15:55","date_gmt":"2025-02-01T12:15:55","guid":{"rendered":"https:\/\/www.egemtv.com\/?p=14429"},"modified":"2025-02-01T15:16:00","modified_gmt":"2025-02-01T12:16:00","slug":"baskan-zencirci-vatandaslarin-misafiri-oldu","status":"publish","type":"post","link":"https:\/\/www.egemtv.com\/?p=14429","title":{"rendered":"Ba\u015fkan Zencirci, vatanda\u015flar\u0131n misafiri oldu"},"content":{"rendered":"<p>Germencik Belediye Ba\u015fkan\u0131 Burak Zencirci, Camikebir Mahallesi\u2019nde bulunan \u00fc\u00e7gen parkta kad\u0131n vatanda\u015flarla bir araya geldi.<\/p>\n<p>Germencik Belediye Ba\u015fkan\u0131 Burak Zencirci, g\u00f6reve ba\u015flad\u0131\u011f\u0131 g\u00fcnden bu yana vatanda\u015flarla s\u0131k s\u0131k bir araya gelerek, onlar\u0131n taleplerini dinliyor ve sorunlar\u0131na \u00e7\u00f6z\u00fcm ar\u0131yor. Ba\u015fkan Zencirci halk\u0131n g\u00f6r\u00fc\u015flerini al\u0131rken, ayn\u0131 zamanda sosyal etkinliklere kat\u0131larak da halkla ba\u011flar\u0131n\u0131 g\u00fc\u00e7lendiriyor. Bu \u00e7er\u00e7evede g\u00fczel havadan faydalanarak bulu\u015fan Cam\u0131kebir Mahallesi\u2019nde ikamet eden kad\u0131nlar, Germencik Belediye Ba\u015fkan\u0131 Burak Zencirci\u2019yi parka davet etti. Daveti k\u0131rmayarak parka gelen Ba\u015fkan Zencirci, kad\u0131n vatanda\u015flarla sohbet edip belediyeden bir taleplerinin olup olmad\u0131\u011f\u0131n\u0131 sordu. Bir s\u00fcre sonra g\u00fcn\u00fcn an\u0131s\u0131na kad\u0131n vatanda\u015flarla foto\u011fraf \u00e7ektiren Zencirci, sosyal medya hesab\u0131 \u00fczerinden yapt\u0131\u011f\u0131 payla\u015f\u0131mla te\u015fekk\u00fcrlerini iletti.<\/p>\n<p>Ba\u015fkan Zencirci yapt\u0131\u011f\u0131 payla\u015f\u0131mda, &#8220;Camikebir Mahallemizde bulunan \u00fc\u00e7gen parkta kad\u0131nlar\u0131m\u0131z\u0131n misafiri oldum. G\u00fczel havada bulu\u015fmu\u015flar, beni de davet ettiler. Nazik davetleri ve misafirperverlikleri i\u00e7in te\u015fekk\u00fcrlerimi sunuyorum&#8221; ifadelerini kulland\u0131.<br \/><\/p>\n","protected":false},"excerpt":{"rendered":"<p>Germencik Belediye Ba\u015fkan\u0131 Burak Zencirci, Camikebir Mahallesi\u2019nde bulunan \u00fc\u00e7gen parkta kad\u0131n vatanda\u015flarla bir araya geldi. Germencik Belediye Ba\u015fkan\u0131 Burak Zencirci, g\u00f6reve ba\u015flad\u0131\u011f\u0131 g\u00fcnden bu yana vatanda\u015flarla s\u0131k s\u0131k bir araya gelerek, onlar\u0131n taleplerini dinliyor ve sorunlar\u0131na \u00e7\u00f6z\u00fcm ar\u0131yor. Ba\u015fkan Zencirci halk\u0131n g\u00f6r\u00fc\u015flerini al\u0131rken, ayn\u0131 zamanda sosyal etkinliklere kat\u0131larak da halkla ba\u011flar\u0131n\u0131 g\u00fc\u00e7lendiriyor. Bu \u00e7er\u00e7evede g\u00fczel&#8230;<\/p>\n","protected":false},"author":1,"featured_media":14430,"comment_status":"open","ping_status":"open","sticky":false,"template":"","format":"standard","meta":{"_crdt_document":"","footnotes":""},"categories":[1],"tags":[],"class_list":["post-14429","post","type-post","status-publish","format-standard","has-post-thumbnail","hentry","category-guncel"],"_links":{"self":[{"href":"https:\/\/www.egemtv.com\/index.php?rest_route=\/wp\/v2\/posts\/14429","targetHints":{"allow":["GET"]}}],"collection":[{"href":"https:\/\/www.egemtv.com\/index.php?rest_route=\/wp\/v2\/posts"}],"about":[{"href":"https:\/\/www.egemtv.com\/index.php?rest_route=\/wp\/v2\/types\/post"}],"author":[{"embeddable":true,"href":"https:\/\/www.egemtv.com\/index.php?rest_route=\/wp\/v2\/users\/1"}],"replies":[{"embeddable":true,"href":"https:\/\/www.egemtv.com\/index.php?rest_route=%2Fwp%2Fv2%2Fcomments&post=14429"}],"version-history":[{"count":1,"href":"https:\/\/www.egemtv.com\/index.php?rest_route=\/wp\/v2\/posts\/14429\/revisions"}],"predecessor-version":[{"id":14431,"href":"https:\/\/www.egemtv.com\/index.php?rest_route=\/wp\/v2\/posts\/14429\/revisions\/14431"}],"wp:featuredmedia":[{"embeddable":true,"href":"https:\/\/www.egemtv.com\/index.php?rest_route=\/wp\/v2\/media\/14430"}],"wp:attachment":[{"href":"https:\/\/www.egemtv.com\/index.php?rest_route=%2Fwp%2Fv2%2Fmedia&parent=14429"}],"wp:term":[{"taxonomy":"category","embeddable":true,"href":"https:\/\/www.egemtv.com\/index.php?rest_route=%2Fwp%2Fv2%2Fcategories&post=14429"},{"taxonomy":"post_tag","embeddable":true,"href":"https:\/\/www.egemtv.com\/index.php?rest_route=%2Fwp%2Fv2%2Ftags&post=14429"}],"curies":[{"name":"wp","href":"https:\/\/api.w.org\/{rel}","templated":true}]}}