{"id":14426,"date":"2025-02-01T15:12:57","date_gmt":"2025-02-01T12:12:57","guid":{"rendered":"https:\/\/www.egemtv.com\/?p=14426"},"modified":"2025-02-01T15:13:02","modified_gmt":"2025-02-01T12:13:02","slug":"emet-bor-isletmesinde-asit-patlamasi-2-kisi-yaralandi","status":"publish","type":"post","link":"https:\/\/www.egemtv.com\/?p=14426","title":{"rendered":"Emet Bor \u0130\u015fletmesinde asit patlamas\u0131: 2 ki\u015fi yaraland\u0131"},"content":{"rendered":"<p>Eti Maden \u0130\u015fletmesine ba\u011fl\u0131 Emet Bor \u0130\u015fletmesinde deneme \u00fcretimi yap\u0131lan tesislerde meydana gelen asit patlamas\u0131nda 2 ki\u015fi yaraland\u0131.<br \/>\n<br \/>Edinilen bilgiye g\u00f6re, yak\u0131nda hizmete girecek olan Emet Bor \u0130\u015fletmesi s\u00fclf\u00fcrik asit fabrikas\u0131nda son denetim ve testler yap\u0131ld\u0131\u011f\u0131 esnada meydana gelen patlama ve sonras\u0131ndaki asit s\u0131z\u0131nt\u0131s\u0131ndan 1 \u015fef ve 1 i\u015f\u00e7i yaraland\u0131.<br \/>\n<br \/>Yaral\u0131lardan biri Emet Dr. Faz\u0131l Do\u011fan Devlet Hastanesinde tedavi alt\u0131na al\u0131n\u0131rken, aside ba\u011fl\u0131 yan\u0131klar sebebiyle di\u011fer yaral\u0131 Tav\u015fanl\u0131 Do\u00e7. Dr. Mustafa Kalemli Devlet Hastanesine sevk edildi.<br \/>\n<br \/>Olayla ilgili soru\u015fturma s\u00fcr\u00fcyor.<br \/><\/p>\n","protected":false},"excerpt":{"rendered":"<p>Eti Maden \u0130\u015fletmesine ba\u011fl\u0131 Emet Bor \u0130\u015fletmesinde deneme \u00fcretimi yap\u0131lan tesislerde meydana gelen asit patlamas\u0131nda 2 ki\u015fi yaraland\u0131. Edinilen bilgiye g\u00f6re, yak\u0131nda hizmete girecek olan Emet Bor \u0130\u015fletmesi s\u00fclf\u00fcrik asit fabrikas\u0131nda son denetim ve testler yap\u0131ld\u0131\u011f\u0131 esnada meydana gelen patlama ve sonras\u0131ndaki asit s\u0131z\u0131nt\u0131s\u0131ndan 1 \u015fef ve 1 i\u015f\u00e7i yaraland\u0131. Yaral\u0131lardan biri Emet Dr. Faz\u0131l&#8230;<\/p>\n","protected":false},"author":1,"featured_media":14427,"comment_status":"open","ping_status":"open","sticky":false,"template":"","format":"standard","meta":{"_crdt_document":"","footnotes":""},"categories":[5],"tags":[],"class_list":["post-14426","post","type-post","status-publish","format-standard","has-post-thumbnail","hentry","category-asayis"],"_links":{"self":[{"href":"https:\/\/www.egemtv.com\/index.php?rest_route=\/wp\/v2\/posts\/14426","targetHints":{"allow":["GET"]}}],"collection":[{"href":"https:\/\/www.egemtv.com\/index.php?rest_route=\/wp\/v2\/posts"}],"about":[{"href":"https:\/\/www.egemtv.com\/index.php?rest_route=\/wp\/v2\/types\/post"}],"author":[{"embeddable":true,"href":"https:\/\/www.egemtv.com\/index.php?rest_route=\/wp\/v2\/users\/1"}],"replies":[{"embeddable":true,"href":"https:\/\/www.egemtv.com\/index.php?rest_route=%2Fwp%2Fv2%2Fcomments&post=14426"}],"version-history":[{"count":1,"href":"https:\/\/www.egemtv.com\/index.php?rest_route=\/wp\/v2\/posts\/14426\/revisions"}],"predecessor-version":[{"id":14428,"href":"https:\/\/www.egemtv.com\/index.php?rest_route=\/wp\/v2\/posts\/14426\/revisions\/14428"}],"wp:featuredmedia":[{"embeddable":true,"href":"https:\/\/www.egemtv.com\/index.php?rest_route=\/wp\/v2\/media\/14427"}],"wp:attachment":[{"href":"https:\/\/www.egemtv.com\/index.php?rest_route=%2Fwp%2Fv2%2Fmedia&parent=14426"}],"wp:term":[{"taxonomy":"category","embeddable":true,"href":"https:\/\/www.egemtv.com\/index.php?rest_route=%2Fwp%2Fv2%2Fcategories&post=14426"},{"taxonomy":"post_tag","embeddable":true,"href":"https:\/\/www.egemtv.com\/index.php?rest_route=%2Fwp%2Fv2%2Ftags&post=14426"}],"curies":[{"name":"wp","href":"https:\/\/api.w.org\/{rel}","templated":true}]}}