{"id":14423,"date":"2025-02-01T15:09:52","date_gmt":"2025-02-01T12:09:52","guid":{"rendered":"https:\/\/www.egemtv.com\/?p=14423"},"modified":"2025-02-01T15:09:57","modified_gmt":"2025-02-01T12:09:57","slug":"denizlide-ataturkun-ziyaretinin-94-yildonumunu-coskuyla-kutlayacak","status":"publish","type":"post","link":"https:\/\/www.egemtv.com\/?p=14423","title":{"rendered":"Denizli\u2019de Atat\u00fcrk\u2019\u00fcn ziyaretinin 94. y\u0131ld\u00f6n\u00fcm\u00fcn\u00fc co\u015fkuyla kutlayacak"},"content":{"rendered":"<p>Denizli B\u00fcy\u00fck\u015fehir Belediyesi, Gazi Mustafa Kemal Atat\u00fcrk\u2019\u00fcn 4 \u015eubat 1931\u2019de ger\u00e7ekle\u015ftirdi\u011fi ziyaretinin 94. y\u0131ld\u00f6n\u00fcm\u00fcn\u00fc b\u00fcy\u00fck bir co\u015fkuyla anmaya haz\u0131rlan\u0131yor.<\/p>\n<p>Kutlamalar, 4 \u015eubat 2025 Sal\u0131 g\u00fcn\u00fc saat 10.00\u2019da Delikli\u00e7\u0131nar Meydan\u0131\u2019ndaki Atat\u00fcrk An\u0131t\u0131\u2019na \u00e7elenk sunumuyla ba\u015flayacak. Sayg\u0131 duru\u015funun ard\u0131ndan \u0130stiklal Mar\u015f\u0131 okunarak bayrak g\u00f6klere \u00e7ekilecek. Protokol konu\u015fmalar\u0131 ve B\u00fcy\u00fck\u015fehir Belediyesi Halk Oyunlar\u0131 Toplulu\u011fu\u2019nun g\u00f6sterisiyle t\u00f6ren devam edecek. Saat 10.30\u2019da B\u00fcy\u00fck\u015fehir Belediyesi Turan Bahad\u0131r Sanat Galerisi\u2019nde, Atat\u00fcrk\u2019\u00fcn Denizli ziyaretine ili\u015fkin foto\u011fraf ve resimlerden olu\u015fan bir serginin a\u00e7\u0131l\u0131\u015f\u0131 ger\u00e7ekle\u015fecek. Saat 11.00\u2019de ise \u00c7atal\u00e7e\u015fme Oda Tiyatrosu\u2019nda, Dr. \u00d6\u011fr. \u00dcyesi Nezahat Belen\u2019in sunumuyla &#8220;Atat\u00fcrk\u2019\u00fcn Denizli\u2019ye Ziyaretinin Yurt Gezileri \u0130\u00e7indeki Yeri&#8221; konulu bir konferans d\u00fczenlenecek. Ayn\u0131 zamanda, burada Atat\u00fcrk konulu spor ve resim yar\u0131\u015fmalar\u0131nda dereceye giren \u00f6\u011frencilere ve sporculara \u00f6d\u00fclleri takdim edilecek.<\/p>\n<p>Atat\u00fcrk\u2019\u00fcn Sevdi\u011fi \u015eark\u0131lar Konseri<br \/>\n<br \/>Kutlamalar, ak\u015fam saat 20.30\u2019da Nihat Zeybekci Kongre ve K\u00fclt\u00fcr Merkezi Mehmet Gazi Salonu\u2019nda d\u00fczenlenecek &#8220;Atat\u00fcrk\u2019\u00fcn Sevdi\u011fi \u015eark\u0131lar&#8221; konseriyle sona erecek. Denizli B\u00fcy\u00fck\u015fehir Belediyesi Konservatuvar\u0131 T\u00fcrk M\u00fczi\u011fi Toplulu\u011fu taraf\u0131ndan, \u015eef Ahmet Nuri \u00c7a\u011fda\u015f y\u00f6netiminde sahnelenecek olan bu \u00f6zel konserde, Atat\u00fcrk\u2019\u00fcn severek dinledi\u011fi eserler seslendirilecek.<\/p>\n<p>Ba\u015fkan \u00c7avu\u015fo\u011flu\u2019ndan davet<br \/>\n<br \/>Denizli B\u00fcy\u00fck\u015fehir Belediye Ba\u015fkan\u0131 B\u00fclent Nuri \u00c7avu\u015fo\u011flu, bu anlaml\u0131 g\u00fcnle ilgili olarak yapt\u0131\u011f\u0131 a\u00e7\u0131klamada, &#8220;Ulu \u00d6nderimiz Mustafa Kemal Atat\u00fcrk\u2019\u00fcn Denizli\u2019yi ziyaret edi\u015finin 94. y\u0131l\u0131n\u0131, ona duydu\u011fumuz sevgi ve minnettarl\u0131kla an\u0131yoruz. T\u00fcm halk\u0131m\u0131z\u0131, bu anlaml\u0131 etkinliklere kat\u0131l\u0131p ortak olmaya davet ediyoruz&#8221; ifadelerini kulland\u0131.<br \/><\/p>\n","protected":false},"excerpt":{"rendered":"<p>Denizli B\u00fcy\u00fck\u015fehir Belediyesi, Gazi Mustafa Kemal Atat\u00fcrk\u2019\u00fcn 4 \u015eubat 1931\u2019de ger\u00e7ekle\u015ftirdi\u011fi ziyaretinin 94. y\u0131ld\u00f6n\u00fcm\u00fcn\u00fc b\u00fcy\u00fck bir co\u015fkuyla anmaya haz\u0131rlan\u0131yor. Kutlamalar, 4 \u015eubat 2025 Sal\u0131 g\u00fcn\u00fc saat 10.00\u2019da Delikli\u00e7\u0131nar Meydan\u0131\u2019ndaki Atat\u00fcrk An\u0131t\u0131\u2019na \u00e7elenk sunumuyla ba\u015flayacak. Sayg\u0131 duru\u015funun ard\u0131ndan \u0130stiklal Mar\u015f\u0131 okunarak bayrak g\u00f6klere \u00e7ekilecek. Protokol konu\u015fmalar\u0131 ve B\u00fcy\u00fck\u015fehir Belediyesi Halk Oyunlar\u0131 Toplulu\u011fu\u2019nun g\u00f6sterisiyle t\u00f6ren devam edecek&#8230;.<\/p>\n","protected":false},"author":1,"featured_media":14424,"comment_status":"open","ping_status":"open","sticky":false,"template":"","format":"standard","meta":{"_crdt_document":"","footnotes":""},"categories":[1],"tags":[],"class_list":["post-14423","post","type-post","status-publish","format-standard","has-post-thumbnail","hentry","category-guncel"],"_links":{"self":[{"href":"https:\/\/www.egemtv.com\/index.php?rest_route=\/wp\/v2\/posts\/14423","targetHints":{"allow":["GET"]}}],"collection":[{"href":"https:\/\/www.egemtv.com\/index.php?rest_route=\/wp\/v2\/posts"}],"about":[{"href":"https:\/\/www.egemtv.com\/index.php?rest_route=\/wp\/v2\/types\/post"}],"author":[{"embeddable":true,"href":"https:\/\/www.egemtv.com\/index.php?rest_route=\/wp\/v2\/users\/1"}],"replies":[{"embeddable":true,"href":"https:\/\/www.egemtv.com\/index.php?rest_route=%2Fwp%2Fv2%2Fcomments&post=14423"}],"version-history":[{"count":1,"href":"https:\/\/www.egemtv.com\/index.php?rest_route=\/wp\/v2\/posts\/14423\/revisions"}],"predecessor-version":[{"id":14425,"href":"https:\/\/www.egemtv.com\/index.php?rest_route=\/wp\/v2\/posts\/14423\/revisions\/14425"}],"wp:featuredmedia":[{"embeddable":true,"href":"https:\/\/www.egemtv.com\/index.php?rest_route=\/wp\/v2\/media\/14424"}],"wp:attachment":[{"href":"https:\/\/www.egemtv.com\/index.php?rest_route=%2Fwp%2Fv2%2Fmedia&parent=14423"}],"wp:term":[{"taxonomy":"category","embeddable":true,"href":"https:\/\/www.egemtv.com\/index.php?rest_route=%2Fwp%2Fv2%2Fcategories&post=14423"},{"taxonomy":"post_tag","embeddable":true,"href":"https:\/\/www.egemtv.com\/index.php?rest_route=%2Fwp%2Fv2%2Ftags&post=14423"}],"curies":[{"name":"wp","href":"https:\/\/api.w.org\/{rel}","templated":true}]}}