{"id":14417,"date":"2025-02-01T15:04:20","date_gmt":"2025-02-01T12:04:20","guid":{"rendered":"https:\/\/www.egemtv.com\/?p=14417"},"modified":"2025-02-01T15:04:24","modified_gmt":"2025-02-01T12:04:24","slug":"catida-calisirken-rahatsizlanan-sahis-hayatini-kaybetti","status":"publish","type":"post","link":"https:\/\/www.egemtv.com\/?p=14417","title":{"rendered":"\u00c7at\u0131da \u00e7al\u0131\u015f\u0131rken rahats\u0131zlanan \u015fah\u0131s hayat\u0131n\u0131 kaybetti"},"content":{"rendered":"<p>Ayd\u0131n\u2019\u0131n Ko\u00e7arl\u0131 il\u00e7esinde \u00e7al\u0131\u015ft\u0131\u011f\u0131 \u00e7at\u0131da bir anda fenala\u015fan bir vatanda\u015f hayat\u0131n\u0131 kaybetti.<\/p>\n<p>Olay, G\u00fcndo\u011fan Mahallesi\u2019nde meydana geldi. Edinilen bilgiye g\u00f6re, 65 ya\u015f\u0131ndaki \u0130smet \u00d6zkan \u00e7at\u0131 i\u015fi yaparken aniden fenala\u015ft\u0131. 112 Acil \u00c7a\u011fr\u0131 Merkezi\u2019ne yap\u0131lan ihbar \u00fczerine b\u00f6lgeye sa\u011fl\u0131k, itfaiye ve polis ekipleri sevk edildi. Ayd\u0131n B\u00fcy\u00fck\u015fehir Belediyesi \u0130tfaiye Daire Ba\u015fkanl\u0131\u011f\u0131 ekiplerinin yard\u0131m\u0131 ile sa\u011fl\u0131k ekipleri \u00e7at\u0131ya ula\u015ft\u0131. Sa\u011fl\u0131k ekipleri taraf\u0131ndan yap\u0131lan incelemede \u00d6zkan\u2019\u0131n hayat\u0131n\u0131 kaybetti\u011fini belirledi. \u00d6zkan\u2019\u0131n cans\u0131z nedeni olay yeri inceleme \u00e7al\u0131\u015fmalar\u0131n\u0131n ard\u0131ndan \u00e7at\u0131dan indirilerek hastane morguna kald\u0131r\u0131ld\u0131. \u00d6zkan\u2019\u0131n kesin \u00f6l\u00fcm nedeninin ise yap\u0131lan otopsi sonras\u0131 belli olaca\u011f\u0131 bildirildi.<\/p>\n<p>Olayla ilgili soru\u015fturma s\u00fcr\u00fcyor.<br \/><\/p>\n","protected":false},"excerpt":{"rendered":"<p>Ayd\u0131n\u2019\u0131n Ko\u00e7arl\u0131 il\u00e7esinde \u00e7al\u0131\u015ft\u0131\u011f\u0131 \u00e7at\u0131da bir anda fenala\u015fan bir vatanda\u015f hayat\u0131n\u0131 kaybetti. Olay, G\u00fcndo\u011fan Mahallesi\u2019nde meydana geldi. Edinilen bilgiye g\u00f6re, 65 ya\u015f\u0131ndaki \u0130smet \u00d6zkan \u00e7at\u0131 i\u015fi yaparken aniden fenala\u015ft\u0131. 112 Acil \u00c7a\u011fr\u0131 Merkezi\u2019ne yap\u0131lan ihbar \u00fczerine b\u00f6lgeye sa\u011fl\u0131k, itfaiye ve polis ekipleri sevk edildi. Ayd\u0131n B\u00fcy\u00fck\u015fehir Belediyesi \u0130tfaiye Daire Ba\u015fkanl\u0131\u011f\u0131 ekiplerinin yard\u0131m\u0131 ile sa\u011fl\u0131k ekipleri&#8230;<\/p>\n","protected":false},"author":1,"featured_media":14418,"comment_status":"open","ping_status":"open","sticky":false,"template":"","format":"standard","meta":{"_crdt_document":"","footnotes":""},"categories":[5],"tags":[],"class_list":["post-14417","post","type-post","status-publish","format-standard","has-post-thumbnail","hentry","category-asayis"],"_links":{"self":[{"href":"https:\/\/www.egemtv.com\/index.php?rest_route=\/wp\/v2\/posts\/14417","targetHints":{"allow":["GET"]}}],"collection":[{"href":"https:\/\/www.egemtv.com\/index.php?rest_route=\/wp\/v2\/posts"}],"about":[{"href":"https:\/\/www.egemtv.com\/index.php?rest_route=\/wp\/v2\/types\/post"}],"author":[{"embeddable":true,"href":"https:\/\/www.egemtv.com\/index.php?rest_route=\/wp\/v2\/users\/1"}],"replies":[{"embeddable":true,"href":"https:\/\/www.egemtv.com\/index.php?rest_route=%2Fwp%2Fv2%2Fcomments&post=14417"}],"version-history":[{"count":1,"href":"https:\/\/www.egemtv.com\/index.php?rest_route=\/wp\/v2\/posts\/14417\/revisions"}],"predecessor-version":[{"id":14419,"href":"https:\/\/www.egemtv.com\/index.php?rest_route=\/wp\/v2\/posts\/14417\/revisions\/14419"}],"wp:featuredmedia":[{"embeddable":true,"href":"https:\/\/www.egemtv.com\/index.php?rest_route=\/wp\/v2\/media\/14418"}],"wp:attachment":[{"href":"https:\/\/www.egemtv.com\/index.php?rest_route=%2Fwp%2Fv2%2Fmedia&parent=14417"}],"wp:term":[{"taxonomy":"category","embeddable":true,"href":"https:\/\/www.egemtv.com\/index.php?rest_route=%2Fwp%2Fv2%2Fcategories&post=14417"},{"taxonomy":"post_tag","embeddable":true,"href":"https:\/\/www.egemtv.com\/index.php?rest_route=%2Fwp%2Fv2%2Ftags&post=14417"}],"curies":[{"name":"wp","href":"https:\/\/api.w.org\/{rel}","templated":true}]}}