{"id":14414,"date":"2025-02-01T14:49:23","date_gmt":"2025-02-01T11:49:23","guid":{"rendered":"https:\/\/www.egemtv.com\/?p=14414"},"modified":"2025-02-01T14:49:31","modified_gmt":"2025-02-01T11:49:31","slug":"manisa-buyuksehir-belediyesi-ilk-elektrikli-arac-sarj-istasyonunu-kurdu","status":"publish","type":"post","link":"https:\/\/www.egemtv.com\/?p=14414","title":{"rendered":"Manisa B\u00fcy\u00fck\u015fehir Belediyesi ilk elektrikli ara\u00e7 \u015farj istasyonunu kurdu"},"content":{"rendered":"<p>Manisa B\u00fcy\u00fck\u015fehir Belediyesi\u2019nin, enerji sekt\u00f6r\u00fcndeki yat\u0131r\u0131mlar\u0131n\u0131 g\u00fc\u00e7lendirmek ve kente s\u00fcrd\u00fcr\u00fclebilir enerji \u00e7\u00f6z\u00fcmleri sunmak kurdu\u011fu Manisa Enerji A.\u015e, elektrikli ara\u00e7lar i\u00e7in ilk \u015farj istasyonlar\u0131n\u0131, Manisa merkezde yer alan Tam Otomasyonlu Otopark\u2019ta kullan\u0131ma sundu.<br \/>\n<br \/>S\u00fcrd\u00fcr\u00fclebilir bir ya\u015fam i\u00e7in kenti gelece\u011fe ta\u015f\u0131ma \u00e7al\u0131\u015fmalar\u0131na aral\u0131ks\u0131z devam eden Manisa B\u00fcy\u00fck\u015fehir Belediyesi, enerji ihtiyac\u0131na y\u00f6nelik \u00e7evre dostu ve yenilik\u00e7i \u00e7\u00f6z\u00fcmler sunmay\u0131 hedefiyle ilk elektrikli ara\u00e7 \u015farj istasyonlar\u0131n\u0131n kurulumunu ger\u00e7ekle\u015ftirdi.<br \/>\n<br \/>Manisa Enerji A.\u015e. taraf\u0131ndan, yer alan Tam Otomasyonlu Otopark giri\u015fine iki adet elektrikli ara\u00e7 \u015farj istasyonu kurularak yurtta\u015flar\u0131n hizmetine sunuldu. \u015earj istasyonunun ilk kullan\u0131c\u0131lar\u0131ndan Serhan Karasu, &#8220;Elektrikli ara\u00e7 \u015farj istasyonlar\u0131n\u0131n yap\u0131lmas\u0131 muhte\u015fem bir \u015fey oldu. Hem park yeri i\u00e7in kolayl\u0131k hem de i\u015fimizi g\u00f6r\u00fcp gelene kadar otomobilimizi \u015farj etmi\u015f oluyoruz. Elektrikli ara\u00e7 kullan\u0131c\u0131lar\u0131 i\u00e7in \u00e7ok b\u00fcy\u00fck bir ihtiya\u00e7t\u0131. Daha fazla olmas\u0131n\u0131 bekliyoruz. Yenilenebilir enerjiyi desteklemek, karbon sal\u0131n\u0131m\u0131n\u0131 azaltmak, \u00e7evreci ve sa\u011fl\u0131kl\u0131 bir ya\u015fam s\u00fcrmek istiyoruz. Tabi ki yak\u0131t maliyetlerini de g\u00f6z \u00f6n\u00fcnde bulunduruyoruz. Bu tarz hizmetler buna b\u00fcy\u00fck katk\u0131 sa\u011fl\u0131yor&#8221; dedi.<\/p>\n<p>\u0130stasyonlar 17 il\u00e7ede yayg\u0131nla\u015facak<br \/>\n<br \/>17 il\u00e7edeki belediye otoparklar\u0131nda elektrikli \u015farj istasyonlar\u0131 kurulaca\u011f\u0131n\u0131 belirten Manisa B\u00fcy\u00fck\u015fehir Belediye \u015firketi Manisa Enerji A.\u015e. Y\u00f6netim Kurulu Ba\u015fkan\u0131 At\u0131n\u00e7 Aksoy, &#8220;Hem kamu hem de \u00f6zel sekt\u00f6r i\u00e7in ekonomik ve s\u00fcrd\u00fcr\u00fclebilir enerji hizmeti sunmaya devam ediyoruz. Manisa Enerji, bu kapsamda, enerji verimlili\u011fini artt\u0131rarak kente \u00e7evresel fayda da sa\u011fl\u0131yor. B\u00f6lgenin do\u011fal ve yenilebilir enerji potansiyelini \u00f6ne \u00e7\u0131kar\u0131yoruz. K\u0131sa s\u00fcre i\u00e7erisinde Malta Katl\u0131 Otopark\u0131\u2019n\u0131n da a\u00e7\u0131l\u0131\u015f\u0131yla birlikte 18 adet daha elektrikli ara\u00e7 \u015farj istasyonunu Manisa\u2019ya kazand\u0131raca\u011f\u0131z. Ba\u015fkan\u0131m\u0131z Ferdi Zeyrek\u2019in daha s\u00fcrd\u00fcr\u00fclebilir ve \u00e7evreci bir kent vizyonu do\u011frultusunda m\u00fcmk\u00fcn olan en k\u0131sa s\u00fcrede, 17 il\u00e7e otoparklar\u0131nda kurulumu ger\u00e7ekle\u015ftirece\u011fiz&#8221; diye konu\u015ftu.<br \/><\/p>\n","protected":false},"excerpt":{"rendered":"<p>Manisa B\u00fcy\u00fck\u015fehir Belediyesi\u2019nin, enerji sekt\u00f6r\u00fcndeki yat\u0131r\u0131mlar\u0131n\u0131 g\u00fc\u00e7lendirmek ve kente s\u00fcrd\u00fcr\u00fclebilir enerji \u00e7\u00f6z\u00fcmleri sunmak kurdu\u011fu Manisa Enerji A.\u015e, elektrikli ara\u00e7lar i\u00e7in ilk \u015farj istasyonlar\u0131n\u0131, Manisa merkezde yer alan Tam Otomasyonlu Otopark\u2019ta kullan\u0131ma sundu. S\u00fcrd\u00fcr\u00fclebilir bir ya\u015fam i\u00e7in kenti gelece\u011fe ta\u015f\u0131ma \u00e7al\u0131\u015fmalar\u0131na aral\u0131ks\u0131z devam eden Manisa B\u00fcy\u00fck\u015fehir Belediyesi, enerji ihtiyac\u0131na y\u00f6nelik \u00e7evre dostu ve yenilik\u00e7i \u00e7\u00f6z\u00fcmler sunmay\u0131&#8230;<\/p>\n","protected":false},"author":1,"featured_media":14415,"comment_status":"open","ping_status":"open","sticky":false,"template":"","format":"standard","meta":{"_crdt_document":"","footnotes":""},"categories":[125],"tags":[],"class_list":["post-14414","post","type-post","status-publish","format-standard","has-post-thumbnail","hentry","category-ekonomi"],"_links":{"self":[{"href":"https:\/\/www.egemtv.com\/index.php?rest_route=\/wp\/v2\/posts\/14414","targetHints":{"allow":["GET"]}}],"collection":[{"href":"https:\/\/www.egemtv.com\/index.php?rest_route=\/wp\/v2\/posts"}],"about":[{"href":"https:\/\/www.egemtv.com\/index.php?rest_route=\/wp\/v2\/types\/post"}],"author":[{"embeddable":true,"href":"https:\/\/www.egemtv.com\/index.php?rest_route=\/wp\/v2\/users\/1"}],"replies":[{"embeddable":true,"href":"https:\/\/www.egemtv.com\/index.php?rest_route=%2Fwp%2Fv2%2Fcomments&post=14414"}],"version-history":[{"count":1,"href":"https:\/\/www.egemtv.com\/index.php?rest_route=\/wp\/v2\/posts\/14414\/revisions"}],"predecessor-version":[{"id":14416,"href":"https:\/\/www.egemtv.com\/index.php?rest_route=\/wp\/v2\/posts\/14414\/revisions\/14416"}],"wp:featuredmedia":[{"embeddable":true,"href":"https:\/\/www.egemtv.com\/index.php?rest_route=\/wp\/v2\/media\/14415"}],"wp:attachment":[{"href":"https:\/\/www.egemtv.com\/index.php?rest_route=%2Fwp%2Fv2%2Fmedia&parent=14414"}],"wp:term":[{"taxonomy":"category","embeddable":true,"href":"https:\/\/www.egemtv.com\/index.php?rest_route=%2Fwp%2Fv2%2Fcategories&post=14414"},{"taxonomy":"post_tag","embeddable":true,"href":"https:\/\/www.egemtv.com\/index.php?rest_route=%2Fwp%2Fv2%2Ftags&post=14414"}],"curies":[{"name":"wp","href":"https:\/\/api.w.org\/{rel}","templated":true}]}}