{"id":14411,"date":"2025-02-01T14:41:34","date_gmt":"2025-02-01T11:41:34","guid":{"rendered":"https:\/\/www.egemtv.com\/?p=14411"},"modified":"2025-02-01T14:41:36","modified_gmt":"2025-02-01T11:41:36","slug":"cobanin-konteyner-ev-sevinci","status":"publish","type":"post","link":"https:\/\/www.egemtv.com\/?p=14411","title":{"rendered":"\u00c7oban\u0131n konteyner ev sevinci"},"content":{"rendered":"<p>Isparta\u2019n\u0131n Kay\u0131 k\u00f6y\u00fcnde harabe bir evde ya\u015fayan 66 ya\u015f\u0131nda \u00e7obana konteyner ev yap\u0131ld\u0131.<br \/>\n<br \/>Uzun y\u0131llar boyunca Burdur Ye\u015filova\u2019da \u00e7obanl\u0131kla ge\u00e7imini sa\u011flayan 66 ya\u015f\u0131ndaki Ali B\u00fcy\u00fck\u00e7ullu, memleketi Kay\u0131 k\u00f6y\u00fcne d\u00f6nd\u00fc ancak bar\u0131nacak bir yeri olmad\u0131\u011f\u0131 i\u00e7in zor \u015fartlar alt\u0131nda ya\u015famaya ba\u015flad\u0131. Tuvaleti ve banyosu bulunmayan, camlar\u0131 k\u0131r\u0131k derme \u00e7atma bir odada ya\u015fam m\u00fccadelesi veren B\u00fcy\u00fck\u00e7ullu\u2019nun durumunu fark eden Kay\u0131 K\u00f6y\u00fc Muhtar\u0131 U\u011fur K\u0131rm\u0131z\u0131, Belediye Ba\u015fkan\u0131 \u015e\u00fckr\u00fc Ba\u015fde\u011firmen\u2019e bildirdi.<\/p>\n<p>&#8220;Ya\u011fmurda su alan, camlar\u0131 olmayan bir odada ya\u015f\u0131yordum&#8221;<br \/>\n<br \/>Durumu g\u00f6ren Isparta Belediye Ba\u015fkan\u0131 \u015e\u00fckr\u00fc Ba\u015fde\u011firmen ve belediye ekipleri harekete ge\u00e7ti. K\u00f6yde muhtarl\u0131\u011fa ait bir alana biri oturma, biri yatak odas\u0131 olmak \u00fczere iki b\u00f6l\u00fcml\u00fc konteyner ev yerle\u015ftirdi. Yeni yuvas\u0131na kavu\u015fan Ali B\u00fcy\u00fck\u00e7ullu, s\u0131cak bir ortamda ya\u015faman\u0131n mutlulu\u011funu ya\u015fad\u0131\u011f\u0131n\u0131 belirterek, &#8220;Ya\u011fmurda su alan, camlar\u0131 olmayan bir odada ya\u015fad\u0131m. \u015eimdi ise s\u0131cac\u0131k bir evdeyim. Allah raz\u0131 olsun, \u00e7ok te\u015fekk\u00fcr ediyorum&#8221; dedi.<\/p>\n<p>Konteyner ev yap\u0131ld\u0131<br \/>\n<br \/>Muhtar U\u011fur K\u0131rm\u0131z\u0131 da Ba\u015fkan Ba\u015fde\u011firmen\u2019in duyarl\u0131l\u0131\u011f\u0131na dikkat \u00e7ekerek, &#8220;Ali B\u00fcy\u00fck\u00e7ullu\u2019ya bir yer yap\u0131lmas\u0131 i\u00e7in Belediye Ba\u015fkan\u0131m\u0131z \u015e\u00fckr\u00fc Ba\u015fde\u011firmen\u2019e ba\u015fvurduk. Ba\u015fkan\u0131m\u0131z hemen talimat vererek konteyner ev yap\u0131lmas\u0131n\u0131 sa\u011flad\u0131. Te\u015fekk\u00fcr ederiz&#8221; ifadelerini kulland\u0131.<br \/><\/p>\n","protected":false},"excerpt":{"rendered":"<p>Isparta\u2019n\u0131n Kay\u0131 k\u00f6y\u00fcnde harabe bir evde ya\u015fayan 66 ya\u015f\u0131nda \u00e7obana konteyner ev yap\u0131ld\u0131. Uzun y\u0131llar boyunca Burdur Ye\u015filova\u2019da \u00e7obanl\u0131kla ge\u00e7imini sa\u011flayan 66 ya\u015f\u0131ndaki Ali B\u00fcy\u00fck\u00e7ullu, memleketi Kay\u0131 k\u00f6y\u00fcne d\u00f6nd\u00fc ancak bar\u0131nacak bir yeri olmad\u0131\u011f\u0131 i\u00e7in zor \u015fartlar alt\u0131nda ya\u015famaya ba\u015flad\u0131. Tuvaleti ve banyosu bulunmayan, camlar\u0131 k\u0131r\u0131k derme \u00e7atma bir odada ya\u015fam m\u00fccadelesi veren B\u00fcy\u00fck\u00e7ullu\u2019nun durumunu&#8230;<\/p>\n","protected":false},"author":1,"featured_media":14412,"comment_status":"open","ping_status":"open","sticky":false,"template":"","format":"standard","meta":{"_crdt_document":"","footnotes":""},"categories":[123],"tags":[],"class_list":["post-14411","post","type-post","status-publish","format-standard","has-post-thumbnail","hentry","category-gundem"],"_links":{"self":[{"href":"https:\/\/www.egemtv.com\/index.php?rest_route=\/wp\/v2\/posts\/14411","targetHints":{"allow":["GET"]}}],"collection":[{"href":"https:\/\/www.egemtv.com\/index.php?rest_route=\/wp\/v2\/posts"}],"about":[{"href":"https:\/\/www.egemtv.com\/index.php?rest_route=\/wp\/v2\/types\/post"}],"author":[{"embeddable":true,"href":"https:\/\/www.egemtv.com\/index.php?rest_route=\/wp\/v2\/users\/1"}],"replies":[{"embeddable":true,"href":"https:\/\/www.egemtv.com\/index.php?rest_route=%2Fwp%2Fv2%2Fcomments&post=14411"}],"version-history":[{"count":1,"href":"https:\/\/www.egemtv.com\/index.php?rest_route=\/wp\/v2\/posts\/14411\/revisions"}],"predecessor-version":[{"id":14413,"href":"https:\/\/www.egemtv.com\/index.php?rest_route=\/wp\/v2\/posts\/14411\/revisions\/14413"}],"wp:featuredmedia":[{"embeddable":true,"href":"https:\/\/www.egemtv.com\/index.php?rest_route=\/wp\/v2\/media\/14412"}],"wp:attachment":[{"href":"https:\/\/www.egemtv.com\/index.php?rest_route=%2Fwp%2Fv2%2Fmedia&parent=14411"}],"wp:term":[{"taxonomy":"category","embeddable":true,"href":"https:\/\/www.egemtv.com\/index.php?rest_route=%2Fwp%2Fv2%2Fcategories&post=14411"},{"taxonomy":"post_tag","embeddable":true,"href":"https:\/\/www.egemtv.com\/index.php?rest_route=%2Fwp%2Fv2%2Ftags&post=14411"}],"curies":[{"name":"wp","href":"https:\/\/api.w.org\/{rel}","templated":true}]}}