{"id":14408,"date":"2025-02-01T14:41:29","date_gmt":"2025-02-01T11:41:29","guid":{"rendered":"https:\/\/www.egemtv.com\/?p=14408"},"modified":"2025-02-01T14:41:33","modified_gmt":"2025-02-01T11:41:33","slug":"baskan-eyup-kahveci-belediye-kutahyaspor-altyapi-takimiyla-bir-araya-geldi","status":"publish","type":"post","link":"https:\/\/www.egemtv.com\/?p=14408","title":{"rendered":"Ba\u015fkan Ey\u00fcp Kahveci, Belediye K\u00fctahyaspor altyap\u0131 tak\u0131m\u0131yla bir araya geldi"},"content":{"rendered":"<p>K\u00fctahya Belediye Ba\u015fkan\u0131 Ey\u00fcp Kahveci, Belediye K\u00fctahyaspor\u2019un Altyap\u0131 Akademi Ligi\u2019nde m\u00fccadele eden U-14 ve U-17 tak\u0131m\u0131 oyuncular\u0131, teknik ekip ve kul\u00fcp y\u00f6netimiyle kahvalt\u0131 etkinli\u011finde bir araya geldi.<br \/>\n<br \/>K\u00fctahya Belediye Ba\u015fkan\u0131 Ey\u00fcp Kahveci, Bengisu Sosyal Tesisleri\u2019nde Belediye K\u00fctahyaspor\u2019un gen\u00e7 sporcular\u0131 ile yemekte bir araya geldi. Ba\u015fkan Kahveci, Belediye K\u00fctahyaspor\u2019un kentin gururu oldu\u011funu belirterek, &#8220;Mavi \u015eim\u015fe\u011fimizin formas\u0131n\u0131 ta\u015f\u0131rken g\u00f6sterdi\u011finiz azim, disiplin ve tak\u0131m ruhu bizleri gururland\u0131r\u0131yor. U-17 tak\u0131m\u0131m\u0131z\u0131n 6 puan farkla lider olmas\u0131 b\u00fcy\u00fck bir ba\u015far\u0131. Sizleri y\u00fcrekten tebrik ediyorum. U-14 tak\u0131m\u0131m\u0131z da ligde 5. s\u0131rada yer alarak harika i\u015fler ba\u015far\u0131yor. Eminim ki her biriniz \u00e7ok daha iyi noktalara geleceksiniz ve tak\u0131m\u0131m\u0131z\u0131 sizler y\u00fckselteceksiniz&#8221; dedi.<br \/>\n<br \/>Belediye K\u00fctahyaspor\u2019un hak etti\u011fi yere ula\u015fmas\u0131 i\u00e7in \u00e7al\u0131\u015fmalar\u0131n h\u0131z kesmeden devam edece\u011fini vurgulayan Ba\u015fkan Kahveci, alt yap\u0131 akademisini kal\u0131c\u0131 hale getireceklerini m\u00fcjdeledi. Kahveci, &#8220;Spor sadece bir oyun de\u011fil, karakter, disiplin ve arkada\u015fl\u0131k in\u015fa eden bir ya\u015fam bi\u00e7imi. Bu y\u00fczden alt yap\u0131 akademimizi geni\u015fleterek, U-14 ve U-17\u2019nin yan\u0131 s\u0131ra di\u011fer ya\u015f gruplar\u0131n\u0131 da kapsayacak bir yap\u0131 olu\u015fturaca\u011f\u0131z. Daha fazla gencimizi bu aileye katarak yeteneklerini ke\u015ffetmelerine imkan sa\u011flayaca\u011f\u0131z&#8221; ifadelerini kulland\u0131.<\/p>\n<p>Spor salonlar\u0131 sporculara \u00fccretsiz olacak<br \/>\n<br \/>Sporcular\u0131n belediyeye ait t\u00fcm spor salonlar\u0131n\u0131 \u00fccretsiz kullanabilece\u011fini a\u00e7\u0131klayan Ba\u015fkan Kahveci, &#8220;Tak\u0131m\u0131m\u0131z i\u00e7in gereken her imkan\u0131 sunma noktas\u0131nda elimizden geleni yapaca\u011f\u0131z. Bizler; y\u00f6netimimiz, teknik ekibimiz, oyuncular\u0131m\u0131z ve taraftar\u0131m\u0131zla kocaman bir aileyiz. \u015eehir bizim, tak\u0131m bizim. Sizlere inan\u0131yor ve g\u00fcveniyoruz&#8221; diye konu\u015ftu.<br \/>\n<br \/>Belediye K\u00fctahyaspor Kul\u00fcb\u00fc Ba\u015fkan\u0131 Osman Alt\u0131nkaya ise altyap\u0131n\u0131n kul\u00fcb\u00fcn gelece\u011fi i\u00e7in b\u00fcy\u00fck \u00f6nem ta\u015f\u0131d\u0131\u011f\u0131n\u0131 belirterek, &#8220;Sporcular\u0131m\u0131z, K\u00fctahya\u2019y\u0131 hem karakterleriyle hem de sportmenlikleriyle en iyi \u015fekilde temsil ediyor. Gelece\u011fimiz i\u00e7in \u00e7ok sa\u011flam temeller at\u0131ld\u0131. Belediye Ba\u015fkan\u0131m\u0131z Ey\u00fcp Kahveci\u2019ye destekleri i\u00e7in te\u015fekk\u00fcr ediyoruz&#8221; diye konu\u015ftu.<br \/><\/p>\n","protected":false},"excerpt":{"rendered":"<p>K\u00fctahya Belediye Ba\u015fkan\u0131 Ey\u00fcp Kahveci, Belediye K\u00fctahyaspor\u2019un Altyap\u0131 Akademi Ligi\u2019nde m\u00fccadele eden U-14 ve U-17 tak\u0131m\u0131 oyuncular\u0131, teknik ekip ve kul\u00fcp y\u00f6netimiyle kahvalt\u0131 etkinli\u011finde bir araya geldi. K\u00fctahya Belediye Ba\u015fkan\u0131 Ey\u00fcp Kahveci, Bengisu Sosyal Tesisleri\u2019nde Belediye K\u00fctahyaspor\u2019un gen\u00e7 sporcular\u0131 ile yemekte bir araya geldi. Ba\u015fkan Kahveci, Belediye K\u00fctahyaspor\u2019un kentin gururu oldu\u011funu belirterek, &#8220;Mavi \u015eim\u015fe\u011fimizin formas\u0131n\u0131&#8230;<\/p>\n","protected":false},"author":1,"featured_media":14409,"comment_status":"open","ping_status":"open","sticky":false,"template":"","format":"standard","meta":{"_crdt_document":"","footnotes":""},"categories":[4],"tags":[],"class_list":["post-14408","post","type-post","status-publish","format-standard","has-post-thumbnail","hentry","category-spor"],"_links":{"self":[{"href":"https:\/\/www.egemtv.com\/index.php?rest_route=\/wp\/v2\/posts\/14408","targetHints":{"allow":["GET"]}}],"collection":[{"href":"https:\/\/www.egemtv.com\/index.php?rest_route=\/wp\/v2\/posts"}],"about":[{"href":"https:\/\/www.egemtv.com\/index.php?rest_route=\/wp\/v2\/types\/post"}],"author":[{"embeddable":true,"href":"https:\/\/www.egemtv.com\/index.php?rest_route=\/wp\/v2\/users\/1"}],"replies":[{"embeddable":true,"href":"https:\/\/www.egemtv.com\/index.php?rest_route=%2Fwp%2Fv2%2Fcomments&post=14408"}],"version-history":[{"count":1,"href":"https:\/\/www.egemtv.com\/index.php?rest_route=\/wp\/v2\/posts\/14408\/revisions"}],"predecessor-version":[{"id":14410,"href":"https:\/\/www.egemtv.com\/index.php?rest_route=\/wp\/v2\/posts\/14408\/revisions\/14410"}],"wp:featuredmedia":[{"embeddable":true,"href":"https:\/\/www.egemtv.com\/index.php?rest_route=\/wp\/v2\/media\/14409"}],"wp:attachment":[{"href":"https:\/\/www.egemtv.com\/index.php?rest_route=%2Fwp%2Fv2%2Fmedia&parent=14408"}],"wp:term":[{"taxonomy":"category","embeddable":true,"href":"https:\/\/www.egemtv.com\/index.php?rest_route=%2Fwp%2Fv2%2Fcategories&post=14408"},{"taxonomy":"post_tag","embeddable":true,"href":"https:\/\/www.egemtv.com\/index.php?rest_route=%2Fwp%2Fv2%2Ftags&post=14408"}],"curies":[{"name":"wp","href":"https:\/\/api.w.org\/{rel}","templated":true}]}}