{"id":14405,"date":"2025-02-01T14:35:08","date_gmt":"2025-02-01T11:35:08","guid":{"rendered":"https:\/\/www.egemtv.com\/?p=14405"},"modified":"2025-02-01T14:35:13","modified_gmt":"2025-02-01T11:35:13","slug":"ak-parti-izmir-8inci-olagan-il-kongresi-basladi","status":"publish","type":"post","link":"https:\/\/www.egemtv.com\/?p=14405","title":{"rendered":"AK Parti \u0130zmir 8\u2019inci Ola\u011fan \u0130l Kongresi ba\u015flad\u0131"},"content":{"rendered":"<p>AK Parti \u0130zmir\u2019de 8\u2019inci Ola\u011fan \u0130l Kongresi heyecan\u0131 ba\u015flad\u0131. AK Parti \u0130zmir \u0130l Ba\u015fkan\u0131 Bilal Sayg\u0131l\u0131, &#8220;\u0130zmir\u2019i T\u00fcrkiye Y\u00fczy\u0131l\u0131n\u0131n \u00f6nc\u00fc \u015fehirlerinden biri yapaca\u011f\u0131z. \u0130zmir\u2019deki tek bir karde\u015fimizi AK Parti\u2019nin samimiyetle \u00f6r\u00fclm\u00fc\u015f has dairesinin d\u0131\u015f\u0131nda b\u0131rakmayaca\u011f\u0131z&#8221; dedi.<br \/>\n<br \/>AK Parti \u0130zmir\u2019in 8\u2019inci Ola\u011fan \u0130l Kongresi, Cumhurba\u015fkan\u0131 Recep Tayyip Erdo\u011fan\u2019\u0131n da kat\u0131l\u0131m\u0131yla ba\u015flad\u0131. Halkap\u0131nar Spor Salonu\u2019nda d\u00fczenlenen kongrenin Divan Ba\u015fkanl\u0131\u011f\u0131na AK Parti MKYK \u00dcyesi ve \u0130zmir il Koordinat\u00f6r\u00fc Ahmet Sami Ceylan se\u00e7ildi. Divan \u00dcyeliklerine ise \u0130l Kad\u0131n Kollar\u0131 Ba\u015fkan\u0131 Emel Dalk\u0131ran, \u0130l Gen\u00e7lik Kollar\u0131 Ba\u015fkan\u0131 Mehmet Emin \u0130\u00e7elli, \u00f6nceki d\u00f6nem \u0130zmir Milletvekili ve \u0130l Ba\u015fkan\u0131 Ali A\u015fl\u0131k, Genel Merkez Te\u015fkilat Koordinat\u00f6r\u00fc Salih \u00c7etinkaya se\u00e7ildi. Kongrede partililere seslenen \u0130l Ba\u015fkan\u0131 Bilal Sayg\u0131l\u0131, &#8220;AK Parti \u0130zmir \u0130l Ba\u015fkan\u0131 Bilal Sayg\u0131l\u0131, &#8220;Yakla\u015f\u0131k 2 sene \u00f6nce, \u015fahs\u0131ma \u00f6mr\u00fcm\u00fcn en onurlu g\u00f6revi, AK Parti \u0130zmir \u0130l Ba\u015fkanl\u0131\u011f\u0131 tevdi edildi. Yine bug\u00fcn, Cumhurba\u015fkan\u0131m\u0131z taraf\u0131ndan ayn\u0131 g\u00f6reve aday g\u00f6sterilmi\u015f olman\u0131n tarifi m\u00fcmk\u00fcn olmayan gurur ve saadetini ya\u015f\u0131yorum. G\u00f6rev s\u00fcremizi kapsayan 2 y\u0131l boyunca \u0130zmir\u2019i ad\u0131m ad\u0131m dola\u015ft\u0131k. Gen\u00e7lerle, kad\u0131nlarla, ya\u015fl\u0131larla, \u00e7ocuklarla, engelli vatanda\u015flar\u0131m\u0131z ile g\u00f6n\u00fcl k\u00f6pr\u00fcleri kurduk. \u00c7ift\u00e7imize, esnaf\u0131m\u0131za, sanayicimize, i\u015f\u00e7imize, STK\u2019lar\u0131m\u0131za ula\u015ft\u0131k. Tek bir gayemiz vard\u0131. T\u00fcrkiye Y\u00fczy\u0131l\u0131 yolculu\u011funa vira bismillah diyen Cumhurba\u015fkan\u0131m\u0131z\u0131n davas\u0131n\u0131 anlatmak&#8221; diye konu\u015ftu.<\/p>\n<p>&#8220;Biz haz\u0131r\u0131z&#8221;<br \/>\n<br \/>30 il\u00e7ede de kongreleri suhulet ve demokratik olgunlukla tamamlad\u0131klar\u0131ndan bahseden Sayg\u0131l\u0131, &#8220;Biz haz\u0131r\u0131z. \u0130zmir\u2019i T\u00fcrkiye Y\u00fczy\u0131l\u0131n\u0131n \u00f6nc\u00fc \u015fehirlerinden biri yapaca\u011f\u0131z. \u0130zmir\u2019deki tek bir karde\u015fimizi AK Parti\u2019nin samimiyetle \u00f6r\u00fclm\u00fc\u015f has dairesinin d\u0131\u015f\u0131nda b\u0131rakmayaca\u011f\u0131z. S\u00f6zlerimi tamamlarken Cumhurba\u015fkan\u0131m\u0131za \u0130zmir kamuoyu huzurunda bir s\u00f6z vermek istiyorum. Cumhurba\u015fkan\u0131m, AK Parti\u2019mizin \u0130zmir\u2019deki \u00fcye say\u0131m\u0131z 494 bin. Biz bu \u00fcye say\u0131m\u0131z\u0131 700 bine \u00e7\u0131karaca\u011f\u0131z. \u0130n\u015fallah bu rakama ula\u015f\u0131nca da sizin \u0130zmir\u2019i yeniden onurland\u0131rman\u0131z\u0131 rica ederek bu sevincimizi birlikte payla\u015facak, varl\u0131\u011f\u0131n\u0131zla ba\u015far\u0131m\u0131z\u0131 ta\u00e7land\u0131raca\u011f\u0131z&#8221; a\u00e7\u0131klamalar\u0131na yer verdi.<br \/>\n<br \/>Kongreye, son Ba\u015fbakan Binali Y\u0131ld\u0131r\u0131m, Genel Ba\u015fkanvekilleri Efkan Ala, Mustafa Elita\u015f, Genel Ba\u015fkan Yard\u0131mc\u0131lar\u0131 Hamza Da\u011f, Erkan Kandemir, \u00d6mer \u00c7elik, Fatma Bet\u00fcl Sayan Kaya, Nihat Zeybek\u00e7i, \u00d6mer \u0130leri, Yusuf Ziya Y\u0131lmaz, \u00c7i\u011fdem Karaarslan, TBMM AK Parti Grup Ba\u015fkanvekili Bahad\u0131r Yeni\u015fehlio\u011flu, Leyla \u015eahin Usta, Enerji ve Tabi Kaynaklar Bakan\u0131 Alpaslan Bayraktar, Gen\u00e7lik ve Spor Bakan\u0131 Osman A\u015fk\u0131n Bak, Ula\u015ft\u0131rma ve Alt Yap\u0131 Bakan\u0131 Abdulkadir Uralo\u011flu, \u0130zmir Milletvekilleri Mehmet Muharrem Kasapo\u011flu, Ey\u00fcp Kadir \u0130nan, Mahmut Atilla Kaya, \u015eebnem Bursal\u0131, Ceyda B\u00f6l\u00fcnmez \u00c7ank\u0131r\u0131, Alpay \u00d6zalan, Ya\u015far K\u0131rkp\u0131nar, Mehmet Ali \u00c7elebi kat\u0131ld\u0131.<br \/><\/p>\n","protected":false},"excerpt":{"rendered":"<p>AK Parti \u0130zmir\u2019de 8\u2019inci Ola\u011fan \u0130l Kongresi heyecan\u0131 ba\u015flad\u0131. AK Parti \u0130zmir \u0130l Ba\u015fkan\u0131 Bilal Sayg\u0131l\u0131, &#8220;\u0130zmir\u2019i T\u00fcrkiye Y\u00fczy\u0131l\u0131n\u0131n \u00f6nc\u00fc \u015fehirlerinden biri yapaca\u011f\u0131z. \u0130zmir\u2019deki tek bir karde\u015fimizi AK Parti\u2019nin samimiyetle \u00f6r\u00fclm\u00fc\u015f has dairesinin d\u0131\u015f\u0131nda b\u0131rakmayaca\u011f\u0131z&#8221; dedi. AK Parti \u0130zmir\u2019in 8\u2019inci Ola\u011fan \u0130l Kongresi, Cumhurba\u015fkan\u0131 Recep Tayyip Erdo\u011fan\u2019\u0131n da kat\u0131l\u0131m\u0131yla ba\u015flad\u0131. Halkap\u0131nar Spor Salonu\u2019nda d\u00fczenlenen kongrenin&#8230;<\/p>\n","protected":false},"author":1,"featured_media":14406,"comment_status":"open","ping_status":"open","sticky":false,"template":"","format":"standard","meta":{"_crdt_document":"","footnotes":""},"categories":[127],"tags":[],"class_list":["post-14405","post","type-post","status-publish","format-standard","has-post-thumbnail","hentry","category-siyaset"],"_links":{"self":[{"href":"https:\/\/www.egemtv.com\/index.php?rest_route=\/wp\/v2\/posts\/14405","targetHints":{"allow":["GET"]}}],"collection":[{"href":"https:\/\/www.egemtv.com\/index.php?rest_route=\/wp\/v2\/posts"}],"about":[{"href":"https:\/\/www.egemtv.com\/index.php?rest_route=\/wp\/v2\/types\/post"}],"author":[{"embeddable":true,"href":"https:\/\/www.egemtv.com\/index.php?rest_route=\/wp\/v2\/users\/1"}],"replies":[{"embeddable":true,"href":"https:\/\/www.egemtv.com\/index.php?rest_route=%2Fwp%2Fv2%2Fcomments&post=14405"}],"version-history":[{"count":1,"href":"https:\/\/www.egemtv.com\/index.php?rest_route=\/wp\/v2\/posts\/14405\/revisions"}],"predecessor-version":[{"id":14407,"href":"https:\/\/www.egemtv.com\/index.php?rest_route=\/wp\/v2\/posts\/14405\/revisions\/14407"}],"wp:featuredmedia":[{"embeddable":true,"href":"https:\/\/www.egemtv.com\/index.php?rest_route=\/wp\/v2\/media\/14406"}],"wp:attachment":[{"href":"https:\/\/www.egemtv.com\/index.php?rest_route=%2Fwp%2Fv2%2Fmedia&parent=14405"}],"wp:term":[{"taxonomy":"category","embeddable":true,"href":"https:\/\/www.egemtv.com\/index.php?rest_route=%2Fwp%2Fv2%2Fcategories&post=14405"},{"taxonomy":"post_tag","embeddable":true,"href":"https:\/\/www.egemtv.com\/index.php?rest_route=%2Fwp%2Fv2%2Ftags&post=14405"}],"curies":[{"name":"wp","href":"https:\/\/api.w.org\/{rel}","templated":true}]}}