{"id":14402,"date":"2025-02-01T14:16:48","date_gmt":"2025-02-01T11:16:48","guid":{"rendered":"https:\/\/www.egemtv.com\/?p=14402"},"modified":"2025-02-01T14:16:52","modified_gmt":"2025-02-01T11:16:52","slug":"karizma-adli-bogasini-nisan-ayindaki-gureslere-hazirliyor","status":"publish","type":"post","link":"https:\/\/www.egemtv.com\/?p=14402","title":{"rendered":"Karizma adl\u0131 bo\u011fas\u0131n\u0131 Nisan ay\u0131ndaki g\u00fcre\u015flere haz\u0131rl\u0131yor"},"content":{"rendered":"<p>Ayd\u0131n\u2019\u0131n \u0130ncirliova il\u00e7esinde ya\u015fayan Arif Eygi bo\u011fas\u0131n\u0131 13 Nisan\u2019da yap\u0131lacak g\u00fcre\u015flere haz\u0131rl\u0131yor. Eygi, hafta sonlar\u0131 g\u00fcnde 10 km y\u00fcr\u00fcy\u00fc\u015f yapt\u0131rarak bo\u011fan\u0131n nefesini a\u00e7maya \u00e7al\u0131\u015ft\u0131\u011f\u0131n\u0131 belirtti.<\/p>\n<p>\u015eirindere Mahallesinde ya\u015fayan Arif Eygi, \u00e7al\u0131\u015ft\u0131\u011f\u0131 fabrikadan kalan zamanlar\u0131nda hayvanc\u0131l\u0131k da yap\u0131yor. Hayvanc\u0131l\u0131\u011f\u0131 \u00e7ok sevdi\u011fi belirten Eygi, 3 ya\u015f\u0131ndaki \u2018Karizma\u2019 ismini verdi\u011fi bo\u011fas\u0131 ile hafta sonunu ge\u00e7iriyor. \u0130\u015f sonras\u0131 zaman\u0131n\u0131 bo\u011fas\u0131na ay\u0131ran Eygi, ilk kez g\u00fcre\u015fe kat\u0131lacak ba\u011fas\u0131n\u0131n bak\u0131m\u0131n\u0131 \u00f6zenle yap\u0131yor. Karizma\u2019n\u0131n daha \u00f6nce hi\u00e7 g\u00fcre\u015f deneyimi olmad\u0131\u011f\u0131n\u0131 kaydeden Eygi, &#8220;Bu y\u0131l ilk kez g\u00fcre\u015flere kat\u0131laca\u011f\u0131z. G\u00fcre\u015flere Karizma\u2019y\u0131 haz\u0131rl\u0131yoruz. Gezdirip idman yap\u0131yoruz. 13 Nisan\u2019da \u0130ncirliova\u2019da g\u00fcre\u015fimiz var. Herkesi g\u00fcre\u015flere bekleriz. Kendim fabrikada \u00e7al\u0131\u015f\u0131yorum. Sadece hafta sonu ilgilenebiliyorum. Hafta i\u00e7i bak\u0131m\u0131 oluyor. Nefesini a\u00e7mak i\u00e7in hafta sonu antrenman ve y\u00fcr\u00fcy\u00fc\u015f yapt\u0131r\u0131yoruz. Her hafta sonunu en iyi \u015fekilde de\u011ferlendiriyoruz&#8221; dedi.<br \/><\/p>\n","protected":false},"excerpt":{"rendered":"<p>Ayd\u0131n\u2019\u0131n \u0130ncirliova il\u00e7esinde ya\u015fayan Arif Eygi bo\u011fas\u0131n\u0131 13 Nisan\u2019da yap\u0131lacak g\u00fcre\u015flere haz\u0131rl\u0131yor. Eygi, hafta sonlar\u0131 g\u00fcnde 10 km y\u00fcr\u00fcy\u00fc\u015f yapt\u0131rarak bo\u011fan\u0131n nefesini a\u00e7maya \u00e7al\u0131\u015ft\u0131\u011f\u0131n\u0131 belirtti. \u015eirindere Mahallesinde ya\u015fayan Arif Eygi, \u00e7al\u0131\u015ft\u0131\u011f\u0131 fabrikadan kalan zamanlar\u0131nda hayvanc\u0131l\u0131k da yap\u0131yor. Hayvanc\u0131l\u0131\u011f\u0131 \u00e7ok sevdi\u011fi belirten Eygi, 3 ya\u015f\u0131ndaki \u2018Karizma\u2019 ismini verdi\u011fi bo\u011fas\u0131 ile hafta sonunu ge\u00e7iriyor. \u0130\u015f sonras\u0131 zaman\u0131n\u0131&#8230;<\/p>\n","protected":false},"author":1,"featured_media":14403,"comment_status":"open","ping_status":"open","sticky":false,"template":"","format":"standard","meta":{"_crdt_document":"","footnotes":""},"categories":[1],"tags":[],"class_list":["post-14402","post","type-post","status-publish","format-standard","has-post-thumbnail","hentry","category-guncel"],"_links":{"self":[{"href":"https:\/\/www.egemtv.com\/index.php?rest_route=\/wp\/v2\/posts\/14402","targetHints":{"allow":["GET"]}}],"collection":[{"href":"https:\/\/www.egemtv.com\/index.php?rest_route=\/wp\/v2\/posts"}],"about":[{"href":"https:\/\/www.egemtv.com\/index.php?rest_route=\/wp\/v2\/types\/post"}],"author":[{"embeddable":true,"href":"https:\/\/www.egemtv.com\/index.php?rest_route=\/wp\/v2\/users\/1"}],"replies":[{"embeddable":true,"href":"https:\/\/www.egemtv.com\/index.php?rest_route=%2Fwp%2Fv2%2Fcomments&post=14402"}],"version-history":[{"count":1,"href":"https:\/\/www.egemtv.com\/index.php?rest_route=\/wp\/v2\/posts\/14402\/revisions"}],"predecessor-version":[{"id":14404,"href":"https:\/\/www.egemtv.com\/index.php?rest_route=\/wp\/v2\/posts\/14402\/revisions\/14404"}],"wp:featuredmedia":[{"embeddable":true,"href":"https:\/\/www.egemtv.com\/index.php?rest_route=\/wp\/v2\/media\/14403"}],"wp:attachment":[{"href":"https:\/\/www.egemtv.com\/index.php?rest_route=%2Fwp%2Fv2%2Fmedia&parent=14402"}],"wp:term":[{"taxonomy":"category","embeddable":true,"href":"https:\/\/www.egemtv.com\/index.php?rest_route=%2Fwp%2Fv2%2Fcategories&post=14402"},{"taxonomy":"post_tag","embeddable":true,"href":"https:\/\/www.egemtv.com\/index.php?rest_route=%2Fwp%2Fv2%2Ftags&post=14402"}],"curies":[{"name":"wp","href":"https:\/\/api.w.org\/{rel}","templated":true}]}}