{"id":14399,"date":"2025-02-01T14:04:23","date_gmt":"2025-02-01T11:04:23","guid":{"rendered":"https:\/\/www.egemtv.com\/?p=14399"},"modified":"2025-02-01T14:04:27","modified_gmt":"2025-02-01T11:04:27","slug":"ispartada-otomobillerin-yayalara-carptigi-kazalar-anbean-kaydedildi","status":"publish","type":"post","link":"https:\/\/www.egemtv.com\/?p=14399","title":{"rendered":"Isparta\u2019da otomobillerin yayalara \u00e7arpt\u0131\u011f\u0131 kazalar anbean kaydedildi"},"content":{"rendered":"<p>Isparta Emniyet M\u00fcd\u00fcrl\u00fc\u011f\u00fc, trafik kazalar\u0131na dikkat \u00e7ekmek ve yayalar\u0131 bilin\u00e7lendirmek i\u00e7in kamu spotu haz\u0131rlad\u0131. G\u00fcvenlik kameras\u0131 g\u00f6r\u00fcnt\u00fclerinin de yer ald\u0131\u011f\u0131 videoda, trafik kurallar\u0131na uyman\u0131n hayati \u00f6nemi vurguland\u0131.<br \/>\n<br \/>Isparta \u0130l Emniyet M\u00fcd\u00fcrl\u00fc\u011f\u00fc, trafik kazalar\u0131na dikkat \u00e7ekmek ve yayalar\u0131 bilin\u00e7lendirmek amac\u0131yla haz\u0131rlad\u0131\u011f\u0131 bir kamu spotunu yay\u0131nlad\u0131. Kentte son 2 ay i\u00e7inde g\u00fcvenlik kameralar\u0131na yans\u0131yan kazalar\u0131n da yer ald\u0131\u011f\u0131 videoda, trafik kurallar\u0131na uyman\u0131n hayati \u00f6nem ta\u015f\u0131d\u0131\u011f\u0131 vurguland\u0131. Kamu spotunda, kazalar\u0131 \u00f6nlemek amac\u0131yla haz\u0131rlanan g\u00f6r\u00fcnt\u00fclerde, yaya ge\u00e7itleri ve \u00fcst ge\u00e7itler kullan\u0131lmal\u0131, Trafik \u0131\u015f\u0131klar\u0131 ve i\u015faretlerine riayet edilmeli, Yeniden yola \u00e7\u0131kmadan \u00f6nce \u00e7evre kontrol edilmeli, Hem kendi can g\u00fcvenli\u011fi hem de di\u011fer yol kullan\u0131c\u0131lar\u0131n\u0131n g\u00fcvenli\u011fi i\u00e7in trafik kurallar\u0131na eksiksiz uyulmas\u0131 gerekti\u011fini belirtti. Isparta \u0130l Emniyet M\u00fcd\u00fcrl\u00fc\u011f\u00fc, k\u00fc\u00e7\u00fck bir ihmalin b\u00fcy\u00fck kazalara yol a\u00e7abilece\u011fine dikkat \u00e7ekerek, t\u00fcm vatanda\u015flar\u0131 kurallara uymaya davet etti.<br \/><\/p>\n","protected":false},"excerpt":{"rendered":"<p>Isparta Emniyet M\u00fcd\u00fcrl\u00fc\u011f\u00fc, trafik kazalar\u0131na dikkat \u00e7ekmek ve yayalar\u0131 bilin\u00e7lendirmek i\u00e7in kamu spotu haz\u0131rlad\u0131. G\u00fcvenlik kameras\u0131 g\u00f6r\u00fcnt\u00fclerinin de yer ald\u0131\u011f\u0131 videoda, trafik kurallar\u0131na uyman\u0131n hayati \u00f6nemi vurguland\u0131. Isparta \u0130l Emniyet M\u00fcd\u00fcrl\u00fc\u011f\u00fc, trafik kazalar\u0131na dikkat \u00e7ekmek ve yayalar\u0131 bilin\u00e7lendirmek amac\u0131yla haz\u0131rlad\u0131\u011f\u0131 bir kamu spotunu yay\u0131nlad\u0131. Kentte son 2 ay i\u00e7inde g\u00fcvenlik kameralar\u0131na yans\u0131yan kazalar\u0131n da yer&#8230;<\/p>\n","protected":false},"author":1,"featured_media":14400,"comment_status":"open","ping_status":"open","sticky":false,"template":"","format":"standard","meta":{"_crdt_document":"","footnotes":""},"categories":[5],"tags":[],"class_list":["post-14399","post","type-post","status-publish","format-standard","has-post-thumbnail","hentry","category-asayis"],"_links":{"self":[{"href":"https:\/\/www.egemtv.com\/index.php?rest_route=\/wp\/v2\/posts\/14399","targetHints":{"allow":["GET"]}}],"collection":[{"href":"https:\/\/www.egemtv.com\/index.php?rest_route=\/wp\/v2\/posts"}],"about":[{"href":"https:\/\/www.egemtv.com\/index.php?rest_route=\/wp\/v2\/types\/post"}],"author":[{"embeddable":true,"href":"https:\/\/www.egemtv.com\/index.php?rest_route=\/wp\/v2\/users\/1"}],"replies":[{"embeddable":true,"href":"https:\/\/www.egemtv.com\/index.php?rest_route=%2Fwp%2Fv2%2Fcomments&post=14399"}],"version-history":[{"count":1,"href":"https:\/\/www.egemtv.com\/index.php?rest_route=\/wp\/v2\/posts\/14399\/revisions"}],"predecessor-version":[{"id":14401,"href":"https:\/\/www.egemtv.com\/index.php?rest_route=\/wp\/v2\/posts\/14399\/revisions\/14401"}],"wp:featuredmedia":[{"embeddable":true,"href":"https:\/\/www.egemtv.com\/index.php?rest_route=\/wp\/v2\/media\/14400"}],"wp:attachment":[{"href":"https:\/\/www.egemtv.com\/index.php?rest_route=%2Fwp%2Fv2%2Fmedia&parent=14399"}],"wp:term":[{"taxonomy":"category","embeddable":true,"href":"https:\/\/www.egemtv.com\/index.php?rest_route=%2Fwp%2Fv2%2Fcategories&post=14399"},{"taxonomy":"post_tag","embeddable":true,"href":"https:\/\/www.egemtv.com\/index.php?rest_route=%2Fwp%2Fv2%2Ftags&post=14399"}],"curies":[{"name":"wp","href":"https:\/\/api.w.org\/{rel}","templated":true}]}}