{"id":14390,"date":"2025-02-01T13:52:57","date_gmt":"2025-02-01T10:52:57","guid":{"rendered":"https:\/\/www.egemtv.com\/?p=14390"},"modified":"2025-02-01T13:53:01","modified_gmt":"2025-02-01T10:53:01","slug":"manisali-kadinlar-gonullerince-eglendi","status":"publish","type":"post","link":"https:\/\/www.egemtv.com\/?p=14390","title":{"rendered":"Manisal\u0131 kad\u0131nlar g\u00f6n\u00fcllerince e\u011flendi"},"content":{"rendered":"<p>\u015eehzadeler Belediyesi\u2019nin Manisa B\u00fcy\u00fck\u015fehir Belediyesi ve Yunusemre Belediyesi i\u015f birli\u011fiyle d\u00fczenledi\u011fi kad\u0131nlar matinesinde Manisal\u0131 kad\u0131nlar m\u00fczik ve e\u011flence dolu bir gece ya\u015fad\u0131.<br \/>\n<br \/>\u015eehzadeler Belediyesi\u2019nin, Manisa B\u00fcy\u00fck\u015fehir Belediyesi ve Yunusemre Belediyesi i\u015f birli\u011fiyle \u00fc\u00e7\u00fcnc\u00fcs\u00fcn\u00fc Fuar Merkezi\u2019nde d\u00fczenledi\u011fi Kad\u0131nlar Matinesi, b\u00fcy\u00fck ilgi g\u00f6rd\u00fc. \u015eehir merkezi ve Yunusemre \u0130l\u00e7esinden fuar alan\u0131na otob\u00fcslerle ta\u015f\u0131nan kad\u0131nlar, \u00e7e\u015fitli ikramlarla a\u011f\u0131rland\u0131 ve m\u00fczik e\u015fli\u011finde doyas\u0131ya e\u011flendi. \u015eehzadeler Belediye Ba\u015fkan Yard\u0131mc\u0131s\u0131 \u00d6zge \u0130ldem, Yunusemre Belediye Ba\u015fkan Yard\u0131mc\u0131s\u0131 \u00d6zge Arslan, belediye meclis \u00fcyeleri ve y\u00fczlerce kad\u0131n\u0131n kat\u0131ld\u0131\u011f\u0131 matinede, yerel sanat\u00e7\u0131 Sado\u015fum Sado\u015f sahne ald\u0131.<br \/>\n<br \/>\u015eehzadeler Belediye Ba\u015fkan Yard\u0131mc\u0131s\u0131 \u00d6zge \u0130ldem matinenin a\u00e7\u0131l\u0131\u015f\u0131nda yapt\u0131\u011f\u0131 konu\u015fmas\u0131na ge\u00e7ti\u011fimiz hafta bir operasyon ge\u00e7irdi\u011fi i\u00e7in matineye kat\u0131lamayan \u015eehzadeler Belediye Ba\u015fkan\u0131 G\u00fcl\u015fah Durbay\u2019\u0131n selam\u0131 ile ba\u015flad\u0131. \u0130ldem, &#8220;Can\u0131m\u0131z Manisal\u0131m\u0131z her \u015feyin en g\u00fczeline lay\u0131k. Bug\u00fcn de bir araday\u0131z. Manisa B\u00fcy\u00fck\u015fehir, \u015eehzadeler ve Yunusemre Belediye Ba\u015fkanlar\u0131m\u0131z\u0131n selamlar\u0131 var. G\u00fcl\u015fah Ba\u015fkan\u0131m\u0131z tedavisi nedeniyle aram\u0131zda bulunam\u0131yor. Sa\u011fl\u0131kl\u0131 ve mutlu g\u00fcnlerde tekrardan sizlerle kucakla\u015fmay\u0131 umuyor. Hepinize sevgi ve selamlar\u0131n\u0131 iletti. Herkese iyi e\u011flenceler diliyorum.&#8221; dedi.<br \/>\n<br \/>Yunusemre Belediye Ba\u015fkan Yard\u0131mc\u0131s\u0131 \u00d6zge Arslan da matineye kat\u0131lan t\u00fcm kad\u0131nlara keyifli bir gece ge\u00e7irmelerini dileyerek, \u00fc\u00e7 belediye ba\u015fkan\u0131n\u0131n selam\u0131n\u0131 iletti.<br \/>\n<br \/>M\u00fczik e\u015fli\u011finde dans edip \u015fark\u0131lar s\u00f6yleyerek unutulmaz bir ak\u015fam ge\u00e7iren kad\u0131nlar, doyas\u0131ya e\u011flendi. Kad\u0131nlar matinesinin kente bir hareket getirdi\u011fini ve bu sayede e\u011flenme f\u0131rsat\u0131 bulduklar\u0131n\u0131 belirten kad\u0131nlar, bu t\u00fcr etkinliklerin s\u0131k s\u0131k tekrarlanmas\u0131n\u0131 talep ederek, belediye ba\u015fkanlar\u0131na te\u015fekk\u00fcr etti.<br \/><\/p>\n","protected":false},"excerpt":{"rendered":"<p>\u015eehzadeler Belediyesi\u2019nin Manisa B\u00fcy\u00fck\u015fehir Belediyesi ve Yunusemre Belediyesi i\u015f birli\u011fiyle d\u00fczenledi\u011fi kad\u0131nlar matinesinde Manisal\u0131 kad\u0131nlar m\u00fczik ve e\u011flence dolu bir gece ya\u015fad\u0131. \u015eehzadeler Belediyesi\u2019nin, Manisa B\u00fcy\u00fck\u015fehir Belediyesi ve Yunusemre Belediyesi i\u015f birli\u011fiyle \u00fc\u00e7\u00fcnc\u00fcs\u00fcn\u00fc Fuar Merkezi\u2019nde d\u00fczenledi\u011fi Kad\u0131nlar Matinesi, b\u00fcy\u00fck ilgi g\u00f6rd\u00fc. \u015eehir merkezi ve Yunusemre \u0130l\u00e7esinden fuar alan\u0131na otob\u00fcslerle ta\u015f\u0131nan kad\u0131nlar, \u00e7e\u015fitli ikramlarla a\u011f\u0131rland\u0131 ve&#8230;<\/p>\n","protected":false},"author":1,"featured_media":14391,"comment_status":"open","ping_status":"open","sticky":false,"template":"","format":"standard","meta":{"_crdt_document":"","footnotes":""},"categories":[1],"tags":[],"class_list":["post-14390","post","type-post","status-publish","format-standard","has-post-thumbnail","hentry","category-guncel"],"_links":{"self":[{"href":"https:\/\/www.egemtv.com\/index.php?rest_route=\/wp\/v2\/posts\/14390","targetHints":{"allow":["GET"]}}],"collection":[{"href":"https:\/\/www.egemtv.com\/index.php?rest_route=\/wp\/v2\/posts"}],"about":[{"href":"https:\/\/www.egemtv.com\/index.php?rest_route=\/wp\/v2\/types\/post"}],"author":[{"embeddable":true,"href":"https:\/\/www.egemtv.com\/index.php?rest_route=\/wp\/v2\/users\/1"}],"replies":[{"embeddable":true,"href":"https:\/\/www.egemtv.com\/index.php?rest_route=%2Fwp%2Fv2%2Fcomments&post=14390"}],"version-history":[{"count":1,"href":"https:\/\/www.egemtv.com\/index.php?rest_route=\/wp\/v2\/posts\/14390\/revisions"}],"predecessor-version":[{"id":14392,"href":"https:\/\/www.egemtv.com\/index.php?rest_route=\/wp\/v2\/posts\/14390\/revisions\/14392"}],"wp:featuredmedia":[{"embeddable":true,"href":"https:\/\/www.egemtv.com\/index.php?rest_route=\/wp\/v2\/media\/14391"}],"wp:attachment":[{"href":"https:\/\/www.egemtv.com\/index.php?rest_route=%2Fwp%2Fv2%2Fmedia&parent=14390"}],"wp:term":[{"taxonomy":"category","embeddable":true,"href":"https:\/\/www.egemtv.com\/index.php?rest_route=%2Fwp%2Fv2%2Fcategories&post=14390"},{"taxonomy":"post_tag","embeddable":true,"href":"https:\/\/www.egemtv.com\/index.php?rest_route=%2Fwp%2Fv2%2Ftags&post=14390"}],"curies":[{"name":"wp","href":"https:\/\/api.w.org\/{rel}","templated":true}]}}