{"id":14387,"date":"2025-02-01T13:45:54","date_gmt":"2025-02-01T10:45:54","guid":{"rendered":"https:\/\/www.egemtv.com\/?p=14387"},"modified":"2025-02-01T13:45:58","modified_gmt":"2025-02-01T10:45:58","slug":"mugla-buyuksehirden-egitime-destek","status":"publish","type":"post","link":"https:\/\/www.egemtv.com\/?p=14387","title":{"rendered":"Mu\u011fla B\u00fcy\u00fck\u015fehir\u2019den e\u011fitime destek"},"content":{"rendered":"<p>Mu\u011fla B\u00fcy\u00fck\u015fehir Belediyesi \u0130lk\u00f6\u011fretim, lise ve \u00fcniversite \u00f6\u011frencileri i\u00e7in k\u0131rtasiye, ilk\u00f6\u011fretim ve lise \u00f6\u011frencileri i\u00e7in beslenme ve k\u0131yafet, \u00fcniversite \u00f6\u011frencilerine de iki d\u00f6nem halinde 5 Bin TL e\u011fitim deste\u011fini devam ediyor.<br \/>\n<br \/>2024-2025 E\u011fitim-\u00d6\u011fretim y\u0131l\u0131 ikinci d\u00f6nemi ile birlikte B\u00fcy\u00fck\u015fehir Belediyesi e\u011fitim destekleri ailelerin ve \u00f6\u011frencilerin yan\u0131nda olmaya devam edecek. Mu\u011fla B\u00fcy\u00fck\u015fehir Belediyesi bug\u00fcne kadar 14 milyon 38 bin 741 TL e\u011fitim ve beslenme deste\u011fi sa\u011flad\u0131.<br \/>\n<br \/>\u0130kinci d\u00f6nem destekleri hesaplara yat\u0131yor<br \/>\n<br \/>Mu\u011fla B\u00fcy\u00fck\u015fehir Belediyesi aile ve \u00f6\u011frencilere destek olmak i\u00e7in \u00fc\u00e7 kalemdeki e\u011fitim desteklerini y\u00fczde 65 artt\u0131rd\u0131. B\u00f6ylece \u00fcniversite \u00f6\u011frencileri B\u00fcy\u00fck\u015fehir\u2019den ilk d\u00f6nem i\u00e7in 5 bin TL, ikinci d\u00f6nem i\u00e7in de 5 bin TL olmak \u00fczere toplam 10 bin TL k\u0131rtasiye deste\u011fi al\u0131yor. \u0130lk\u00f6\u011fretim ve lise \u00f6\u011frencileri i\u00e7in yard\u0131mlar da y\u00fczde 65 art\u0131\u015fla bin TL\u2019ye \u00e7\u0131kt\u0131. 8 ay boyunca \u00f6\u011frencilere ayl\u0131k Bin TL beslenme yard\u0131m\u0131 yap\u0131larken, ayr\u0131ca ilk\u00f6\u011fretim \u00f6\u011frencilerine 600, lise \u00f6\u011frencilerine Bin TL k\u0131rtasiye deste\u011fi sa\u011flan\u0131yor.  Mu\u011fla B\u00fcy\u00fck\u015fehir Belediyesi taraf\u0131ndan \u00f6\u011frencilere sa\u011flanacak olan ikinci d\u00f6nem destekleri Pazartesi g\u00fcn\u00fc hesaplara yatacak.<br \/>\n<br \/>Bir \u00fclkenin \u00e7a\u011fda\u015f medeniyetler seviyesine ula\u015fmas\u0131n\u0131n ancak e\u011fitimle olaca\u011f\u0131n\u0131 s\u00f6yleyen K\u0131y\u0131 Ege Belediyeler Birli\u011fi ve Mu\u011fla B\u00fcy\u00fck\u015fehir Belediye Ba\u015fkan\u0131 Ahmet Aras bu nedenle e\u011fitime, e\u011fitimde f\u0131rsat e\u015fitli\u011fine ve en \u00f6nemlisi gen\u00e7lere yat\u0131r\u0131m yapt\u0131klar\u0131n\u0131 belirtti. Ba\u015fkan Aras; &#8220;\u00dclkemizde ekonomik \u015fartlar ne yaz\u0131k ki e\u011fitimden sosyal hayata vatanda\u015flar\u0131m\u0131z aras\u0131nda e\u015fitsizli\u011fe neden oluyor. B\u00fcy\u00fck\u015fehir Belediyesi olarak vatanda\u015flar\u0131m\u0131z\u0131n \u00f6zellikle de gelece\u011fimizin teminat\u0131 gen\u00e7lerimizin e\u011fitimde f\u0131rsat e\u015fitli\u011fini sa\u011flamak i\u00e7in e\u011fitime b\u00fcy\u00fck destek veriyoruz. K\u0131rtasiye, beslenme, k\u0131yafet deste\u011fimizi y\u00fczde 65 artt\u0131rd\u0131k. Ula\u015f\u0131m\u0131 \u00fcniversite \u00f6\u011frencilerimiz i\u00e7in 1 TL yapt\u0131k. Her sabah \u00fcniversite yerle\u015fkesi \u00f6n\u00fcnde \u00f6\u011frencilerimize s\u0131cak \u00e7orba ikram\u0131m\u0131z devam ediyor. Gelece\u011fimiz gen\u00e7lerimiz ve onlar\u0131 okutmak i\u00e7in fedakarca \u00e7al\u0131\u015fan ailelerimizin hep yan\u0131nday\u0131z. Mutlu bir Mu\u011fla ve Atat\u00fcrk\u2019\u00fcn izinde \u00e7a\u011fda\u015f bir T\u00fcrkiye Cumhuriyeti i\u00e7in e\u011fitime destek olmaya, gen\u00e7lerimize yat\u0131r\u0131m yapmaya devam edece\u011fiz&#8221; dedi.<br \/><\/p>\n","protected":false},"excerpt":{"rendered":"<p>Mu\u011fla B\u00fcy\u00fck\u015fehir Belediyesi \u0130lk\u00f6\u011fretim, lise ve \u00fcniversite \u00f6\u011frencileri i\u00e7in k\u0131rtasiye, ilk\u00f6\u011fretim ve lise \u00f6\u011frencileri i\u00e7in beslenme ve k\u0131yafet, \u00fcniversite \u00f6\u011frencilerine de iki d\u00f6nem halinde 5 Bin TL e\u011fitim deste\u011fini devam ediyor. 2024-2025 E\u011fitim-\u00d6\u011fretim y\u0131l\u0131 ikinci d\u00f6nemi ile birlikte B\u00fcy\u00fck\u015fehir Belediyesi e\u011fitim destekleri ailelerin ve \u00f6\u011frencilerin yan\u0131nda olmaya devam edecek. Mu\u011fla B\u00fcy\u00fck\u015fehir Belediyesi bug\u00fcne kadar 14&#8230;<\/p>\n","protected":false},"author":1,"featured_media":14388,"comment_status":"open","ping_status":"open","sticky":false,"template":"","format":"standard","meta":{"_crdt_document":"","footnotes":""},"categories":[1],"tags":[],"class_list":["post-14387","post","type-post","status-publish","format-standard","has-post-thumbnail","hentry","category-guncel"],"_links":{"self":[{"href":"https:\/\/www.egemtv.com\/index.php?rest_route=\/wp\/v2\/posts\/14387","targetHints":{"allow":["GET"]}}],"collection":[{"href":"https:\/\/www.egemtv.com\/index.php?rest_route=\/wp\/v2\/posts"}],"about":[{"href":"https:\/\/www.egemtv.com\/index.php?rest_route=\/wp\/v2\/types\/post"}],"author":[{"embeddable":true,"href":"https:\/\/www.egemtv.com\/index.php?rest_route=\/wp\/v2\/users\/1"}],"replies":[{"embeddable":true,"href":"https:\/\/www.egemtv.com\/index.php?rest_route=%2Fwp%2Fv2%2Fcomments&post=14387"}],"version-history":[{"count":1,"href":"https:\/\/www.egemtv.com\/index.php?rest_route=\/wp\/v2\/posts\/14387\/revisions"}],"predecessor-version":[{"id":14389,"href":"https:\/\/www.egemtv.com\/index.php?rest_route=\/wp\/v2\/posts\/14387\/revisions\/14389"}],"wp:featuredmedia":[{"embeddable":true,"href":"https:\/\/www.egemtv.com\/index.php?rest_route=\/wp\/v2\/media\/14388"}],"wp:attachment":[{"href":"https:\/\/www.egemtv.com\/index.php?rest_route=%2Fwp%2Fv2%2Fmedia&parent=14387"}],"wp:term":[{"taxonomy":"category","embeddable":true,"href":"https:\/\/www.egemtv.com\/index.php?rest_route=%2Fwp%2Fv2%2Fcategories&post=14387"},{"taxonomy":"post_tag","embeddable":true,"href":"https:\/\/www.egemtv.com\/index.php?rest_route=%2Fwp%2Fv2%2Ftags&post=14387"}],"curies":[{"name":"wp","href":"https:\/\/api.w.org\/{rel}","templated":true}]}}