{"id":14384,"date":"2025-02-01T13:34:48","date_gmt":"2025-02-01T10:34:48","guid":{"rendered":"https:\/\/www.egemtv.com\/?p=14384"},"modified":"2025-02-01T13:34:53","modified_gmt":"2025-02-01T10:34:53","slug":"ortacada-turizm-tanitim-ve-gelistirme-toplantisi","status":"publish","type":"post","link":"https:\/\/www.egemtv.com\/?p=14384","title":{"rendered":"Ortaca\u2019da Turizm Tan\u0131t\u0131m ve Geli\u015ftirme Toplant\u0131s\u0131"},"content":{"rendered":"<p>Mu\u011fla\u2019n\u0131n Ortaca il\u00e7esinde Turizm, Tan\u0131t\u0131m ve Geli\u015ftirme Toplant\u0131s\u0131 yap\u0131ld\u0131. Toplant\u0131da Mu\u011fla\u2019n\u0131n turizmdeki 4.il\u00e7esi konumundaki Ortaca\u2019n\u0131n turizmde potansiyeli masaya yat\u0131r\u0131l\u0131rken, turizmden yeterli pay almad\u0131\u011f\u0131 belirtildi ve \u00f6n\u00fcm\u00fczdeki s\u00fcre\u00e7te kurulacak komisyonlar ile turizmde yap\u0131lacak hamleler de\u011ferlendirildi.<br \/>\n<br \/>Ortaca\u2019da il\u00e7enin turizm potansiyelini daha da g\u00fc\u00e7lendirmek amac\u0131yla turizm sekt\u00f6r\u00fc payda\u015flar\u0131n\u0131n kat\u0131l\u0131m\u0131yla Ortaca Turizm Tan\u0131t\u0131m ve Geli\u015ftirme Toplant\u0131s\u0131 ger\u00e7ekle\u015ftirildi. Toplant\u0131n\u0131n a\u00e7\u0131l\u0131\u015f konu\u015fmas\u0131n\u0131 yapan Belediye Ba\u015fkan\u0131 Evren Tezcan, &#8220;Ortacam\u0131z iki ana kayna\u011f\u0131 var, biri turizm biri tar\u0131m. Maalesef ge\u00e7en d\u00f6nemlerde turizm ve tar\u0131mda gereken ilginin g\u00f6sterilmemesi nedeniyle s\u0131k\u0131nt\u0131lar ya\u015f\u0131yoruz. Bizde bu d\u00f6nem bir Turizm ve Tar\u0131m Komisyonu kurduk. Ortaca\u2019n\u0131n turizmini daha iyi anlatabilmek, y\u0131ld\u0131z\u0131n\u0131 daha iyi parlatabilmek i\u00e7in, birlik olu\u015fturma karar\u0131 ald\u0131k. Bu birlik Ortacam\u0131za istenen katma de\u011feri sa\u011flas\u0131n, gereken hassasiyetler duyurulsun diye. Bu konuda de\u011ferli hocalar\u0131m\u0131z ve arkada\u015flar\u0131m\u0131zla i\u015fbirli\u011fi i\u00e7inde olaca\u011f\u0131z. \u0130n\u015fallah bu yapt\u0131\u011f\u0131m\u0131z ilk toplant\u0131 daha da ileride devam edecek. Bir yol haritas\u0131 olur, bu konuda kat\u0131l\u0131m\u0131n\u0131zdan dolay\u0131 te\u015fekk\u00fcr ediyorum&#8221; dedi.<\/p>\n<p>&#8220;Sadece 3,5-4 ay turizm ve yap\u0131yoruz&#8221;<br \/>\n<br \/>Turizm Komitesi Ba\u015fkan\u0131 Ali M\u00fcr\u015fit Ya\u011fmur da Ortaca\u2019n\u0131n turizm potansiyelinden bahsetti. Ge\u00e7ti\u011fimiz ay meclis toplant\u0131s\u0131nda Ortaca\u2019da Tar\u0131m, Turizm ve ARGE Komisyonu olu\u015fturduklar\u0131n\u0131 belirten Ya\u011fmur, &#8220;Bu ARGE komisyonunu olu\u015ftururken d\u00fc\u015f\u00fcncemiz sadece Belediye olarak  de\u011fil, STK\u2019lar, turizmciler, restaurant\u00e7\u0131lar, barc\u0131lar, tekneciler, ula\u015f\u0131m sekt\u00f6r\u00fcndeki b\u00fct\u00fcn payda\u015flarla birlikte y\u00fcr\u00fcmeyi d\u00fc\u015f\u00fcn\u00fcyoruz. Bununla ilgili \u00e7al\u0131\u015fmalar\u0131m\u0131z ve g\u00f6r\u00fc\u015fmelerimiz oldu. Sonu\u00e7ta b\u00f6lgede iki tane akt\u00f6r var biri turizm, biri tar\u0131m. Biz sadece 3,5-4 ay turizm ve tar\u0131m yap\u0131yoruz. B\u00f6lgede, en g\u00fczel yer olmam\u0131za ra\u011fmen turizmden yeteri katk\u0131y\u0131 sa\u011flayam\u0131yoruz. Hem pandemi de b\u00f6lgenin etkenlerini \u00f6ne \u00e7\u0131karamad\u0131k&#8221; diye konu\u015ftu.<br \/>\n<br \/>Ortaca\u2019n\u0131n T\u00fcrkiye\u2019nin en g\u00fcvenilir turizm b\u00f6lgesi oldu\u011funu belirten Ya\u011fmur, &#8220;10 katl\u0131 binalar yok. Ah\u015fap binalar yok. Ya da her \u015fey dahil sisteminde olan fakt\u00f6r yok. Bunun i\u00e7in turizmde elbirli\u011fi ile hareket edip ortak ak\u0131lla ne gibi katk\u0131 ve destek veririz, bununla ilgili fikri, d\u00fc\u015f\u00fcncesi olan payda\u015flar\u0131m\u0131z olursa l\u00fctfen belediyenin art\u0131k bir Turizm ve ARGE b\u00f6l\u00fcm\u00fc var. Bu bir havuz olacak. \u00d6neriler bu havuza gelecek sekreterli\u011fimiz onun alt\u0131nda turizmi bilen bir arkada\u015f\u0131m\u0131zla birlikte bu ofisimiz devaml\u0131 aktif olacak&#8221; dedi.<\/p>\n<p>&#8220;Ortaca\u2019da geceleme olarak 1 milyon 313 bin konaklama yap\u0131lm\u0131\u015f&#8221;<br \/>\n<br \/>2024 y\u0131l\u0131nda Mu\u011fla\u2019n\u0131n, \u0130stanbul ve Antalya\u2019dan sonra en fazla turist a\u011f\u0131rlayan \u015fehir oldu\u011funu belirten Ali M\u00fcr\u015fit Ya\u011fmur, &#8220;Mu\u011fla 3 milyon 679 bin turist a\u011f\u0131rlam\u0131\u015f. Bunun y\u00fczde 61\u2019i \u0130ngiltere, y\u00fczde 15\u2019i Rusya, y\u00fczde 9,7\u2019si Almanya, y\u00fczde 9,6\u2019s\u0131 Polonya, y\u00fczde 3,5\u2019i Hollanda. Gelenlerin y\u00fczde 67\u2019si 1-5 y\u0131ld\u0131zl\u0131 otellerde, y\u00fczde 10,7\u2019si basit konaklamal\u0131 tesislerinde, y\u00fczde 10\u2019u tatil k\u00f6ylerinde, y\u00fczde 3,3\u2019\u00fc pansiyonlar da ki\u015fi kal\u0131yor, di\u011ferlerinde ise bu oran y\u00fczde 10,7. Bodrum\u2019da 1 milyon 879 bin ki\u015fi, Marmaris\u2019de 1 milyon 803 ki\u015fi, Fethiye\u2019de 661 bin 584 ki\u015fi Ortaca\u2019da ise 396 bin ki\u015fi konaklama yapm\u0131\u015f. Geceleme olarak Ortaca\u2019da 1 milyon 313 bin konaklama yap\u0131lm\u0131\u015f. T\u00fcrkiye ve Mu\u011fla ili k\u0131yasland\u0131\u011f\u0131nda Ortaca\u2019n\u0131n turizmdeki yeri yabanc\u0131 turist say\u0131s\u0131nda Mu\u011fla\u2019ya g\u00f6re y\u00fczde 11, T\u00fcrkiye\u2019ye g\u00f6re ise y\u00fczde 0,87 oran\u0131nda&#8221; ifadelerini kulland\u0131.<br \/>\n<br \/>Ortaca\u2019daki turizm tesisleri ve kapasitelerine de de\u011finen Ali M\u00fcr\u015fit Ya\u011fmur, &#8220;5 y\u0131ld\u0131zl\u0131 otel 2 tane, 4 y\u0131ld\u0131zl\u0131 7 tane, 3 y\u0131ld\u0131zl\u0131 1 tane, 2 y\u0131ld\u0131zl\u0131 otel  2 tane, 1 y\u0131ld\u0131zl\u0131 1 tane, basit konaklama ve pansiyon belgeli tesis say\u0131s\u0131 94. Plaj i\u015fletmesi 5, toplam turizm i\u015fletmesi 197 tesis bulunuyor. Toplam yatak say\u0131s\u0131 12 bin, i\u00e7kili restaurant ve kafe bar say\u0131s\u0131 ise 186. Mu\u011fla\u2019ya gelen yabanc\u0131 turistlerin y\u00fczde 11\u2019i, yerli turistlerin ise y\u00fczde 2\u2019si Ortacay\u0131 tercih ediyor. T\u00fcrkiye gelen yabanc\u0131 turistlerin y\u00fczde 1\u2019in daha az\u0131 Ortaca\u2019y\u0131 tercih ediyor. Ortaca\u2019da otellerin y\u0131ll\u0131k doluluk oran\u0131 ise y\u00fczde 50&#8221; dedi.<\/p>\n<p>&#8220;Ortaca turizm stratejik planlamas\u0131 yap\u0131lacak&#8221;<br \/>\n<br \/>2025 y\u0131l\u0131 hedeflerinden bahseden Ya\u011fmur, &#8220;Ortaca halk\u0131, belediye ve turizm sekt\u00f6r\u00fcn\u00fcn payda\u015flar\u0131 taraf\u0131ndan Ortaca Turizm Komitesi ve turistlerin ihtiya\u00e7lar\u0131n\u0131 anlayarak onlara daha uygun sunabilmek i\u00e7in anketler, saha ara\u015ft\u0131rmalar\u0131 ve kaynaklardan elde edilen veriler do\u011frultusunda turizm analizleri ve sekt\u00f6r analizleri yap\u0131lacak. Bu analizler do\u011frultusunda Ortaca turizm stratejik planlamas\u0131 yap\u0131lacak&#8221; dedi.<br \/>\n<br \/>Ortaca Turizm Komitesi ve Komite\u2019nin yap\u0131s\u0131ndan da bahseden Ali M\u00fcr\u015fit Ya\u011fmur, &#8220;Belediye, Turizm komite ba\u015fkanl\u0131\u011f\u0131, genel sekreterli\u011fi, STK\u2019lar, ticaret odas\u0131, esnaf odas\u0131, TURSAB, otelciler birli\u011fi, restorant\u00e7\u0131lar, cafeler temsilcili\u011fi, tekneciler temsilcisi ve ula\u015f\u0131m, taksi dolmu\u015f ve minib\u00fcs\u00e7\u00fclerden olu\u015fan bir komisyon kurmay\u0131 planl\u0131yoruz. Tan\u0131t\u0131m ve pazarlama konusunda Ortaca Turizm Komitesi, Ortaca\u2019n\u0131n bir turizm destinasyonu olarak nas\u0131l tan\u0131t\u0131lmas\u0131 gerekti\u011fi \u00fczerinde kendi verilerini toplayarak i\u015fletmeler, seyahat acentalar\u0131, k\u00fclt\u00fcr kurullar\u0131 ile i\u015fbirli\u011fi yaparak, farkl\u0131 ziyaret\u00e7i segmentlerine hitap eden \u00f6zel reklam stratejileri olu\u015fturacak. Bu stratejiler K\u00fclt\u00fcr Turizm Bakanl\u0131\u011f\u0131 ve Mu\u011fla B\u00fcy\u00fck\u015fehir Belediyesi ile payla\u015f\u0131lacak. Ayn\u0131 zamanda bu kurdu\u011fumuz Komite, Ortaca Turizm Yat\u0131r\u0131m Etkinlik ofisi, Ortaca\u2019da yap\u0131lacak organizasyonlar\u0131n, festivallerin, etkinliklerin, turizmle ilgili hangi dal olursa olsun bu komisyondan \u00e7\u0131karak ortak kararla ile, b\u00f6lgeye faydas\u0131, de\u011ferleri ve katk\u0131s\u0131 gibi ortak ak\u0131lla y\u00f6netilecek. Ayr\u0131ca \u00f6n\u00fcm\u00fczde 5-7 \u015eubat tarihleri aras\u0131nda d\u00fczenlenen EM\u0130TT fuar\u0131, 4-6 Mart tarihleri aras\u0131nda d\u00fczenlenen Berlin ITB Uluslaras\u0131 Turizm Fuar\u0131na kat\u0131l\u0131p il\u00e7emizin t\u00fcm g\u00fczelliklerini tan\u0131taca\u011f\u0131z&#8221; diye konu\u015ftu.<\/p>\n<p>Do\u00e7. Dr. G\u00f6ka\u015f: &#8220;Gerekli i\u015flemleri yapmazsak tar\u0131mda oldu\u011fumuz hale geliriz&#8221;<br \/>\n<br \/>Ortaca Meslek Y\u00fcksekolu \u00d6\u011fretim \u00dcyesi Do\u00e7. Dr. \u0130brahim G\u00f6ka\u015f ise, Ortaca\u2019n\u0131n turizm ve tar\u0131m anlam\u0131nda merkezi olmas\u0131 gerekti\u011fini ve her t\u00fcrl\u00fc \u00e7al\u0131\u015fman\u0131n i\u00e7inde yer almas\u0131 gerekti\u011fini belirti. Do\u00e7. Dr. G\u00f6ka\u015f, &#8220;B\u00f6yle bir komisyon kuruldu\u011fu i\u00e7in kutluyorum. \u00c7ok g\u00fczel bir \u00e7al\u0131\u015fma. Ama bunun ba\u015far\u0131l\u0131 olmas\u0131 i\u00e7in hepimizin bu i\u015fin i\u00e7inde olmam\u0131z gerekir. Turizmde e\u011fer hepimiz gerekli i\u015fleri yapmazsak tar\u0131mda oldu\u011fumuz hale geliriz. Tar\u0131m olay\u0131 bir felaket. Ne yaz\u0131k ki tar\u0131m diye bir \u015fey kalmad\u0131. Y\u0131llar \u00f6nce e\u011fer hepimiz bunun \u00fcst\u00fcne d\u00fc\u015f\u00fcp destek olmazsak \u015fu anda y\u00fczde 50 olan tar\u0131m\u0131 terk etme olay\u0131, daha b\u00fcy\u00fck boyutlara gelir. \u00dclkemizdeki insanlar\u0131n daha fakirle\u015fmesi ka\u00e7\u0131n\u0131lmaz olur. Ayn\u0131 \u015feyler turizm i\u00e7inde ge\u00e7erli. Ya hep beraber aya\u011fa kalkaca\u011f\u0131z. Ba\u015fkalar\u0131 \u015f\u00f6yle yapm\u0131\u015f b\u00f6yle yapm\u0131\u015f bizi ilgilendirmiyor ama buradaki \u015fu kurullar bu i\u015fin aya\u011fa kalkmas\u0131 i\u00e7in \u00f6nc\u00fc olurlarsa gere\u011fini yapar\u0131z&#8221; dedi.<\/p>\n<p>&#8220;Ortaca turizmde \u00e7ok \u00f6nemli bir yerde&#8221;<br \/>\n<br \/>YDA Operasyonlar ve Gelirler Direkt\u00f6r\u00fc Or\u00e7un Songur ise, 2024 y\u0131l\u0131nda Dalaman Havaliman\u0131\u2019n\u0131n 5.6 milyon yolcuya ula\u015ft\u0131\u011f\u0131n\u0131 belirterek, &#8220;Pandemi \u00f6ncesinin \u00e7ok \u00fczerinde bir rakam. Ge\u00e7en y\u0131l 5,2 milyondu, \u00fczerine 400 bin yolcu eklendi. Bu yolcular\u0131n \u00e7o\u011fu d\u0131\u015f hatlar&#8221; dedi.<br \/>\n<br \/>Ortaca\u2019n\u0131n Dalyan, Sar\u0131germesi gibi destinasyonlar\u0131 ile T\u00fcrkiye turizminde \u00e7ok \u00f6nemli bir yerde bulundu\u011funu belirten Or\u00e7un Songur, &#8220;Almanya\u2019ya gitti\u011finizde katalogda T\u00fcrkiye\u2019den \u00e7ok fazla yer bulam\u0131yorsunuz, Sar\u0131germe\u2019deki oteller var. Dalyan\u2019daki do\u011fay\u0131, oradaki tarihi, biz pazarlama faaliyetlerinde ve toplant\u0131lar\u0131nda anlatt\u0131\u011f\u0131m\u0131zda insanlar g\u00f6rd\u00fckleri ve duyduklar\u0131na inanam\u0131yorlar. Fakat ne yaz\u0131k ki ge\u00e7mi\u015f d\u00f6nemde burada bilenlerde var, bu tarz olu\u015fumlar yap\u0131lmaya denendiyse de \u015f\u00f6yle bir toplant\u0131 olamad\u0131. Bunun g\u00fczel bir ad\u0131m olmas\u0131n\u0131 diliyorum&#8221; ifadelerini kulland\u0131.<br \/>\n<br \/>K\u0131\u015f boyunca 9 d\u0131\u015f hat u\u00e7u\u015funun devam etti\u011fini belirten Or\u00e7un Songur, &#8220;\u0130ngilitere\u2019nin 3 havaliman\u0131ndan, Moskova\u2019dan, Bratislava\u2019ya u\u00e7u\u015flar var. Fakat misafirler geldi\u011finde yapabilecekleri \u00e7ok fazla aktivite yok. Kalacaklar\u0131 \u00e7ok fazla nitelikli tesis yok. Ortaca tamda bu zamanda hali haz\u0131rda golf yat\u0131r\u0131mlar\u0131 da g\u00fcndeme gelmi\u015fken, oteller buna yat\u0131r\u0131m yap\u0131yorken, ticari boyutu ve istihdama katk\u0131s\u0131n\u0131 ve k\u0131\u015f turizmine katk\u0131s\u0131n\u0131 anlatmak istiyorum. K\u0131\u015f\u0131n bu u\u00e7u\u015flar\u0131 art\u0131rmam\u0131z buradaki nitelikli hizmeti art\u0131rma \u00e7abas\u0131na b\u00fcy\u00fck fayda sa\u011flayacak. \u00c7\u00fcnk\u00fc sezonluk personelle \u00e7al\u0131\u015fmak herkesi zorlayan bir durum. Maalesef bu kaliteden de uzakla\u015ft\u0131r\u0131yor. Mikro incelenirse aile yap\u0131s\u0131n\u0131n de\u011fi\u015fikli\u011fine kadar bir\u00e7ok zorluk olu\u015fturuyor. \u00c7\u00fcnk\u00fc sezonluk bir i\u015f g\u00fcven telkin etmedi\u011fi gibi de\u011fi\u015fkenlikte sa\u011fl\u0131yor. Bu nedenle hi\u00e7 kimseye bir fayda sa\u011flam\u0131yor.  Burada kayak yap\u0131lamayaca\u011f\u0131 a\u015fikar ama y\u0131llar \u00f6nce Dalyan\u2019da k\u0131\u015f\u0131n narenciye toplama turlar\u0131ndan bahsediliyordu. O g\u00fcn \u00e7ok heyecan vericiydi ama bug\u00fcne kadar ortada bir \u015fey yok.  Bu bile \u00e7ok ciddi bir aktivite. Metropollerde, gri g\u00f6ky\u00fcz\u00fcn\u00fc y\u0131l\u0131n 300 g\u00fcn\u00fc g\u00f6rmek zorunda kalan insanlar i\u00e7in m\u00fcthi\u015f bir aktivite. Sa\u011fl\u0131k turizmi ile alakal\u0131 ad\u0131mlarda at\u0131lmas\u0131 b\u00f6lgedeki k\u0131\u015f turizmini destekler. Bunlar\u0131n hi\u00e7bir tek ba\u015f\u0131na yetmiyor&#8221; diye konu\u015ftu.<\/p>\n<p>&#8220;Futbol sahalar\u0131 projesi iptal edildi, park projesi yap\u0131ld\u0131&#8221;<br \/>\n<br \/>Spor turizmine de de\u011finen Songur, &#8220;Yakla\u015f\u0131k 5-6 y\u0131l \u00f6nce, bir yat\u0131r\u0131mc\u0131 ile Sar\u0131germe yolunda daha \u00f6nce tahsisi yap\u0131lm\u0131\u015f, \u00e7ok b\u00fcy\u00fck bir arazinin UEFA standartlar\u0131nda futbol sahalar\u0131na d\u00f6n\u00fc\u015ft\u00fcr\u00fclmesi ve o y\u0131l\u0131n k\u0131\u015f ay\u0131nda 38 tane tak\u0131m\u0131n Almanya\u2019dan getirilip bu b\u00f6lgede antrenman yapmas\u0131n\u0131 ve ba\u011fl\u0131 kul\u00fcplerin Dalyan, K\u00f6yce\u011fiz\u2019de k\u00fcrek tak\u0131mlar\u0131n\u0131n \u00e7al\u0131\u015fmas\u0131, oradaki sahalar yetmezse de, Dalyan, Ortaca ve Dalaman\u2019da bulunan futbol sahalar\u0131n\u0131n da bu tak\u0131mlara kulland\u0131r\u0131labilece\u011fini konu\u015fmu\u015fuz. En son futbol sahas\u0131 yap\u0131lma projesi iptal edilerek park bah\u00e7e t\u00fcr\u00fc rekterasyon alan\u0131na d\u00f6n\u00fc\u015ft\u00fcr\u00fclmesi planlanm\u0131\u015f. Umuyorum ki tekrar o alan futbol sahalar\u0131 projesi olarak d\u00f6nd\u00fcr\u00fclebilir&#8221; dedi.<br \/><\/p>\n","protected":false},"excerpt":{"rendered":"<p>Mu\u011fla\u2019n\u0131n Ortaca il\u00e7esinde Turizm, Tan\u0131t\u0131m ve Geli\u015ftirme Toplant\u0131s\u0131 yap\u0131ld\u0131. Toplant\u0131da Mu\u011fla\u2019n\u0131n turizmdeki 4.il\u00e7esi konumundaki Ortaca\u2019n\u0131n turizmde potansiyeli masaya yat\u0131r\u0131l\u0131rken, turizmden yeterli pay almad\u0131\u011f\u0131 belirtildi ve \u00f6n\u00fcm\u00fczdeki s\u00fcre\u00e7te kurulacak komisyonlar ile turizmde yap\u0131lacak hamleler de\u011ferlendirildi. Ortaca\u2019da il\u00e7enin turizm potansiyelini daha da g\u00fc\u00e7lendirmek amac\u0131yla turizm sekt\u00f6r\u00fc payda\u015flar\u0131n\u0131n kat\u0131l\u0131m\u0131yla Ortaca Turizm Tan\u0131t\u0131m ve Geli\u015ftirme Toplant\u0131s\u0131 ger\u00e7ekle\u015ftirildi. Toplant\u0131n\u0131n a\u00e7\u0131l\u0131\u015f&#8230;<\/p>\n","protected":false},"author":1,"featured_media":14385,"comment_status":"open","ping_status":"open","sticky":false,"template":"","format":"standard","meta":{"_crdt_document":"","footnotes":""},"categories":[125],"tags":[],"class_list":["post-14384","post","type-post","status-publish","format-standard","has-post-thumbnail","hentry","category-ekonomi"],"_links":{"self":[{"href":"https:\/\/www.egemtv.com\/index.php?rest_route=\/wp\/v2\/posts\/14384","targetHints":{"allow":["GET"]}}],"collection":[{"href":"https:\/\/www.egemtv.com\/index.php?rest_route=\/wp\/v2\/posts"}],"about":[{"href":"https:\/\/www.egemtv.com\/index.php?rest_route=\/wp\/v2\/types\/post"}],"author":[{"embeddable":true,"href":"https:\/\/www.egemtv.com\/index.php?rest_route=\/wp\/v2\/users\/1"}],"replies":[{"embeddable":true,"href":"https:\/\/www.egemtv.com\/index.php?rest_route=%2Fwp%2Fv2%2Fcomments&post=14384"}],"version-history":[{"count":1,"href":"https:\/\/www.egemtv.com\/index.php?rest_route=\/wp\/v2\/posts\/14384\/revisions"}],"predecessor-version":[{"id":14386,"href":"https:\/\/www.egemtv.com\/index.php?rest_route=\/wp\/v2\/posts\/14384\/revisions\/14386"}],"wp:featuredmedia":[{"embeddable":true,"href":"https:\/\/www.egemtv.com\/index.php?rest_route=\/wp\/v2\/media\/14385"}],"wp:attachment":[{"href":"https:\/\/www.egemtv.com\/index.php?rest_route=%2Fwp%2Fv2%2Fmedia&parent=14384"}],"wp:term":[{"taxonomy":"category","embeddable":true,"href":"https:\/\/www.egemtv.com\/index.php?rest_route=%2Fwp%2Fv2%2Fcategories&post=14384"},{"taxonomy":"post_tag","embeddable":true,"href":"https:\/\/www.egemtv.com\/index.php?rest_route=%2Fwp%2Fv2%2Ftags&post=14384"}],"curies":[{"name":"wp","href":"https:\/\/api.w.org\/{rel}","templated":true}]}}