{"id":14381,"date":"2025-02-01T13:34:43","date_gmt":"2025-02-01T10:34:43","guid":{"rendered":"https:\/\/www.egemtv.com\/?p=14381"},"modified":"2025-02-01T13:34:48","modified_gmt":"2025-02-01T10:34:48","slug":"demirciden-ak-parti-manisa-il-kongresine-bin-kisilik-katilim","status":"publish","type":"post","link":"https:\/\/www.egemtv.com\/?p=14381","title":{"rendered":"Demirci\u2019den AK Parti Manisa \u0130l Kongresine bin ki\u015filik kat\u0131l\u0131m"},"content":{"rendered":"<p>Cumhurba\u015fkan\u0131 ve AK Parti Genel Ba\u015fkan\u0131 Recep Tayyip Erdo\u011fan\u2019\u0131n kat\u0131l\u0131m\u0131 ile Manisa\u2019da yap\u0131lacak olan 8. Ola\u011fan \u0130l Kongresine Demirci il\u00e7esi 1000 ki\u015fi ile kat\u0131l\u0131m sa\u011flayacak.<br \/>\n<br \/>Demirci Belediye Ba\u015fkan\u0131 Erkan Kara ve AK Parti \u0130l\u00e7e Ba\u015fkan\u0131 Nurullah Akg\u00fcn Kaymakam \u0130brahim Ethem Ak\u0131nc\u0131 Caddesi \u00fczerinde toplanan Demircili vatanda\u015flar\u0131 selamlayarak kat\u0131l\u0131mlar\u0131ndan dolay\u0131 te\u015fekk\u00fcr etti. Demircili vatanda\u015flar otob\u00fcsler ve minib\u00fcslerle \u015fehir i\u00e7inden tur atarak Manisa\u2019ya hareket etti.<br \/>\n<br \/>Belediye Ba\u015fkan\u0131 Erkan Kara yapt\u0131\u011f\u0131 a\u00e7\u0131klamada, &#8220;T\u00fcrkiye Y\u00fczy\u0131l\u0131n\u0131n mimari, mazlum co\u011frafyalar\u0131n umudu Cumhurba\u015fkan\u0131m\u0131z, AK Parti Genel Ba\u015fkan\u0131m\u0131z Say\u0131n Recep Tayyip Erdo\u011fan\u2019\u0131n kat\u0131l\u0131mlar\u0131 ile Manisa\u2019da yap\u0131lacak olan kongreye Demirci\u2019miz olarak g\u00fc\u00e7l\u00fc bir \u015fekilde kat\u0131l\u0131yoruz. Kat\u0131l\u0131m sa\u011flayan t\u00fcm hem\u015ferilerime g\u00f6n\u00fclden te\u015fekk\u00fcr ediyorum.&#8221; dedi.<br \/><\/p>\n","protected":false},"excerpt":{"rendered":"<p>Cumhurba\u015fkan\u0131 ve AK Parti Genel Ba\u015fkan\u0131 Recep Tayyip Erdo\u011fan\u2019\u0131n kat\u0131l\u0131m\u0131 ile Manisa\u2019da yap\u0131lacak olan 8. Ola\u011fan \u0130l Kongresine Demirci il\u00e7esi 1000 ki\u015fi ile kat\u0131l\u0131m sa\u011flayacak. Demirci Belediye Ba\u015fkan\u0131 Erkan Kara ve AK Parti \u0130l\u00e7e Ba\u015fkan\u0131 Nurullah Akg\u00fcn Kaymakam \u0130brahim Ethem Ak\u0131nc\u0131 Caddesi \u00fczerinde toplanan Demircili vatanda\u015flar\u0131 selamlayarak kat\u0131l\u0131mlar\u0131ndan dolay\u0131 te\u015fekk\u00fcr etti. Demircili vatanda\u015flar otob\u00fcsler ve&#8230;<\/p>\n","protected":false},"author":1,"featured_media":14382,"comment_status":"open","ping_status":"open","sticky":false,"template":"","format":"standard","meta":{"_crdt_document":"","footnotes":""},"categories":[127],"tags":[],"class_list":["post-14381","post","type-post","status-publish","format-standard","has-post-thumbnail","hentry","category-siyaset"],"_links":{"self":[{"href":"https:\/\/www.egemtv.com\/index.php?rest_route=\/wp\/v2\/posts\/14381","targetHints":{"allow":["GET"]}}],"collection":[{"href":"https:\/\/www.egemtv.com\/index.php?rest_route=\/wp\/v2\/posts"}],"about":[{"href":"https:\/\/www.egemtv.com\/index.php?rest_route=\/wp\/v2\/types\/post"}],"author":[{"embeddable":true,"href":"https:\/\/www.egemtv.com\/index.php?rest_route=\/wp\/v2\/users\/1"}],"replies":[{"embeddable":true,"href":"https:\/\/www.egemtv.com\/index.php?rest_route=%2Fwp%2Fv2%2Fcomments&post=14381"}],"version-history":[{"count":1,"href":"https:\/\/www.egemtv.com\/index.php?rest_route=\/wp\/v2\/posts\/14381\/revisions"}],"predecessor-version":[{"id":14383,"href":"https:\/\/www.egemtv.com\/index.php?rest_route=\/wp\/v2\/posts\/14381\/revisions\/14383"}],"wp:featuredmedia":[{"embeddable":true,"href":"https:\/\/www.egemtv.com\/index.php?rest_route=\/wp\/v2\/media\/14382"}],"wp:attachment":[{"href":"https:\/\/www.egemtv.com\/index.php?rest_route=%2Fwp%2Fv2%2Fmedia&parent=14381"}],"wp:term":[{"taxonomy":"category","embeddable":true,"href":"https:\/\/www.egemtv.com\/index.php?rest_route=%2Fwp%2Fv2%2Fcategories&post=14381"},{"taxonomy":"post_tag","embeddable":true,"href":"https:\/\/www.egemtv.com\/index.php?rest_route=%2Fwp%2Fv2%2Ftags&post=14381"}],"curies":[{"name":"wp","href":"https:\/\/api.w.org\/{rel}","templated":true}]}}