{"id":14375,"date":"2025-02-01T13:28:19","date_gmt":"2025-02-01T10:28:19","guid":{"rendered":"https:\/\/www.egemtv.com\/?p=14375"},"modified":"2025-02-01T13:28:23","modified_gmt":"2025-02-01T10:28:23","slug":"aydin-lisesinin-tarihi-binasinin-restorasyon-calismalari-basladi","status":"publish","type":"post","link":"https:\/\/www.egemtv.com\/?p=14375","title":{"rendered":"Ayd\u0131n Lisesi\u2019nin tarihi binas\u0131n\u0131n restorasyon \u00e7al\u0131\u015fmalar\u0131 ba\u015flad\u0131"},"content":{"rendered":"<p>Ayd\u0131n Lisesi\u2019nde yakla\u015f\u0131k 100 y\u0131ll\u0131k olan tarihi okul binas\u0131nda restorasyon \u00e7al\u0131\u015fmalar\u0131 ba\u015flat\u0131ld\u0131.<\/p>\n<p>1929-1930 E\u011fitim-\u00d6\u011fretim Y\u0131l\u0131\u2019na ait olan ve d\u00f6nemin Ayd\u0131n Valisi H\u00fcseyin H\u00fcsn\u00fc Bey\u2019in hizmetleri ile in\u015fa edilen bina bug\u00fcnlerde ar\u015fiv, resim ve m\u00fczik dersli\u011fi olarak kullan\u0131lan tarihi binada restorasyon \u00e7al\u0131\u015fmas\u0131 ba\u015flat\u0131ld\u0131. Restorasyon \u00e7al\u0131\u015fmalar\u0131 sayesinde, okulun tarihi binas\u0131, hem \u00f6\u011frencilerin e\u011fitim ald\u0131\u011f\u0131 hem de k\u00fclt\u00fcrel miras\u0131n ya\u015fat\u0131ld\u0131\u011f\u0131 bir mekan olarak yeniden hayata d\u00f6necek. Ayd\u0131n Lisesi\u2019nin tarihi binas\u0131n\u0131n yenilenmesi okulun ge\u00e7mi\u015fine sayg\u0131 g\u00f6sterirken, modern e\u011fitim ihtiya\u00e7lar\u0131n\u0131 kar\u015f\u0131lamak i\u00e7in de \u00f6nemli bir ad\u0131m olacak.<\/p>\n<p>Ayd\u0131n Lisesi M\u00fcd\u00fcr\u00fc Serkan Akyol sosyal medya hesab\u0131ndan yapt\u0131\u011f\u0131 payla\u015f\u0131mda restorasyon \u00e7al\u0131\u015fmalar\u0131n\u0131n ba\u015flat\u0131ld\u0131\u011f\u0131n\u0131 duyurarak, &#8220;Bu noktaya gelmemizde okulumuza her t\u00fcrl\u00fc deste\u011fini esirgemeyen \u0130l Milli E\u011fitim M\u00fcd\u00fcr\u00fc S\u00fcleyman Ekici\u2019ye, \u0130l Milli E\u011fitim M\u00fcd\u00fcr Yard\u0131mc\u0131s\u0131 Say\u0131n Ahmet H\u00fcn\u00fck\u2019e ve hay\u0131rsever i\u015fadam\u0131 \u015e\u00fckr\u00fc Aky\u00fczl\u00fc Beyefendi\u2019ye \u015f\u00fckranlar\u0131m\u0131 arz ediyorum. \u0130limize, Ayd\u0131n Lisesi ailesine ve t\u00fcm payda\u015flar\u0131m\u0131za hay\u0131rl\u0131 olsun&#8221; ifadelerini kulland\u0131.<br \/><\/p>\n","protected":false},"excerpt":{"rendered":"<p>Ayd\u0131n Lisesi\u2019nde yakla\u015f\u0131k 100 y\u0131ll\u0131k olan tarihi okul binas\u0131nda restorasyon \u00e7al\u0131\u015fmalar\u0131 ba\u015flat\u0131ld\u0131. 1929-1930 E\u011fitim-\u00d6\u011fretim Y\u0131l\u0131\u2019na ait olan ve d\u00f6nemin Ayd\u0131n Valisi H\u00fcseyin H\u00fcsn\u00fc Bey\u2019in hizmetleri ile in\u015fa edilen bina bug\u00fcnlerde ar\u015fiv, resim ve m\u00fczik dersli\u011fi olarak kullan\u0131lan tarihi binada restorasyon \u00e7al\u0131\u015fmas\u0131 ba\u015flat\u0131ld\u0131. Restorasyon \u00e7al\u0131\u015fmalar\u0131 sayesinde, okulun tarihi binas\u0131, hem \u00f6\u011frencilerin e\u011fitim ald\u0131\u011f\u0131 hem de k\u00fclt\u00fcrel&#8230;<\/p>\n","protected":false},"author":1,"featured_media":14376,"comment_status":"open","ping_status":"open","sticky":false,"template":"","format":"standard","meta":{"_crdt_document":"","footnotes":""},"categories":[1],"tags":[],"class_list":["post-14375","post","type-post","status-publish","format-standard","has-post-thumbnail","hentry","category-guncel"],"_links":{"self":[{"href":"https:\/\/www.egemtv.com\/index.php?rest_route=\/wp\/v2\/posts\/14375","targetHints":{"allow":["GET"]}}],"collection":[{"href":"https:\/\/www.egemtv.com\/index.php?rest_route=\/wp\/v2\/posts"}],"about":[{"href":"https:\/\/www.egemtv.com\/index.php?rest_route=\/wp\/v2\/types\/post"}],"author":[{"embeddable":true,"href":"https:\/\/www.egemtv.com\/index.php?rest_route=\/wp\/v2\/users\/1"}],"replies":[{"embeddable":true,"href":"https:\/\/www.egemtv.com\/index.php?rest_route=%2Fwp%2Fv2%2Fcomments&post=14375"}],"version-history":[{"count":1,"href":"https:\/\/www.egemtv.com\/index.php?rest_route=\/wp\/v2\/posts\/14375\/revisions"}],"predecessor-version":[{"id":14377,"href":"https:\/\/www.egemtv.com\/index.php?rest_route=\/wp\/v2\/posts\/14375\/revisions\/14377"}],"wp:featuredmedia":[{"embeddable":true,"href":"https:\/\/www.egemtv.com\/index.php?rest_route=\/wp\/v2\/media\/14376"}],"wp:attachment":[{"href":"https:\/\/www.egemtv.com\/index.php?rest_route=%2Fwp%2Fv2%2Fmedia&parent=14375"}],"wp:term":[{"taxonomy":"category","embeddable":true,"href":"https:\/\/www.egemtv.com\/index.php?rest_route=%2Fwp%2Fv2%2Fcategories&post=14375"},{"taxonomy":"post_tag","embeddable":true,"href":"https:\/\/www.egemtv.com\/index.php?rest_route=%2Fwp%2Fv2%2Ftags&post=14375"}],"curies":[{"name":"wp","href":"https:\/\/api.w.org\/{rel}","templated":true}]}}