{"id":14372,"date":"2025-02-01T12:52:58","date_gmt":"2025-02-01T09:52:58","guid":{"rendered":"https:\/\/www.egemtv.com\/?p=14372"},"modified":"2025-02-01T12:53:03","modified_gmt":"2025-02-01T09:53:03","slug":"3-bilezik-icin-komsularini-oldurup-cuvala-koyan-2-kadin-tutuklandi","status":"publish","type":"post","link":"https:\/\/www.egemtv.com\/?p=14372","title":{"rendered":"3 bilezik i\u00e7in kom\u015fular\u0131n\u0131 \u00f6ld\u00fcr\u00fcp \u00e7uvala koyan 2 kad\u0131n tutukland\u0131"},"content":{"rendered":"<p>Denizli\u2019de kaybolduktan 3 g\u00fcn sonra kom\u015fular\u0131n\u0131n bah\u00e7esinde \u00e7uval i\u00e7erisinde cenazesi bulunan kad\u0131n\u0131n 3 bilezik y\u00fcz\u00fcnden \u00f6ld\u00fcr\u00fcld\u00fc\u011f\u00fc ortaya \u00e7\u0131kt\u0131. Evlerine \u00e7a\u011f\u0131rd\u0131klar\u0131 kad\u0131n\u0131 \u00f6ld\u00fcrd\u00fcklerini ve \u00e7uval\u0131n i\u00e7erisinde arka bah\u00e7eye b\u0131rakt\u0131ktan sonra evde detayl\u0131 temizlik yapt\u0131klar\u0131n\u0131 itiraf eden 2 \u015f\u00fcpheli kad\u0131n adli i\u015flemlerinin ard\u0131ndan tutuland\u0131.<br \/>\n<br \/>Denizli\u2019nin \u00c7ivril il\u00e7esi \u00c7ar\u015f\u0131 Mahallesi\u2019nde meydana gelen olayda 26 Ocak Pazar g\u00fcn\u00fc \u2018Kom\u015fuya gidiyorum\u2019 diyerek evinden ayr\u0131lan Serpil Girgin\u2019e (54), ak\u015fam vaktine kadar ula\u015famayan e\u015fi Mustafa Girgin, kay\u0131p ihbar\u0131nda bulundu. Mustafa Girgin\u2019in ifadesi ve kay\u0131p ihbar\u0131 do\u011frultusunda emniyet g\u00fc\u00e7leri mahallede ve \u00e7evresinde arama \u00e7al\u0131\u015fmas\u0131 ba\u015flatt\u0131. Mahalledeki KGYS ve g\u00fcvenlik kameralar\u0131n\u0131 inceleyen polis ekipleri Serpil Girgin\u2019e ait herhangi bir ize rastlamad\u0131. Mustafa Girgin\u2019in ifadesinde e\u015finin kom\u015fular\u0131na gidece\u011fini s\u00f6yledi\u011fini belirtmesi \u00fczerine polis ekipleri, arama \u00e7al\u0131\u015fmalar\u0131n\u0131 Girgin ailesinin evinin bulundu\u011fu 2032 soka\u011fa yo\u011funla\u015ft\u0131rd\u0131.<br \/>\n<br \/>Kom\u015fular\u0131n\u0131n bah\u00e7esinde \u00e7uvalda cenazesi bulundu<br \/>\n<br \/>Polis ekipleri taraf\u0131ndan yap\u0131lan arama \u00e7al\u0131\u015fmalar\u0131nda Serpil Girgin\u2019in  kom\u015fusunun evin bah\u00e7esindeki \u00e7uval polis ekiplerinin dikkatini \u00e7ekti. \u00c7uval\u0131n i\u00e7erisini inceleyen ekipler, Serpil Girgin\u2019in cans\u0131z bedeniyle kar\u015f\u0131la\u015ft\u0131. Serpil Girgin\u2019in cans\u0131z bedenini bulundu\u011fu bah\u00e7ede Cumhuriyet Savc\u0131s\u0131 ve olay yeri inceleme ekipleri taraf\u0131ndan yap\u0131lan incelemelerin ard\u0131ndan otopsi yap\u0131lmak \u00fczere morga kald\u0131r\u0131ld\u0131. Ayr\u0131ca e\u015finin beyanlar\u0131 do\u011frultusunda kolunda 3 alt\u0131n bilezik oldu\u011fu \u00f6\u011frenilen Serpil Girgin\u2019in cenazesi bulundu\u011funda ise herhangi bir ziynet e\u015fyas\u0131 bulunmad\u0131\u011f\u0131 \u00f6\u011frenildi. Serpil Girgin\u2019in cans\u0131z bedeninin bulundu\u011fu binada ya\u015fayan ev sahibi ve kirac\u0131lar\u0131 \u00dcmm\u00fchan A. (55) ile T\u00fcrkan \u00d6. g\u00f6zalt\u0131na al\u0131nd\u0131.<br \/>\n<br \/>Emniyette cinayeti itiraf ettiler<br \/>\n<br \/>G\u00f6zalt\u0131na al\u0131nan \u015f\u00fcphelilerden \u00dcmm\u00fchan A. ve T\u00fcrkan \u00d6., emniyetteki ilk sorgular\u0131nda, kom\u015fular\u0131 Serpil Girgin\u2019i evlerine davet ettiklerini, bir s\u00fcre sohbet ettikten sonra kavga \u00e7\u0131kart\u0131p, s\u00fcp\u00fcrge borusuyla kad\u0131n\u0131n kafas\u0131na vurarak \u00f6ld\u00fcrd\u00fcklerini itiraf ettiler. Serpil Girgin\u2019in kolundaki 3 alt\u0131n bilezik i\u00e7in \u00f6ld\u00fcrd\u00fcklerini s\u00f6yleyen katil zanl\u0131s\u0131 iki kad\u0131n daha sonra delilleri yok etmek i\u00e7in evde temizlik yapt\u0131klar\u0131n\u0131 ve maktul\u00fc evin bah\u00e7esinde saklad\u0131klar\u0131n\u0131 beyan etti\u011fi \u00f6\u011frenildi. Cinayet zanl\u0131lar\u0131 talihsiz kad\u0131n\u0131n kolunda \u00e7ald\u0131klar\u0131 bilezikleri de kuyumcuya satt\u0131klar\u0131 \u00f6\u011frenildi.<br \/>\n<br \/>Cinayeti kabul eden \u00dcmm\u00fchan A. ve T\u00fcrkan \u00d6.  \u00e7\u0131kart\u0131ld\u0131klar\u0131 mahkeme taraf\u0131ndan tutuklanarak cezaevine g\u00f6nderildiler.<br \/><\/p>\n","protected":false},"excerpt":{"rendered":"<p>Denizli\u2019de kaybolduktan 3 g\u00fcn sonra kom\u015fular\u0131n\u0131n bah\u00e7esinde \u00e7uval i\u00e7erisinde cenazesi bulunan kad\u0131n\u0131n 3 bilezik y\u00fcz\u00fcnden \u00f6ld\u00fcr\u00fcld\u00fc\u011f\u00fc ortaya \u00e7\u0131kt\u0131. Evlerine \u00e7a\u011f\u0131rd\u0131klar\u0131 kad\u0131n\u0131 \u00f6ld\u00fcrd\u00fcklerini ve \u00e7uval\u0131n i\u00e7erisinde arka bah\u00e7eye b\u0131rakt\u0131ktan sonra evde detayl\u0131 temizlik yapt\u0131klar\u0131n\u0131 itiraf eden 2 \u015f\u00fcpheli kad\u0131n adli i\u015flemlerinin ard\u0131ndan tutuland\u0131. Denizli\u2019nin \u00c7ivril il\u00e7esi \u00c7ar\u015f\u0131 Mahallesi\u2019nde meydana gelen olayda 26 Ocak Pazar g\u00fcn\u00fc \u2018Kom\u015fuya&#8230;<\/p>\n","protected":false},"author":1,"featured_media":14373,"comment_status":"open","ping_status":"open","sticky":false,"template":"","format":"standard","meta":{"_crdt_document":"","footnotes":""},"categories":[5],"tags":[],"class_list":["post-14372","post","type-post","status-publish","format-standard","has-post-thumbnail","hentry","category-asayis"],"_links":{"self":[{"href":"https:\/\/www.egemtv.com\/index.php?rest_route=\/wp\/v2\/posts\/14372","targetHints":{"allow":["GET"]}}],"collection":[{"href":"https:\/\/www.egemtv.com\/index.php?rest_route=\/wp\/v2\/posts"}],"about":[{"href":"https:\/\/www.egemtv.com\/index.php?rest_route=\/wp\/v2\/types\/post"}],"author":[{"embeddable":true,"href":"https:\/\/www.egemtv.com\/index.php?rest_route=\/wp\/v2\/users\/1"}],"replies":[{"embeddable":true,"href":"https:\/\/www.egemtv.com\/index.php?rest_route=%2Fwp%2Fv2%2Fcomments&post=14372"}],"version-history":[{"count":1,"href":"https:\/\/www.egemtv.com\/index.php?rest_route=\/wp\/v2\/posts\/14372\/revisions"}],"predecessor-version":[{"id":14374,"href":"https:\/\/www.egemtv.com\/index.php?rest_route=\/wp\/v2\/posts\/14372\/revisions\/14374"}],"wp:featuredmedia":[{"embeddable":true,"href":"https:\/\/www.egemtv.com\/index.php?rest_route=\/wp\/v2\/media\/14373"}],"wp:attachment":[{"href":"https:\/\/www.egemtv.com\/index.php?rest_route=%2Fwp%2Fv2%2Fmedia&parent=14372"}],"wp:term":[{"taxonomy":"category","embeddable":true,"href":"https:\/\/www.egemtv.com\/index.php?rest_route=%2Fwp%2Fv2%2Fcategories&post=14372"},{"taxonomy":"post_tag","embeddable":true,"href":"https:\/\/www.egemtv.com\/index.php?rest_route=%2Fwp%2Fv2%2Ftags&post=14372"}],"curies":[{"name":"wp","href":"https:\/\/api.w.org\/{rel}","templated":true}]}}