{"id":14369,"date":"2025-02-01T12:49:05","date_gmt":"2025-02-01T09:49:05","guid":{"rendered":"https:\/\/www.egemtv.com\/?p=14369"},"modified":"2025-02-01T12:49:10","modified_gmt":"2025-02-01T09:49:10","slug":"efelerde-vatandaslar-sabah-namazinda-bulustu","status":"publish","type":"post","link":"https:\/\/www.egemtv.com\/?p=14369","title":{"rendered":"Efeler\u2019de vatanda\u015flar sabah namaz\u0131nda bulu\u015ftu"},"content":{"rendered":"<p>Efeler M\u00fcft\u00fcl\u00fc\u011f\u00fc Gen\u00e7lik Koordinat\u00f6rl\u00fc\u011f\u00fc\u2019n\u00fcn organize etti\u011fi sabah namaz\u0131 bulu\u015fmas\u0131, bu hafta Karaca Ahmet Camii\u2019nde ger\u00e7ekle\u015ftirildi.<\/p>\n<p>Diyanet \u0130\u015fleri Ba\u015fkanl\u0131\u011f\u0131 Din Hizmetleri Genel M\u00fcd\u00fcrl\u00fc\u011f\u00fc\u2019n\u00fcn talimatlar\u0131 do\u011frultusunda her hafta farkl\u0131 camilerde d\u00fczenlenen sabah namaz\u0131 bulu\u015fmalar\u0131 devam ediyor. Bu kapsamda bu hafta Karaca Ahmet Camii\u2019nde sabah namaz\u0131 bulu\u015fmas\u0131 ger\u00e7ekle\u015ftirildi.<\/p>\n<p>Kur\u2019an-\u0131 Kerim tilaveti ile ba\u015flayan program, sabah namaz\u0131n\u0131n k\u0131l\u0131nmas\u0131n\u0131n ard\u0131ndan tesbihat, sohbet ve dua ile devam etti. Kat\u0131l\u0131mc\u0131lar, sabah\u0131n erken saatlerinde bir araya gelerek manevi bir atmosferde bulu\u015fman\u0131n huzurunu ya\u015fad\u0131. Program, kat\u0131l\u0131mc\u0131lara \u00e7orba ikram\u0131yla sona erdi. Efeler \u0130l\u00e7e M\u00fcft\u00fcs\u00fc Mehmet Yorulmaz, program\u0131n d\u00fczenlenmesinde eme\u011fi ge\u00e7en g\u00f6revlilere, katk\u0131 sunan hay\u0131rseverlere ve cami cemaatine te\u015fekk\u00fcr etti. Sabah namaz\u0131 bulu\u015fmas\u0131na Efeler \u0130l\u00e7e M\u00fcft\u00fcs\u00fc Mehmet Yorulmaz, din g\u00f6revlileri, \u00f6\u011frenciler ve \u00e7ok say\u0131da vatanda\u015f kat\u0131ld\u0131.<br \/><\/p>\n","protected":false},"excerpt":{"rendered":"<p>Efeler M\u00fcft\u00fcl\u00fc\u011f\u00fc Gen\u00e7lik Koordinat\u00f6rl\u00fc\u011f\u00fc\u2019n\u00fcn organize etti\u011fi sabah namaz\u0131 bulu\u015fmas\u0131, bu hafta Karaca Ahmet Camii\u2019nde ger\u00e7ekle\u015ftirildi. Diyanet \u0130\u015fleri Ba\u015fkanl\u0131\u011f\u0131 Din Hizmetleri Genel M\u00fcd\u00fcrl\u00fc\u011f\u00fc\u2019n\u00fcn talimatlar\u0131 do\u011frultusunda her hafta farkl\u0131 camilerde d\u00fczenlenen sabah namaz\u0131 bulu\u015fmalar\u0131 devam ediyor. Bu kapsamda bu hafta Karaca Ahmet Camii\u2019nde sabah namaz\u0131 bulu\u015fmas\u0131 ger\u00e7ekle\u015ftirildi. Kur\u2019an-\u0131 Kerim tilaveti ile ba\u015flayan program, sabah namaz\u0131n\u0131n k\u0131l\u0131nmas\u0131n\u0131n ard\u0131ndan&#8230;<\/p>\n","protected":false},"author":1,"featured_media":14370,"comment_status":"open","ping_status":"open","sticky":false,"template":"","format":"standard","meta":{"_crdt_document":"","footnotes":""},"categories":[1],"tags":[],"class_list":["post-14369","post","type-post","status-publish","format-standard","has-post-thumbnail","hentry","category-guncel"],"_links":{"self":[{"href":"https:\/\/www.egemtv.com\/index.php?rest_route=\/wp\/v2\/posts\/14369","targetHints":{"allow":["GET"]}}],"collection":[{"href":"https:\/\/www.egemtv.com\/index.php?rest_route=\/wp\/v2\/posts"}],"about":[{"href":"https:\/\/www.egemtv.com\/index.php?rest_route=\/wp\/v2\/types\/post"}],"author":[{"embeddable":true,"href":"https:\/\/www.egemtv.com\/index.php?rest_route=\/wp\/v2\/users\/1"}],"replies":[{"embeddable":true,"href":"https:\/\/www.egemtv.com\/index.php?rest_route=%2Fwp%2Fv2%2Fcomments&post=14369"}],"version-history":[{"count":1,"href":"https:\/\/www.egemtv.com\/index.php?rest_route=\/wp\/v2\/posts\/14369\/revisions"}],"predecessor-version":[{"id":14371,"href":"https:\/\/www.egemtv.com\/index.php?rest_route=\/wp\/v2\/posts\/14369\/revisions\/14371"}],"wp:featuredmedia":[{"embeddable":true,"href":"https:\/\/www.egemtv.com\/index.php?rest_route=\/wp\/v2\/media\/14370"}],"wp:attachment":[{"href":"https:\/\/www.egemtv.com\/index.php?rest_route=%2Fwp%2Fv2%2Fmedia&parent=14369"}],"wp:term":[{"taxonomy":"category","embeddable":true,"href":"https:\/\/www.egemtv.com\/index.php?rest_route=%2Fwp%2Fv2%2Fcategories&post=14369"},{"taxonomy":"post_tag","embeddable":true,"href":"https:\/\/www.egemtv.com\/index.php?rest_route=%2Fwp%2Fv2%2Ftags&post=14369"}],"curies":[{"name":"wp","href":"https:\/\/api.w.org\/{rel}","templated":true}]}}