{"id":14360,"date":"2025-02-01T12:24:55","date_gmt":"2025-02-01T09:24:55","guid":{"rendered":"https:\/\/www.egemtv.com\/?p=14360"},"modified":"2025-02-01T12:25:00","modified_gmt":"2025-02-01T09:25:00","slug":"kacak-avcilara-yonelik-jandarma-destekli-denetim","status":"publish","type":"post","link":"https:\/\/www.egemtv.com\/?p=14360","title":{"rendered":"Ka\u00e7ak avc\u0131lara y\u00f6nelik jandarma destekli denetim"},"content":{"rendered":"<p>Afyonkarahisar\u2019da akarsu ve g\u00f6letlerde ka\u00e7ak avc\u0131lara y\u00f6nelik yap\u0131lan denetimde 10 bin metre uzunlu\u011funda a\u011f ele ge\u00e7irildi.<br \/>\n<br \/>Afyonkarahisar \u0130l Tar\u0131m ve Orman M\u00fcd\u00fcrl\u00fc\u011f\u00fc il genelinde s\u00fcrd\u00fcr\u00fclebilir su \u00fcr\u00fcnlerinin sa\u011flanabilmesi amac\u0131yla denetimlere aral\u0131ks\u0131z devam ediyor. \u0130l Tar\u0131m ve Orman M\u00fcd\u00fcr\u00fc \u00d6zkan Parlak, su \u00fcr\u00fcnleri denetim ekiplerince g\u00f6l, g\u00f6let ve baraj g\u00f6llerinde aral\u0131ks\u0131z olarak denetim yap\u0131ld\u0131\u011f\u0131n\u0131 s\u00f6yledi.<br \/>\n<br \/>Bu \u00e7er\u00e7evede al\u0131nan ihbarlar \u00fczerine Su \u00dcr\u00fcnleri Denetim Ekipleri, Afyonkarahisar \u00c7evre, Do\u011fa ve Hayvanlar\u0131 Koruma Timi (HAYD\u0130) ekipleri ve Sinanpa\u015fa \u0130l\u00e7e Jandarma Komutanl\u0131\u011f\u0131 ekipleri taraf\u0131ndan<br \/>\n<br \/>Sinanpa\u015fa il\u00e7esi Akde\u011firmen baraj\u0131nda denetim yap\u0131ld\u0131. Denetimde 50 tak\u0131m halinde toplamda 10 bin  metre uzunlu\u011funda a\u011f ele ge\u00e7irildi.<br \/>\n<br \/>\u0130l Tar\u0131m ve Orman M\u00fcd\u00fcr\u00fc \u00d6zkan Parlak, Vali Do\u00e7. Dr. K\u00fcbra G\u00fcran Yi\u011fitba\u015f\u0131\u2019n\u0131n destekleri ve i\u00e7 sular\u0131n ve \u00fcr\u00fcnlerin daha fazla korunmas\u0131 i\u00e7in \u00e7apraz denetimlerin yap\u0131lmas\u0131na y\u00f6nelik talimat\u0131 do\u011frultusunda t\u00fcm g\u00f6l ve g\u00f6letlerde denetimlerin t\u00fcm h\u0131z\u0131yla devam edece\u011fini kaydetti.<br \/><\/p>\n","protected":false},"excerpt":{"rendered":"<p>Afyonkarahisar\u2019da akarsu ve g\u00f6letlerde ka\u00e7ak avc\u0131lara y\u00f6nelik yap\u0131lan denetimde 10 bin metre uzunlu\u011funda a\u011f ele ge\u00e7irildi. Afyonkarahisar \u0130l Tar\u0131m ve Orman M\u00fcd\u00fcrl\u00fc\u011f\u00fc il genelinde s\u00fcrd\u00fcr\u00fclebilir su \u00fcr\u00fcnlerinin sa\u011flanabilmesi amac\u0131yla denetimlere aral\u0131ks\u0131z devam ediyor. \u0130l Tar\u0131m ve Orman M\u00fcd\u00fcr\u00fc \u00d6zkan Parlak, su \u00fcr\u00fcnleri denetim ekiplerince g\u00f6l, g\u00f6let ve baraj g\u00f6llerinde aral\u0131ks\u0131z olarak denetim yap\u0131ld\u0131\u011f\u0131n\u0131 s\u00f6yledi. Bu&#8230;<\/p>\n","protected":false},"author":1,"featured_media":14361,"comment_status":"open","ping_status":"open","sticky":false,"template":"","format":"standard","meta":{"_crdt_document":"","footnotes":""},"categories":[1],"tags":[],"class_list":["post-14360","post","type-post","status-publish","format-standard","has-post-thumbnail","hentry","category-guncel"],"_links":{"self":[{"href":"https:\/\/www.egemtv.com\/index.php?rest_route=\/wp\/v2\/posts\/14360","targetHints":{"allow":["GET"]}}],"collection":[{"href":"https:\/\/www.egemtv.com\/index.php?rest_route=\/wp\/v2\/posts"}],"about":[{"href":"https:\/\/www.egemtv.com\/index.php?rest_route=\/wp\/v2\/types\/post"}],"author":[{"embeddable":true,"href":"https:\/\/www.egemtv.com\/index.php?rest_route=\/wp\/v2\/users\/1"}],"replies":[{"embeddable":true,"href":"https:\/\/www.egemtv.com\/index.php?rest_route=%2Fwp%2Fv2%2Fcomments&post=14360"}],"version-history":[{"count":1,"href":"https:\/\/www.egemtv.com\/index.php?rest_route=\/wp\/v2\/posts\/14360\/revisions"}],"predecessor-version":[{"id":14362,"href":"https:\/\/www.egemtv.com\/index.php?rest_route=\/wp\/v2\/posts\/14360\/revisions\/14362"}],"wp:featuredmedia":[{"embeddable":true,"href":"https:\/\/www.egemtv.com\/index.php?rest_route=\/wp\/v2\/media\/14361"}],"wp:attachment":[{"href":"https:\/\/www.egemtv.com\/index.php?rest_route=%2Fwp%2Fv2%2Fmedia&parent=14360"}],"wp:term":[{"taxonomy":"category","embeddable":true,"href":"https:\/\/www.egemtv.com\/index.php?rest_route=%2Fwp%2Fv2%2Fcategories&post=14360"},{"taxonomy":"post_tag","embeddable":true,"href":"https:\/\/www.egemtv.com\/index.php?rest_route=%2Fwp%2Fv2%2Ftags&post=14360"}],"curies":[{"name":"wp","href":"https:\/\/api.w.org\/{rel}","templated":true}]}}