{"id":14354,"date":"2025-02-01T12:14:07","date_gmt":"2025-02-01T09:14:07","guid":{"rendered":"https:\/\/www.egemtv.com\/?p=14354"},"modified":"2025-02-01T12:14:11","modified_gmt":"2025-02-01T09:14:11","slug":"chp-lideri-ozel-engelliler-bakanligi-kurulacak-ve-basinda-engelli-bakan-olacak","status":"publish","type":"post","link":"https:\/\/www.egemtv.com\/?p=14354","title":{"rendered":"CHP Lideri \u00d6zel: &#8220;Engelliler Bakanl\u0131\u011f\u0131 kurulacak ve ba\u015f\u0131nda engelli bakan olacak&#8221;"},"content":{"rendered":"<p>Cumhuriyet Halk Partisi (CHP) Genel Ba\u015fkan\u0131 \u00d6zg\u00fcr \u00d6zel, &#8220;Engelliler bakanl\u0131\u011f\u0131 olacak ve ba\u015f\u0131nda engelli bakan olacak. Engellilerin; e\u011fitime, istihdama, sa\u011fl\u0131\u011fa ve t\u00fcm insan haklar\u0131na eri\u015fimi ve toplumsal ya\u015fama aktif kat\u0131l\u0131m\u0131 i\u00e7in eri\u015filebilirlik \u015fart\u0131 sa\u011flanacak. \u0130ktidar\u0131m\u0131zda atanamayan \u00f6\u011fretmen sorununu ortadan kald\u0131raca\u011f\u0131z ama iktidar\u0131m\u0131z\u0131n ilk bakanlar kurulu toplant\u0131m\u0131zda atama bekleyen t\u00fcm \u00f6\u011fretmenleri atayaca\u011f\u0131z. Engellilerin sa\u011fl\u0131k hizmetine ula\u015fmas\u0131ndaki t\u00fcm engelleri kald\u0131r\u0131p muayene \u00fccreti, muayene \u00fccreti, protez, ortez t\u00fcm ay\u0131r\u0131c\u0131 malzemelerden katk\u0131 pay\u0131 almayaca\u011f\u0131z&#8221; dedi.<br \/>\n<br \/>CHP Genel Ba\u015fkan\u0131 \u00d6zg\u00fcr \u00d6zel, \u0130zmir temaslar\u0131 kapsam\u0131nda 31 Ocak &#8211; 2 \u015eubat tarihleri aras\u0131nda \u2018Ba\u011f\u0131ms\u0131z Ya\u015fam Hakk\u0131\u2019 slogan\u0131yla d\u00fczenlenen \u2018Engellilik \u00c7al\u0131\u015ftay\u0131na\u2019 kat\u0131ld\u0131. Ahmed Adnan Saygun Sanat Merkezi\u2019nde ger\u00e7ekle\u015ftirilen \u00e7al\u0131\u015ftayda konu\u015fan \u00d6zel, &#8220;Hem nitelik hem nicelik aras\u0131nda partimizin yapt\u0131\u011f\u0131 en \u00f6nemli \u00e7al\u0131\u015ftaylardan biri ger\u00e7ekle\u015ftiriliyor. Bug\u00fcn bir itiraz\u0131 s\u00f6ze d\u00f6n\u00fc\u015ft\u00fcrmek \u00fczere \u00e7al\u0131\u015ftay\u0131n ad\u0131 \u2018Engellilik \u00c7al\u0131\u015ftay\u0131\u2019 olarak belirlenmi\u015f. Meselenin engellilik \u00fczerine ifade edilmesi gerekir. \u00dczerine d\u00fc\u015fen sorumlulu\u011fu yerine getirmeyerek ma\u011fdura kusur atfeden bir iktidarla kar\u015f\u0131 kar\u015f\u0131yay\u0131z. 3 y\u0131l \u00f6nce rakam 5 milyon 840 bin olarak a\u00e7\u0131klansa da STK\u2019ler yapt\u0131klar\u0131 \u00e7al\u0131\u015fmada engelli say\u0131s\u0131n\u0131n 10 milyonu a\u015ft\u0131\u011f\u0131n\u0131 s\u00f6yl\u00fcyor. Devlet verileri a\u00e7\u0131klarken \u015feffaf olmal\u0131yken bundan \u00e7ok gerilerde. Engelliler rakamlara dahi eri\u015fememek gibi bir sorunla kar\u015f\u0131 kar\u015f\u0131ya. Bug\u00fcn 15 ayr\u0131 masada yap\u0131lacak olan tart\u0131\u015fmalarda hem T\u00fcrkiye\u2019ye \u0130zmir\u2019den bir sorunun varl\u0131\u011f\u0131n\u0131 ve \u00e7\u00f6z\u00fcm yollar\u0131n\u0131 s\u00f6yleyecek hem de partimizin i\u00e7inde bulundu\u011fu program haz\u0131rlama \u00e7al\u0131\u015fmalar\u0131na katk\u0131 sa\u011flayacak. CHP\u2019nin 2007 y\u0131l\u0131nda yaz\u0131lm\u0131\u015f o g\u00fcn i\u00e7in hepimizin benimsedi\u011fi, \u00e7al\u0131\u015fmalar\u0131m\u0131za \u0131\u015f\u0131k tutan bir program\u0131 var ancak neredeyse 10 y\u0131l oluyor. Belki daha k\u0131sa ama daha net \u00f6n\u00fcm\u00fczdeki s\u00fcre\u00e7te iktidar program\u0131na evrilecek olan program \u00e7al\u0131\u015fmas\u0131 i\u00e7indeyiz. B\u00fct\u00fcn g\u00f6lge bakanlar\u0131m\u0131z ki\u015filerle konu\u015fup, il\u00e7e \u00f6rg\u00fctlerimizin, meslek \u00f6rg\u00fctlerinden, akademisyenlerden ve STK\u2019lerden gelen \u00f6nerileri al\u0131p d\u00fcnyadaki geli\u015fimler ile yo\u011furacak. CHP olarak b\u00fct\u00fcn zorlular\u0131 ve ihmal edilmi\u015fler, o g\u00fcn i\u00e7in b\u00fct\u00fcn engellemelere ra\u011fmen \u00f6n\u00fcm\u00fcze g\u00fc\u00e7l\u00fc bir yol haritas\u0131 konuyor. En hassas alanlarda bu zamanda b\u00f6ylesine aray\u0131\u015f\u0131n yap\u0131lmas\u0131 \u0130zmir \u0130ktisat Kongresi\u2019nin yap\u0131ld\u0131\u011f\u0131 \u015fehirde en kapsaml\u0131 yol haritas\u0131 \u00e7\u0131kart\u0131l\u0131yor. &#8220;Bug\u00fcn \u0130zmir\u2019de genel ba\u015fkanlar\u0131n\u0131 a\u011f\u0131rlayacak olan iktidar partisine bu i\u015fin ay\u0131b\u0131n\u0131 b\u0131rak\u0131yorum. Ama CHP iktidar\u0131nda b\u0131rak\u0131n partizanl\u0131\u011f\u0131 her t\u00fcrl\u00fc farkl\u0131l\u0131\u011fa kar\u015f\u0131 g\u00f6z\u00fcn\u00fc kula\u011f\u0131n\u0131 kapatm\u0131\u015f, herkese e\u015fit bir anlay\u0131\u015f\u0131 buradan size onur s\u00f6z\u00fc veriyorum&#8221; diye konu\u015ftu.<\/p>\n<p>&#8220;Maa\u015flar \u00e7ok geriye d\u00fc\u015fm\u00fc\u015f&#8221;<br \/>\n<br \/>&#8220;\u00d6v\u00fcnd\u00fckleri her maa\u015f\u0131 ister alt\u0131n ister simit ister somun ekmek hesab\u0131na vurursunuz vurun, maa\u015flar \u00e7ok geriye d\u00fc\u015fm\u00fc\u015f&#8221; diyen \u00d6zel, s\u00f6zlerini \u015f\u00f6yle s\u00fcrd\u00fcrd\u00fc:<br \/>\n<br \/>&#8220;Engelliler a\u00e7\u0131s\u0131ndan durum daha da vakim. En d\u00fc\u015f\u00fck emekli maa\u015f\u0131 14 bin 500, asgari \u00fccret 22 bin. Bunlarla nas\u0131l ya\u015fanamayaca\u011f\u0131n\u0131 ya bar\u0131nabilece\u011fini ya karn\u0131n\u0131 doyurabilece\u011fini s\u00f6yl\u00fcyoruz, sokakta b\u00fcy\u00fck bir isyan var. Bu seneki emekli maa\u015f\u0131 14 bin 500 sefalet maa\u015f\u0131yken bu sene ya\u015fl\u0131l\u0131k ayl\u0131\u011f\u0131 4 bin 664 TL ya\u015fl\u0131l\u0131k ayl\u0131\u011f\u0131 al\u0131n\u0131yor. Zam 983 TL. G\u00fcnl\u00fck 16 lira, simit alsan yan\u0131na \u00e7ay i\u00e7emezsin. Y\u00fczde 40-60 engelli olanlar\u0131n ayl\u0131klar\u0131na g\u00fcnl\u00fck 385 TL art\u0131\u015f yap\u0131ld\u0131, maa\u015flar\u0131 3 bin 723 TL.  Y\u00fczde 70 ve \u00fczere engelli ayl\u0131\u011f\u0131, ayl\u0131k 577 lira artarak, 5 bin 584 TL oldu g\u00fcnl\u00fck art\u0131\u015f 19 TL. 18 ya\u015f alt\u0131 engellilere 3 bin 723 TL \u00f6deniyor, art\u0131\u015f 385 TL. Dul ve yetim ayl\u0131\u011f\u0131 3 bin 647 TL. Bu tutarlar\u0131 inan\u0131n ben okumaya utan\u0131yorum. Ama birileri bunlar\u0131 vermeye, s\u00f6ylemeye utanm\u0131yor ve hatta ifade etmeden yeterliymi\u015f\u00e7esine rakamlar sayarak \u2018\u015eu kadar engellemize, \u015fu kadar ya\u015fl\u0131m\u0131za maa\u015f \u00f6d\u00fcyoruz\u2019 diyorlar. Bu ya\u015fl\u0131n\u0131n ya da a\u011f\u0131r engellinin evinin de olmad\u0131\u011f\u0131n\u0131 d\u00fc\u015f\u00fcn\u00fcrsek ge\u00e7inmesini bekleyen bir anlay\u0131\u015f ile kar\u015f\u0131 kar\u015f\u0131yay\u0131z.&#8221;<br \/>\n<br \/>&#8220;100 engelliden 85\u2019i istihdam d\u0131\u015f\u0131nda&#8221;<br \/>\n<br \/>S\u00f6zlerini s\u00fcrd\u00fcren \u00d6zel, &#8220;Kamuda engelli \u00e7al\u0131\u015fan say\u0131s\u0131 artmas\u0131 gerekirken 2 bin 111 engelli daha azalm\u0131\u015f. Bunun d\u0131\u015f\u0131nda da 16 bin 148 engelli istihdam\u0131 da azalm\u0131\u015f. 2022 y\u0131l\u0131nda yap\u0131lan ara\u015ft\u0131rmaya g\u00f6re; 100 engelliden 85\u2019i istihdam d\u0131\u015f\u0131nda. Avrupa\u2019da ise engellilerin y\u00fczde 71\u2019i d\u0131\u015flanmadan \u00e7al\u0131\u015f\u0131rken T\u00fcrkiye\u2019de engellilerin y\u00fczde 77\u2019si sorun ya\u015f\u0131yor. CHP olarak \u00fczerimize d\u00fc\u015fenleri yapma noktas\u0131nda irademizi biliyorsunuz. T\u00fcrkiye\u2019nin engelli dostu olmakla \u00f6v\u00fcnd\u00fc\u011f\u00fcm\u00fcz, belediye ba\u015fkanlar\u0131n\u0131n \u00fczerine titredi\u011fi engelsiz \u015fehir olma yolundaki \u0130zmir\u2019deyiz. Bu sene t\u00fcz\u00fc\u011f\u00fcm\u00fczde engelli kotas\u0131 koyduk ve bir a\u011f\u0131r engelli bireyin liste ba\u015f\u0131 olmas\u0131n\u0131, rakam\u0131n birle kalmamas\u0131n\u0131 istedik. Engellilerin meclise gelip konu\u015fmak yerine kendi haklar\u0131n\u0131 korudu\u011fu, kendi yasalar\u0131n\u0131 yapt\u0131\u011f\u0131 bir s\u00fcreci \u00fcmit ediyoruz. Engelli \u00f6rg\u00fctlerinden de iktidar oldu\u011fumuzda sorunlar\u0131 do\u011frudan kendiniz dile getirece\u011finiz vekiller olaca\u011f\u0131n\u0131 \u015fimdiden s\u00f6yl\u00fcyorum&#8221; \u015feklinde ifade etti.<\/p>\n<p>&#8220;Engelliler Bakanl\u0131\u011f\u0131 ve ba\u015f\u0131nda engelli bakan olacak&#8221;<br \/>\n<br \/>&#8220;Meclis\u2019te CHP\u2019nin \u00e7o\u011funlu\u011fu oldu\u011funda ve CHP\u2019li cumhurba\u015fkan\u0131, T\u00fcrkiye \u0130ttifak\u0131\u2019n\u0131n bakanlar\u0131 oldu\u011funda biz bu \u00fclkenin \u00f6n\u00fcne ne koyaca\u011f\u0131z?&#8221; diye ifadelere yer veren \u00d6zel, engellilerin sorun ve taleplerinin fakr\u0131nda olduklar\u0131na de\u011findi. \u00d6zel, &#8220;Fakat bu fark\u0131ndal\u0131\u011f\u0131n kamuya yans\u0131mas\u0131 i\u00e7in g\u00fc\u00e7l\u00fc b\u00fct\u00e7esi olan engelliler bakanl\u0131\u011f\u0131 olacak ve ba\u015f\u0131nda engelli bakan olacak. Engelli bireylerin ba\u011f\u0131ms\u0131z bireyler olarak yard\u0131m de\u011fil hak \u00f6znesi oldu\u011fu ger\u00e7e\u011fi kabul edilerek b\u00fct\u00fcn ad\u0131mlar ona g\u00f6re at\u0131lacak. Engellilerin; e\u011fitime, istihdama, sa\u011fl\u0131\u011fa ve t\u00fcm insan haklar\u0131na eri\u015fimi ve toplumsal ya\u015fama aktif kat\u0131l\u0131m\u0131 i\u00e7in eri\u015filebilirlik \u015fartlar\u0131 sa\u011flanacak. \u00d6zel gereksinimli \u00e7ocuklar\u0131m\u0131z\u0131n \u00f6rg\u00fcn e\u011fitim d\u0131\u015f\u0131nda ald\u0131klar\u0131 rehabilitasyon hizmetleri haftada en az 40 saat olacak. \u00d6zel e\u011fitim kurumlar\u0131n\u0131n \u00f6\u011fretmenlerinin \u00fccretlerine devlet deste\u011fi verilecek, maa\u015flar\u0131 artt\u0131r\u0131lacak ve tazminat hakk\u0131 tan\u0131nacak. 0-12 ya\u015f \u00f6\u011frencilerin saatleri 8+4 saat gibi kabul edilemez bir noktadan en az 20 saate \u00e7\u0131kart\u0131lacak. 2024 y\u0131l\u0131nda engelli \u00f6\u011fretmenlerin atamas\u0131 yapmad\u0131lar. 2 bin 500 engelli \u00f6\u011fretmen atanma bekliyor. \u0130ktidar\u0131m\u0131zda atanamayan \u00f6\u011fretmen sorununu ortadan kald\u0131raca\u011f\u0131z ama iktidar\u0131m\u0131z\u0131n ilk bakanlar kurulu toplant\u0131m\u0131zda atama bekleyen t\u00fcm \u00f6\u011fretmenleri atayaca\u011f\u0131z. Engelli haklar\u0131ndan yararlanmak i\u00e7in \u00e7a\u011f d\u0131\u015f\u0131 d\u00fczenlemeler ile az y\u00fczde 40 v\u00fccut fonksiyon kayb\u0131 aranma uygulamas\u0131na ilk bakanlar kurulu toplant\u0131s\u0131nda son verece\u011fiz ve bir ayda gerekli yasal d\u00fczenlemeyi yapaca\u011f\u0131z. Bug\u00fcnk\u00fc sosyal destek sistemi yerine, ayl\u0131k engelli \u00f6dene\u011fi \u015feklinde sosyal destek sistemine ge\u00e7ilecek. Engellilerin sa\u011fl\u0131k hizmetine ula\u015fmas\u0131ndaki t\u00fcm engelleri kald\u0131r\u0131p muayene \u00fccreti, muayene \u00fccreti, protez, ortez t\u00fcm ay\u0131r\u0131c\u0131 malzemelerden katk\u0131 pay\u0131 almayaca\u011f\u0131z&#8221; diye vurgulad\u0131.<\/p>\n<p>&#8220;Otizm Eylem Plan\u0131\u2019n\u0131 hayata ge\u00e7irece\u011fiz&#8221;<br \/>\n<br \/>2018 y\u0131l\u0131nda STK\u2019ler ile t\u00fcm partilerin katk\u0131lar\u0131yla haz\u0131rlanan ancak rafa kald\u0131r\u0131lan Otizm Eylem Plan\u0131\u2019n\u0131 h\u0131zla ya\u015fama ge\u00e7ireceklerini kaydeden \u00d6zel, &#8220;Engelli ayr\u0131klar\u0131 ve evde bak\u0131m ayr\u0131klar\u0131 yeniden hesaplanacak. \u00c7o\u011funlu\u011fu sosyal g\u00fcvencesiz yoksul kad\u0131nlardan olu\u015fan vatanda\u015flar\u0131m\u0131za \u00f6denen evde bak\u0131m paras\u0131 net asgari c\u00fcret d\u00fczeyine \u00e7\u0131kart\u0131lacak. Engelliler haftas\u0131nda \u00f6denmek \u00fczere her y\u0131l seyyanen net asgari \u00fccret tutar\u0131nda hem engelliler eve evde bak\u0131m yard\u0131m\u0131ndan faydalananlara \u00f6deme yap\u0131lacak. Bu ifade ettiklerim ve 15 masada belirlenen ne varsa hepsini en k\u0131sa s\u00fcrede hayata ge\u00e7irece\u011fiz. Gazi Mustafa Kemal Atat\u00fcrk\u2019\u00fcn \u2018Kimsesizlerin kimsesi\u2019 olsun diye kurdu\u011fu Cumhuriyet\u2019in kimseyi geride b\u0131rakmas\u0131na izin vermeyece\u011fiz&#8221; a\u00e7\u0131klamalar\u0131na yer verdi.<br \/>\n<br \/>\u00d6zel, son olarak \u00e7al\u0131\u015ftaydaki engellilerle ilgili konular\u0131n \u00f6n\u00fcne ge\u00e7memesi i\u00e7in g\u00fcndelik siyasete girmeyece\u011fini de vurgulad\u0131.<br \/>\n<br \/>CHP \u0130zmir \u0130l Ba\u015fkan\u0131 \u015eenol Aslano\u011flu da &#8220;Engellilerin ya\u015fad\u0131\u011f\u0131 sorunlar hepimizin ortak meselesi. Biz CHP\u2019liler hi\u00e7bir yurtta\u015f\u0131m\u0131z\u0131 geride b\u0131rakmayan bir d\u00fczenin m\u00fcmk\u00fcn oldu\u011funa inan\u0131yoruz. CHP olarak bu sorunlar\u0131 biz \u00e7\u00f6zece\u011fiz. Engelli vatanda\u015flar\u0131n, sosyal hayatta, kamu ve \u00f6zel kurumlarda maruz b\u0131rak\u0131ld\u0131\u011f\u0131 ayr\u0131mc\u0131l\u0131\u011fa biz son verece\u011fiz. Engelsiz bir T\u00fcrkiye hayalinin \u00e7ok uzakta olmad\u0131\u011f\u0131na inan\u0131n. Hep birlikte engelleri birer birer kald\u0131raca\u011f\u0131z. Evlatlar\u0131n\u0131z i\u00e7in g\u00f6z\u00fcn\u00fcz\u00fcn arkada kalmad\u0131\u011f\u0131 iktidar\u0131 hep birlikte kuraca\u011f\u0131z&#8221; diye konu\u015ftu.<\/p>\n<p>&#8220;1.3 milyar ki\u015fi engelli birey&#8221;<br \/>\n<br \/>\u0130zmir B\u00fcy\u00fck\u015fehir Belediye Ba\u015fkan\u0131 Cemil Tugay, &#8220;\u00f6n\u00fcm\u00fczdeki ilk genel se\u00e7imde iktidar olaca\u011f\u0131m\u0131za y\u00fcrekten inan\u0131yoruz. \u00dclkemizde her t\u00fcrl\u00fc ma\u011fduriyeti, dezavantaj\u0131 ya\u015fayan kesimlere \u00e7\u00f6z\u00fcmler \u00fcretmek i\u00e7in kendimize y\u0131k haritas\u0131 \u00e7izmek zorunda hissediyoruz. Bu alanlardan birisi engellilik. Yaln\u0131zca t\u0131bbi de\u011fil ayn\u0131 zamanda sosyal bir e\u015fitlik ve insan haklar\u0131 meselesi olarak ele almak gerekir. D\u00fcnya Sa\u011fl\u0131k \u00d6rg\u00fct\u00fc verilerine g\u00f6re, d\u00fcnya n\u00fcfusunun yakla\u015f\u0131k y\u00fczde 16\u2019s\u0131 engelli bireylerden olu\u015fmaktad\u0131r. 1,3 milyar ki\u015fi engelli birey.  Her 6 insandan birinin engelli oldu\u011fu anlam\u0131na gelir. Her 3 aileden 1\u2019inde engelli birey ya\u015famaktad\u0131r. Daha kapsay\u0131c\u0131 politikalar geli\u015ftirmek zorunlu hale gelmektedir&#8221; \u015feklinde ifade etti.<\/p>\n<p>&#8220;T\u00fcrkiye\u2019de 4 milyon 882 bin 481 ki\u015finin engelli oldu\u011fu raporlanm\u0131\u015ft\u0131r&#8221;<br \/>\n<br \/>S\u00f6zlerini s\u00fcrd\u00fcren Tugay, \u015funlar\u0131 kaydetti:<br \/>\n<br \/>&#8220;T\u00fcrkiye\u2019de engelli bireylerin n\u00fcfusa oran\u0131, T\u00fcrkiye \u0130statistik Kurumu (T\u00dc\u0130K) taraf\u0131ndan 2011 y\u0131l\u0131nda yap\u0131lan ara\u015ft\u0131rmas\u0131na g\u00f6re y\u00fczde 6,9 olarak belirlenmi\u015f ve 4 milyon 882 bin 481 ki\u015finin engelli oldu\u011fu raporlanm\u0131\u015ft\u0131r. Bu veri engelli vatanda\u015flar\u0131n n\u00fcfus i\u00e7erisinde yer alan say\u0131lar\u0131n\u0131 tespit etmeye y\u00f6nelik son ara\u015ft\u0131rmad\u0131r. Bu ara\u015ft\u0131rmadan sonra Aile ve Sosyal Hizmetler Bakanl\u0131\u011f\u0131 taraf\u0131ndan y\u00fcr\u00fct\u00fclen Ulusal Engelli Veri Sistemi verileri yay\u0131mlanmaya devam etmi\u015ftir. Ancak bu verilerde g\u00f6r\u00fclmektedir ki yaln\u0131zca kurumlara ba\u015fvuru yapm\u0131\u015f olan ki\u015filerin verisi tutulmaktad\u0131r. Bu sebeple 2025 y\u0131l\u0131nda T\u00fcrkiye\u2019de yer alan engelli vatanda\u015flar\u0131n say\u0131s\u0131na ve istatisti\u011fine dair kesin veriler elimizde bulunmamaktad\u0131r. Aile ve Sosyal Hizmetler Bakanl\u0131\u011f\u0131\u2019n\u0131n son olarak Nisan 2023\u2019de yay\u0131mlam\u0131\u015f oldu\u011fu Ulusal Engelli Veri Sistemi\u2019nde T\u00fcrkiye\u2019de ya\u015famakta olan ve kurumlara ba\u015fvuru yapm\u0131\u015f olan ki\u015fi say\u0131s\u0131 2 milyon 511 bin 950\u2019dir. T\u00dc\u0130K taraf\u0131ndan hesaplanan y\u00fczde 6,9 oran\u0131n\u0131n d\u00fcnyaya g\u00f6re d\u00fc\u015f\u00fck oldu\u011fu d\u00fc\u015f\u00fcn\u00fcld\u00fc\u011f\u00fcnde bile belirlenen n\u00fcfusun yar\u0131s\u0131 T\u00fcrkiye\u2019de kurumlara ba\u015fvuru yap\u0131p hizmet talep etmemi\u015ftir. \u00dclkemizde 6 \u015eubat 2023 tarihinde ya\u015fanm\u0131\u015f olan Kahramanmara\u015f merkezli deprem de bu afetlerden birdir.&#8221;<\/p>\n<p>&#8220;Bize verilen g\u00f6revler \u00f6ncelikli \u00e7al\u0131\u015faca\u011f\u0131m\u0131z konular olacak&#8221;<br \/>\n<br \/>Engellilerle ilgili t\u00fcm verilerin, engelli bireylerin yaln\u0131zca sa\u011fl\u0131k hizmetlerine de\u011fil; e\u011fitim, istihdam, sosyal hizmetler ve eri\u015filebilir kent politikalar\u0131na da daha fazla ihtiya\u00e7 duydu\u011funu ortaya koymakta oldu\u011fundan bahseden Tugay, &#8220;Engelli bireylerin toplumsal ya\u015fama tam ve e\u015fit kat\u0131l\u0131m\u0131n\u0131 sa\u011flamak, yaln\u0131zca bireysel sorumluluklarla de\u011fil, kamu politikalar\u0131 ve yerel y\u00f6netimlerin aktif deste\u011fiyle m\u00fcmk\u00fcn olacakt\u0131r. Engellilik ve yoksulluk kar\u015f\u0131l\u0131kl\u0131 olarak birbirini etkileyen ve besleyen iki durumdur, bu sebeple engelli ki\u015filer i\u00e7in sa\u011fl\u0131kta e\u015fitlik ba\u015fta olmak \u00fczere e\u015fit insan haklar\u0131n\u0131 \u00f6ncelendirmek bir insan haklar\u0131 meselesi ve ayn\u0131 zamanda bir kalk\u0131nma \u00f6nceli\u011fidir. Bu \u00e7al\u0131\u015ftayda bize verilen g\u00f6revler \u00f6ncelikli olarak \u00e7al\u0131\u015faca\u011f\u0131m\u0131z konular olacakt\u0131r&#8221; a\u00e7\u0131klamalar\u0131nda bulundu.<\/p>\n<p>&#8220;En b\u00fcy\u00fck engel yoksulluk, ba\u011f\u0131ml\u0131 ya\u015famak zorunda olmak&#8221;<br \/>\n<br \/>CHP Aile ve Sosyal Hizmetlerden Sorumlu Genel Ba\u015fkan Yard\u0131mc\u0131s\u0131 Aylin Nazl\u0131aka ise &#8220;Biz sevgi dilencisi de\u011filiz. Biz hak temelli politikalara ihtiya\u00e7 duyuyoruz. Bizim i\u00e7in en b\u00fcy\u00fck engel yoksulluk, ba\u011f\u0131ml\u0131 ya\u015famak zorunda olmak. Engelli birey de\u011fil engellenen birey vard\u0131r. O y\u00fczde \u00e7al\u0131\u015ftay\u0131n ismini \u2018Engellilik \u00c7al\u0131\u015ftay\u0131\u2019 koyduk. Engellilik, bireylerin engelinden ziyade toplumun engelli bireylere nas\u0131l yakla\u015ft\u0131\u011f\u0131 ve sundu\u011fu imkanlarla do\u011frudan seyreder. Engellilik sadece bireysel de\u011fil ayn\u0131 zamanda toplumsal meseledir. \u00dczerimize d\u00fc\u015feni yapmak i\u00e7in hep birlikte \u00e7al\u0131\u015f\u0131yoruz. Genel ba\u015fkan\u0131m\u0131z 3 Aral\u0131k D\u00fcnya Engelliler G\u00fcn\u00fc\u2019nde ilk defa bir siyasi parti lideri, Ulu \u00d6nderimiz Atat\u00fcrk\u2019\u00fc ziyaret etti. \u0130zmir e\u015fitli\u011fin, adalet m\u00fccadelesinin ve engelli dostu bir kenttir. Her g\u00fcn bu alanda \u00e7al\u0131malar yap\u0131yoruz. Sorunu ya\u015fayanlarla bir araya geliyoruz. TBMM\u2019de gerekli itirazlar\u0131 yap\u0131p \u00e7\u00f6z\u00fcm \u00f6nerileri sunuyoruz. STK\u2019larla, konfederasyonlarla olan ba\u011flar\u0131m\u0131z\u0131 s\u0131k\u0131la\u015ft\u0131r\u0131yoruz. Etkinli\u011fimizi \u00f6zel bir g\u00fcnde de\u011fil bug\u00fcn ger\u00e7ekle\u015ftirmek istedik. Her g\u00fcn\u00fc \u00f6zel k\u0131lmak istiyoruz. Engellilerin, y\u0131l\u0131n belirli bir g\u00fcn\u00fc an\u0131lmas\u0131n\u0131 reddediyoruz&#8221; diye vurgulad\u0131.<\/p>\n<p>&#8220;Engelli haklar\u0131ndan tasarruf olmaz&#8221;<br \/>\n<br \/>AK Parti iktidar\u0131n\u0131n, engelli vatanda\u015flar\u0131, \u2018isyan sesi y\u00fckseldi\u011finde g\u00f6n\u00fclleri al\u0131nmas\u0131 gereken kesim\u2019 olarak g\u00f6rd\u00fc\u011f\u00fcn\u00fc s\u00f6yleyen Nazl\u0131aka, s\u00f6zlerine \u015f\u00f6yle devam etti:<br \/>\n<br \/>&#8220;\u00d6nyarg\u0131lar engelli bireye y\u00f6nelik ac\u0131ma durumda bak\u0131lmas\u0131, aileyi de bireyi de \u00fcz\u00fcyor. Aileler \u00e7o\u011fu zaman \u00e7ocu\u011fumun gelece\u011fi ne olacak sorusuyla ba\u015f ba\u015fa kal\u0131yor. Bakanl\u0131k taraf\u0131ndan engellilere sunulan destekler l\u00fctuf olarak sunuluyor. Engelli haklar\u0131ndan tasarruf olmaz. Tasarruf yapacaksan\u0131z saraydan ba\u015flay\u0131n. E\u011fitim ve istihdam engellilerin en zorland\u0131\u011f\u0131 iki alan.&#8221;<br \/>\n<br \/>Programa, CHP Genel Ba\u015fkan\u0131 \u00d6zg\u00fcr \u00d6zel\u2019in yan\u0131 s\u0131ra; CHP Aile ve Sosyal Hizmetlerden Sorumlu Genel Ba\u015fkan Yard\u0131mc\u0131s\u0131 Aylin Nazl\u0131aka, CHP Parti S\u00f6zc\u00fcs\u00fc Deniz Y\u00fccel, \u0130zmir B\u00fcy\u00fck\u015fehir Belediye Ba\u015fkan\u0131 Cemil Tugay, CHP \u0130zmir \u0130l Ba\u015fkan\u0131 \u015eenol Aslano\u011flu, milletvekilleri, il ve il\u00e7e belediye ba\u015fkanlar\u0131, engelli vatanda\u015flar ve partililer kat\u0131ld\u0131.<br \/><\/p>\n","protected":false},"excerpt":{"rendered":"<p>Cumhuriyet Halk Partisi (CHP) Genel Ba\u015fkan\u0131 \u00d6zg\u00fcr \u00d6zel, &#8220;Engelliler bakanl\u0131\u011f\u0131 olacak ve ba\u015f\u0131nda engelli bakan olacak. Engellilerin; e\u011fitime, istihdama, sa\u011fl\u0131\u011fa ve t\u00fcm insan haklar\u0131na eri\u015fimi ve toplumsal ya\u015fama aktif kat\u0131l\u0131m\u0131 i\u00e7in eri\u015filebilirlik \u015fart\u0131 sa\u011flanacak. \u0130ktidar\u0131m\u0131zda atanamayan \u00f6\u011fretmen sorununu ortadan kald\u0131raca\u011f\u0131z ama iktidar\u0131m\u0131z\u0131n ilk bakanlar kurulu toplant\u0131m\u0131zda atama bekleyen t\u00fcm \u00f6\u011fretmenleri atayaca\u011f\u0131z. Engellilerin sa\u011fl\u0131k hizmetine ula\u015fmas\u0131ndaki&#8230;<\/p>\n","protected":false},"author":1,"featured_media":14355,"comment_status":"open","ping_status":"open","sticky":false,"template":"","format":"standard","meta":{"_crdt_document":"","footnotes":""},"categories":[127],"tags":[],"class_list":["post-14354","post","type-post","status-publish","format-standard","has-post-thumbnail","hentry","category-siyaset"],"_links":{"self":[{"href":"https:\/\/www.egemtv.com\/index.php?rest_route=\/wp\/v2\/posts\/14354","targetHints":{"allow":["GET"]}}],"collection":[{"href":"https:\/\/www.egemtv.com\/index.php?rest_route=\/wp\/v2\/posts"}],"about":[{"href":"https:\/\/www.egemtv.com\/index.php?rest_route=\/wp\/v2\/types\/post"}],"author":[{"embeddable":true,"href":"https:\/\/www.egemtv.com\/index.php?rest_route=\/wp\/v2\/users\/1"}],"replies":[{"embeddable":true,"href":"https:\/\/www.egemtv.com\/index.php?rest_route=%2Fwp%2Fv2%2Fcomments&post=14354"}],"version-history":[{"count":1,"href":"https:\/\/www.egemtv.com\/index.php?rest_route=\/wp\/v2\/posts\/14354\/revisions"}],"predecessor-version":[{"id":14356,"href":"https:\/\/www.egemtv.com\/index.php?rest_route=\/wp\/v2\/posts\/14354\/revisions\/14356"}],"wp:featuredmedia":[{"embeddable":true,"href":"https:\/\/www.egemtv.com\/index.php?rest_route=\/wp\/v2\/media\/14355"}],"wp:attachment":[{"href":"https:\/\/www.egemtv.com\/index.php?rest_route=%2Fwp%2Fv2%2Fmedia&parent=14354"}],"wp:term":[{"taxonomy":"category","embeddable":true,"href":"https:\/\/www.egemtv.com\/index.php?rest_route=%2Fwp%2Fv2%2Fcategories&post=14354"},{"taxonomy":"post_tag","embeddable":true,"href":"https:\/\/www.egemtv.com\/index.php?rest_route=%2Fwp%2Fv2%2Ftags&post=14354"}],"curies":[{"name":"wp","href":"https:\/\/api.w.org\/{rel}","templated":true}]}}