{"id":14351,"date":"2025-02-01T12:08:19","date_gmt":"2025-02-01T09:08:19","guid":{"rendered":"https:\/\/www.egemtv.com\/?p=14351"},"modified":"2025-02-01T12:08:23","modified_gmt":"2025-02-01T09:08:23","slug":"altintasta-mera-alanlari-icin-16-ton-gubre","status":"publish","type":"post","link":"https:\/\/www.egemtv.com\/?p=14351","title":{"rendered":"Alt\u0131nta\u015f\u2019ta mera alanlar\u0131 i\u00e7in 16 ton g\u00fcbre"},"content":{"rendered":"<p>K\u00fctahya\u2019n\u0131n Alt\u0131nta\u015f il\u00e7esinde mera alanlar\u0131n\u0131n \u0131slah\u0131 ve iyile\u015ftirmesi amac\u0131yla, \u0130l Tar\u0131m ve Orman M\u00fcd\u00fcrl\u00fc\u011f\u00fc taraf\u0131ndan 16 ton g\u00fcbre g\u00f6nderildi\u011fi bildirildi.<br \/>\n<br \/>\u0130l\u00e7e Tar\u0131m ve Orman M\u00fcd\u00fcrl\u00fc\u011f\u00fc taraf\u0131ndan yap\u0131lan a\u00e7\u0131klamada, &#8220;Mera \u0131slah projesi \u00e7er\u00e7evesinde Eymir k\u00f6y\u00fcm\u00fcz\u00fcn meralar\u0131na da\u011f\u0131t\u0131lmak \u00fczere \u0130l Tar\u0131m ve Orman M\u00fcd\u00fcrl\u00fc\u011f\u00fcm\u00fczce temin edilen 16 ton g\u00fcbre ile g\u00fcbreleme \u00e7al\u0131\u015fmalar\u0131nda rol alarak eme\u011fi ge\u00e7en k\u00f6y muhtar\u0131m\u0131z ve k\u00f6yl\u00fclerimize te\u015fekk\u00fcr ederiz&#8221; ifadelerine yer verildi.<br \/><\/p>\n","protected":false},"excerpt":{"rendered":"<p>K\u00fctahya\u2019n\u0131n Alt\u0131nta\u015f il\u00e7esinde mera alanlar\u0131n\u0131n \u0131slah\u0131 ve iyile\u015ftirmesi amac\u0131yla, \u0130l Tar\u0131m ve Orman M\u00fcd\u00fcrl\u00fc\u011f\u00fc taraf\u0131ndan 16 ton g\u00fcbre g\u00f6nderildi\u011fi bildirildi. \u0130l\u00e7e Tar\u0131m ve Orman M\u00fcd\u00fcrl\u00fc\u011f\u00fc taraf\u0131ndan yap\u0131lan a\u00e7\u0131klamada, &#8220;Mera \u0131slah projesi \u00e7er\u00e7evesinde Eymir k\u00f6y\u00fcm\u00fcz\u00fcn meralar\u0131na da\u011f\u0131t\u0131lmak \u00fczere \u0130l Tar\u0131m ve Orman M\u00fcd\u00fcrl\u00fc\u011f\u00fcm\u00fczce temin edilen 16 ton g\u00fcbre ile g\u00fcbreleme \u00e7al\u0131\u015fmalar\u0131nda rol alarak eme\u011fi ge\u00e7en k\u00f6y&#8230;<\/p>\n","protected":false},"author":1,"featured_media":14352,"comment_status":"open","ping_status":"open","sticky":false,"template":"","format":"standard","meta":{"_crdt_document":"","footnotes":""},"categories":[125],"tags":[],"class_list":["post-14351","post","type-post","status-publish","format-standard","has-post-thumbnail","hentry","category-ekonomi"],"_links":{"self":[{"href":"https:\/\/www.egemtv.com\/index.php?rest_route=\/wp\/v2\/posts\/14351","targetHints":{"allow":["GET"]}}],"collection":[{"href":"https:\/\/www.egemtv.com\/index.php?rest_route=\/wp\/v2\/posts"}],"about":[{"href":"https:\/\/www.egemtv.com\/index.php?rest_route=\/wp\/v2\/types\/post"}],"author":[{"embeddable":true,"href":"https:\/\/www.egemtv.com\/index.php?rest_route=\/wp\/v2\/users\/1"}],"replies":[{"embeddable":true,"href":"https:\/\/www.egemtv.com\/index.php?rest_route=%2Fwp%2Fv2%2Fcomments&post=14351"}],"version-history":[{"count":1,"href":"https:\/\/www.egemtv.com\/index.php?rest_route=\/wp\/v2\/posts\/14351\/revisions"}],"predecessor-version":[{"id":14353,"href":"https:\/\/www.egemtv.com\/index.php?rest_route=\/wp\/v2\/posts\/14351\/revisions\/14353"}],"wp:featuredmedia":[{"embeddable":true,"href":"https:\/\/www.egemtv.com\/index.php?rest_route=\/wp\/v2\/media\/14352"}],"wp:attachment":[{"href":"https:\/\/www.egemtv.com\/index.php?rest_route=%2Fwp%2Fv2%2Fmedia&parent=14351"}],"wp:term":[{"taxonomy":"category","embeddable":true,"href":"https:\/\/www.egemtv.com\/index.php?rest_route=%2Fwp%2Fv2%2Fcategories&post=14351"},{"taxonomy":"post_tag","embeddable":true,"href":"https:\/\/www.egemtv.com\/index.php?rest_route=%2Fwp%2Fv2%2Ftags&post=14351"}],"curies":[{"name":"wp","href":"https:\/\/api.w.org\/{rel}","templated":true}]}}