{"id":14348,"date":"2025-02-01T12:08:14","date_gmt":"2025-02-01T09:08:14","guid":{"rendered":"https:\/\/www.egemtv.com\/?p=14348"},"modified":"2025-02-01T12:08:19","modified_gmt":"2025-02-01T09:08:19","slug":"gedizde-aile-ici-ve-kadina-yonelik-siddetle-mucadele-egitimi-duzenlendi","status":"publish","type":"post","link":"https:\/\/www.egemtv.com\/?p=14348","title":{"rendered":"Gediz\u2019de \u2018aile i\u00e7i ve kad\u0131na y\u00f6nelik \u015fiddetle m\u00fccadele\u2019 e\u011fitimi d\u00fczenlendi"},"content":{"rendered":"<p>K\u00fctahya\u2019n\u0131n Gediz il\u00e7esinde, Gediz Sosyal Hizmet Merkezi M\u00fcd\u00fcrl\u00fc\u011f\u00fc personelleri Psikolog Fatma G\u00fcl Y\u0131ld\u0131r\u0131m ve Sosyal \u00c7al\u0131\u015fmac\u0131 Sevim Y\u0131lanc\u0131 taraf\u0131ndan, Gediz Gen\u00e7lik ve Spor \u0130l\u00e7e M\u00fcd\u00fcrl\u00fc\u011f\u00fc personellerine y\u00f6nelik &#8220;Aile \u0130\u00e7i ve Kad\u0131na Y\u00f6nelik \u015eiddetle M\u00fccadele&#8221; konulu e\u011fitim program\u0131 ger\u00e7ekle\u015ftirildi.<br \/>\n<br \/>E\u011fitimde, aile i\u00e7i \u015fiddetin toplumsal etkileri, kad\u0131na y\u00f6nelik \u015fiddetle m\u00fccadelenin \u00f6nemi ve bu konuda izlenmesi gereken hukuki ve psikososyal destek mekanizmalar\u0131 hakk\u0131nda bilgiler payla\u015f\u0131ld\u0131. Kat\u0131l\u0131mc\u0131lara, \u015fiddet ma\u011fdurlar\u0131n\u0131n ba\u015fvurabilece\u011fi resmi kurumlar ve destek hatlar\u0131 hakk\u0131nda detayl\u0131 bilgilendirme yap\u0131ld\u0131.<br \/>\n<br \/>Konuya ili\u015fkin de\u011ferlendirmede bulunan Gediz Gen\u00e7lik ve Spor \u0130l\u00e7e M\u00fcd\u00fcr Vekili Mecid Pehlivan, &#8220;Kad\u0131na y\u00f6nelik \u015fiddetle m\u00fccadele, toplum olarak hepimizin sorumlulu\u011fudur. Personelimizin bu konuda bilin\u00e7lenmesi ve fark\u0131ndal\u0131k kazanmas\u0131, bireysel ve kurumsal olarak daha etkin ad\u0131mlar atmam\u0131z\u0131 sa\u011flayacakt\u0131r. Bu de\u011ferli e\u011fitim i\u00e7in Gediz Sosyal Hizmet Merkezi M\u00fcd\u00fcrl\u00fc\u011f\u00fc\u2019ne te\u015fekk\u00fcr ederiz&#8221; ifadelerini kulland\u0131.<br \/>\n<br \/>E\u011fitimin sonunda, kat\u0131l\u0131mc\u0131lar\u0131n sorular\u0131 yan\u0131tlanarak fark\u0131ndal\u0131\u011f\u0131 art\u0131r\u0131c\u0131 \u00f6nerilerde bulunuldu.<br \/><\/p>\n","protected":false},"excerpt":{"rendered":"<p>K\u00fctahya\u2019n\u0131n Gediz il\u00e7esinde, Gediz Sosyal Hizmet Merkezi M\u00fcd\u00fcrl\u00fc\u011f\u00fc personelleri Psikolog Fatma G\u00fcl Y\u0131ld\u0131r\u0131m ve Sosyal \u00c7al\u0131\u015fmac\u0131 Sevim Y\u0131lanc\u0131 taraf\u0131ndan, Gediz Gen\u00e7lik ve Spor \u0130l\u00e7e M\u00fcd\u00fcrl\u00fc\u011f\u00fc personellerine y\u00f6nelik &#8220;Aile \u0130\u00e7i ve Kad\u0131na Y\u00f6nelik \u015eiddetle M\u00fccadele&#8221; konulu e\u011fitim program\u0131 ger\u00e7ekle\u015ftirildi. E\u011fitimde, aile i\u00e7i \u015fiddetin toplumsal etkileri, kad\u0131na y\u00f6nelik \u015fiddetle m\u00fccadelenin \u00f6nemi ve bu konuda izlenmesi gereken hukuki&#8230;<\/p>\n","protected":false},"author":1,"featured_media":14349,"comment_status":"open","ping_status":"open","sticky":false,"template":"","format":"standard","meta":{"_crdt_document":"","footnotes":""},"categories":[123],"tags":[],"class_list":["post-14348","post","type-post","status-publish","format-standard","has-post-thumbnail","hentry","category-gundem"],"_links":{"self":[{"href":"https:\/\/www.egemtv.com\/index.php?rest_route=\/wp\/v2\/posts\/14348","targetHints":{"allow":["GET"]}}],"collection":[{"href":"https:\/\/www.egemtv.com\/index.php?rest_route=\/wp\/v2\/posts"}],"about":[{"href":"https:\/\/www.egemtv.com\/index.php?rest_route=\/wp\/v2\/types\/post"}],"author":[{"embeddable":true,"href":"https:\/\/www.egemtv.com\/index.php?rest_route=\/wp\/v2\/users\/1"}],"replies":[{"embeddable":true,"href":"https:\/\/www.egemtv.com\/index.php?rest_route=%2Fwp%2Fv2%2Fcomments&post=14348"}],"version-history":[{"count":1,"href":"https:\/\/www.egemtv.com\/index.php?rest_route=\/wp\/v2\/posts\/14348\/revisions"}],"predecessor-version":[{"id":14350,"href":"https:\/\/www.egemtv.com\/index.php?rest_route=\/wp\/v2\/posts\/14348\/revisions\/14350"}],"wp:featuredmedia":[{"embeddable":true,"href":"https:\/\/www.egemtv.com\/index.php?rest_route=\/wp\/v2\/media\/14349"}],"wp:attachment":[{"href":"https:\/\/www.egemtv.com\/index.php?rest_route=%2Fwp%2Fv2%2Fmedia&parent=14348"}],"wp:term":[{"taxonomy":"category","embeddable":true,"href":"https:\/\/www.egemtv.com\/index.php?rest_route=%2Fwp%2Fv2%2Fcategories&post=14348"},{"taxonomy":"post_tag","embeddable":true,"href":"https:\/\/www.egemtv.com\/index.php?rest_route=%2Fwp%2Fv2%2Ftags&post=14348"}],"curies":[{"name":"wp","href":"https:\/\/api.w.org\/{rel}","templated":true}]}}