{"id":14345,"date":"2025-02-01T12:08:12","date_gmt":"2025-02-01T09:08:12","guid":{"rendered":"https:\/\/www.egemtv.com\/?p=14345"},"modified":"2025-02-01T12:08:14","modified_gmt":"2025-02-01T09:08:14","slug":"cilt-sagliginda-sosyal-medya-tehlikesi","status":"publish","type":"post","link":"https:\/\/www.egemtv.com\/?p=14345","title":{"rendered":"Cilt sa\u011fl\u0131\u011f\u0131nda sosyal medya tehlikesi"},"content":{"rendered":"<p>Medicana Sa\u011fl\u0131k Grubu Dermatoloji B\u00f6l\u00fcm\u00fc\u2019nden Uzm. Dr. Nurhan D\u00f6ner Akta\u015f, \u00e7e\u015fitli payla\u015f\u0131mlardan etkilenerek al\u0131nan \u00fcr\u00fcnlerin alerjiden, lekelenmelere bir\u00e7ok cilt sorununa neden olabildi\u011fini belirterek, &#8220;Makyaj malzemesi al\u0131rken bile cilde etkisi d\u00fc\u015f\u00fcn\u00fclmesi gerekirken ki\u015filer krem al\u0131rken ya da daha da k\u00f6t\u00fcs\u00fc kozmetik i\u015flem yapt\u0131r\u0131rken sosyal medya etkisiyle hareket ediyor. Bu konuda y\u00f6nlendirici sosyal medya de\u011fil, uzman hekim olmal\u0131&#8221; diye konu\u015ftu.<br \/>\n<br \/>Sosyal medyan\u0131n hayatlar\u0131m\u0131zdaki yeri giderek artarken, kullan\u0131c\u0131lar sa\u011fl\u0131kla ilgili yan\u0131lt\u0131c\u0131 bilgilere de s\u0131kl\u0131kla maruz kalabiliyor. Hastalar\u0131n bir k\u0131sm\u0131n\u0131n, sosyal medyada g\u00f6r\u00fcp kulland\u0131\u011f\u0131 cilt bak\u0131m \u00fcr\u00fcnleri, ila\u00e7lar ve makyaj malzemeleri ya da yapt\u0131rd\u0131\u011f\u0131 kozmetik i\u015flemler nedeniyle olu\u015fan cilt sorunlar\u0131 sonucunda hastaneye ba\u015fvurdu\u011funu s\u00f6yleyen Medicana International \u0130zmir Hastanesi Dermatoloji Uzman\u0131 Dr. Nurhan D\u00f6ner Akta\u015f, &#8220;Son d\u00f6nemlerde 30 ya\u015f alt\u0131 hastalar\u0131n neredeyse y\u00fczde 40\u2019\u0131 cilt uygulamalar\u0131n\u0131 sosyal medyan\u0131n etkisi alt\u0131nda yapmaktad\u0131r. Hasta sosyal medyada g\u00f6r\u00fcp \u00fcr\u00fcn\u00fcn t\u00fcm serisini alabilmektedir. Bu yanl\u0131\u015f bir tutumdur. Bu durum, bir\u00e7ok cilt sorununa neden olabilmektedir&#8221; dedi.<\/p>\n<p>Gere\u011finden fazla ve yanl\u0131\u015f \u00fcr\u00fcn kullan\u0131m\u0131<br \/>\n<br \/>Yap\u0131lan ara\u015ft\u0131rmalarda insanlar\u0131n stresli olduklar\u0131nda ya da dinlenme halindeyken telefon kullan\u0131mlar\u0131n\u0131n artt\u0131\u011f\u0131n\u0131n g\u00f6zlemlendi\u011fini hat\u0131rlatan Uzm. Dr. Nurhan D\u00f6ner Akta\u015f, &#8220;Sosyal medyada baz\u0131 \u00fcr\u00fcnler, makyaj malzemeleri \u00f6nerilmektedir. Bu malzemeler, aktif bir \u015fekilde g\u00f6zenekleri t\u0131kay\u0131p sivilcelenmelere ya da lekelenmelere neden olabilmektedir. Son d\u00f6nemde \u2018Cilt rutinim\u2019 \u015feklinde payla\u015f\u0131mlar da artmaktad\u0131r. Bu payla\u015f\u0131mlar bireyleri gere\u011finden fazla \u00fcr\u00fcn kullanmaya itebilmektedir. Baz\u0131 \u00fcr\u00fcnler baz\u0131 ciltlere iyi gelmemekle birlikte, cilt sa\u011fl\u0131\u011f\u0131n\u0131 olumsuz etkileyebilmektedir&#8221; \u015feklinde konu\u015ftu.<\/p>\n<p>&#8220;Geri d\u00f6n\u00fc\u015fs\u00fcz cilt hasarlar\u0131 olu\u015fabilir&#8221;<br \/>\n<br \/>Sosyal medyan\u0131n etkisiyle kozmetik i\u015flemlerin uygulanma ya\u015f\u0131n\u0131n olduk\u00e7a d\u00fc\u015ft\u00fc\u011f\u00fcn\u00fc vurgulayan Uzm. Dr. Nurhan D\u00f6ner Akta\u015f, s\u00f6zlerini \u015f\u00f6yle s\u00fcrd\u00fcrd\u00fc: &#8220;Hen\u00fcz kendi bedenleriyle ilgili alg\u0131lama evresinde olan gen\u00e7 ya\u015ftaki bireylerin kozmetik i\u015flem yapt\u0131rmas\u0131 do\u011fru bulunmamaktad\u0131r. Yeti\u015fkinlerde de hekim taraf\u0131ndan yap\u0131lmayan dolgu gibi i\u015flemler do\u011fal d\u0131\u015f\u0131, abart\u0131l\u0131 g\u00f6r\u00fcnt\u00fclere neden olabilmektedir. Bu i\u015flemler, kesinlikle hastane ortam\u0131nda ve uzman hekim taraf\u0131ndan yap\u0131lmal\u0131d\u0131r. Gerekirse makyaj malzemesi bile dermatoloji uzman\u0131na dan\u0131\u015farak kullan\u0131lmal\u0131d\u0131r. Mutlaka bir cilt muayenesinden sonra uzman doktor g\u00f6r\u00fc\u015f\u00fcn\u00fcn ard\u0131ndan cilt temizli\u011fi ve nemlendirici kremler uygulanmal\u0131d\u0131r. \u00c7\u00fcnk\u00fc yanl\u0131\u015f cilt uygulamalar\u0131 ve yanl\u0131\u015f \u00fcr\u00fcn kullan\u0131m\u0131nda geri d\u00f6n\u00fc\u015fs\u00fcz cilt hasarlar\u0131yla kar\u015f\u0131 kar\u015f\u0131ya kal\u0131nabilir. \u00d6rne\u011fin hasta botoksun yan etkileriyle kar\u015f\u0131la\u015fabilir. Deri lekeleri, deri yaralanmalar\u0131 ve deri skarlar\u0131 olu\u015fabilir. G\u00fczelle\u015fmek u\u011fruna yap\u0131lan bir i\u015flem, iyile\u015ftirmek i\u00e7in uzun zaman u\u011fra\u015f\u0131lacak bir cilt hastal\u0131\u011f\u0131na d\u00f6n\u00fc\u015febilir. Nemlendirici bir krem ya da bir makyaj malzemesini al\u0131rken cilde etkisinin ne olabilece\u011fini d\u00fc\u015f\u00fcnmek gerekir. \u0130lla al\u0131nacaksa da denetlemeden ge\u00e7mi\u015f markalar tercih edilmelidir.&#8221;<br \/><\/p>\n","protected":false},"excerpt":{"rendered":"<p>Medicana Sa\u011fl\u0131k Grubu Dermatoloji B\u00f6l\u00fcm\u00fc\u2019nden Uzm. Dr. Nurhan D\u00f6ner Akta\u015f, \u00e7e\u015fitli payla\u015f\u0131mlardan etkilenerek al\u0131nan \u00fcr\u00fcnlerin alerjiden, lekelenmelere bir\u00e7ok cilt sorununa neden olabildi\u011fini belirterek, &#8220;Makyaj malzemesi al\u0131rken bile cilde etkisi d\u00fc\u015f\u00fcn\u00fclmesi gerekirken ki\u015filer krem al\u0131rken ya da daha da k\u00f6t\u00fcs\u00fc kozmetik i\u015flem yapt\u0131r\u0131rken sosyal medya etkisiyle hareket ediyor. Bu konuda y\u00f6nlendirici sosyal medya de\u011fil, uzman hekim&#8230;<\/p>\n","protected":false},"author":1,"featured_media":14346,"comment_status":"open","ping_status":"open","sticky":false,"template":"","format":"standard","meta":{"_crdt_document":"","footnotes":""},"categories":[2],"tags":[],"class_list":["post-14345","post","type-post","status-publish","format-standard","has-post-thumbnail","hentry","category-saglik"],"_links":{"self":[{"href":"https:\/\/www.egemtv.com\/index.php?rest_route=\/wp\/v2\/posts\/14345","targetHints":{"allow":["GET"]}}],"collection":[{"href":"https:\/\/www.egemtv.com\/index.php?rest_route=\/wp\/v2\/posts"}],"about":[{"href":"https:\/\/www.egemtv.com\/index.php?rest_route=\/wp\/v2\/types\/post"}],"author":[{"embeddable":true,"href":"https:\/\/www.egemtv.com\/index.php?rest_route=\/wp\/v2\/users\/1"}],"replies":[{"embeddable":true,"href":"https:\/\/www.egemtv.com\/index.php?rest_route=%2Fwp%2Fv2%2Fcomments&post=14345"}],"version-history":[{"count":1,"href":"https:\/\/www.egemtv.com\/index.php?rest_route=\/wp\/v2\/posts\/14345\/revisions"}],"predecessor-version":[{"id":14347,"href":"https:\/\/www.egemtv.com\/index.php?rest_route=\/wp\/v2\/posts\/14345\/revisions\/14347"}],"wp:featuredmedia":[{"embeddable":true,"href":"https:\/\/www.egemtv.com\/index.php?rest_route=\/wp\/v2\/media\/14346"}],"wp:attachment":[{"href":"https:\/\/www.egemtv.com\/index.php?rest_route=%2Fwp%2Fv2%2Fmedia&parent=14345"}],"wp:term":[{"taxonomy":"category","embeddable":true,"href":"https:\/\/www.egemtv.com\/index.php?rest_route=%2Fwp%2Fv2%2Fcategories&post=14345"},{"taxonomy":"post_tag","embeddable":true,"href":"https:\/\/www.egemtv.com\/index.php?rest_route=%2Fwp%2Fv2%2Ftags&post=14345"}],"curies":[{"name":"wp","href":"https:\/\/api.w.org\/{rel}","templated":true}]}}