{"id":14342,"date":"2025-02-01T12:08:08","date_gmt":"2025-02-01T09:08:08","guid":{"rendered":"https:\/\/www.egemtv.com\/?p=14342"},"modified":"2025-02-01T12:08:11","modified_gmt":"2025-02-01T09:08:11","slug":"tki-tavsanli-linyitspor-ile-tepecikspor-karsi-karsiya-gelecek","status":"publish","type":"post","link":"https:\/\/www.egemtv.com\/?p=14342","title":{"rendered":"TK\u0130 Tav\u015fanl\u0131 Linyitspor ile Tepecikspor kar\u015f\u0131 kar\u015f\u0131ya gelecek"},"content":{"rendered":"<p>K\u00fctahya\u2019n\u0131n Tav\u015fanl\u0131 il\u00e7esinde 18. hafta m\u00fccadelesiyle B\u00f6lgesel Amat\u00f6r Lig\u2019in heyecanl\u0131 derbisine sahne olacak.<br \/>\n<br \/>Tav\u015fanl\u0131 Ada stad\u0131, bu pazar g\u00fcn\u00fc b\u00fcy\u00fck bir futbol heyecan\u0131na sahne olacak. B\u00f6lgesel Amat\u00f6r Lig 8. Grup\u2019ta m\u00fccadele eden TK\u0130 Tav\u015fanl\u0131 Linyitspor ve Tepecikspor, 18. hafta kar\u015f\u0131la\u015fmas\u0131nda kar\u015f\u0131 kar\u015f\u0131ya gelecek. Her iki tak\u0131m da sezona \u015fampiyonluk hedefiyle ba\u015flam\u0131\u015ft\u0131, ancak performanslar\u0131ndaki ini\u015fli \u00e7\u0131k\u0131\u015fl\u0131 grafik, onlar\u0131 lider Fethiye \u0130dmanyurdu\u2019nun 15 puan gerisinde b\u0131rakm\u0131\u015f durumda.<br \/>\n<br \/>TK\u0130 Tav\u015fanl\u0131 Linyitspor ve Tepecikspor, 17 ma\u00e7ta 7 galibiyet, 5 beraberlik ve 5 ma\u011flubiyetle 26 puana sahip. Tepecikspor 8. s\u0131rada yer al\u0131rken, Linyitspor 10. s\u0131rada bulunuyor. Her iki tak\u0131m da defansif anlamda zorluklar ya\u015fasa da, h\u00fccumda da etkili olmay\u0131 s\u00fcrd\u00fcr\u00fcyor. Linyitspor, bu sezon 18 gol atarken kalesinde 18 gol g\u00f6rd\u00fc. Tepecikspor ise 25 gol at\u0131p, 19 gol yedi.<br \/>\n<br \/>Kar\u015f\u0131la\u015fma yar\u0131n yani Pazar g\u00fcn\u00fc Ada Stad\u0131\u2019nda oynanacak.<br \/><\/p>\n","protected":false},"excerpt":{"rendered":"<p>K\u00fctahya\u2019n\u0131n Tav\u015fanl\u0131 il\u00e7esinde 18. hafta m\u00fccadelesiyle B\u00f6lgesel Amat\u00f6r Lig\u2019in heyecanl\u0131 derbisine sahne olacak. Tav\u015fanl\u0131 Ada stad\u0131, bu pazar g\u00fcn\u00fc b\u00fcy\u00fck bir futbol heyecan\u0131na sahne olacak. B\u00f6lgesel Amat\u00f6r Lig 8. Grup\u2019ta m\u00fccadele eden TK\u0130 Tav\u015fanl\u0131 Linyitspor ve Tepecikspor, 18. hafta kar\u015f\u0131la\u015fmas\u0131nda kar\u015f\u0131 kar\u015f\u0131ya gelecek. Her iki tak\u0131m da sezona \u015fampiyonluk hedefiyle ba\u015flam\u0131\u015ft\u0131, ancak performanslar\u0131ndaki ini\u015fli \u00e7\u0131k\u0131\u015fl\u0131&#8230;<\/p>\n","protected":false},"author":1,"featured_media":14343,"comment_status":"open","ping_status":"open","sticky":false,"template":"","format":"standard","meta":{"_crdt_document":"","footnotes":""},"categories":[4],"tags":[],"class_list":["post-14342","post","type-post","status-publish","format-standard","has-post-thumbnail","hentry","category-spor"],"_links":{"self":[{"href":"https:\/\/www.egemtv.com\/index.php?rest_route=\/wp\/v2\/posts\/14342","targetHints":{"allow":["GET"]}}],"collection":[{"href":"https:\/\/www.egemtv.com\/index.php?rest_route=\/wp\/v2\/posts"}],"about":[{"href":"https:\/\/www.egemtv.com\/index.php?rest_route=\/wp\/v2\/types\/post"}],"author":[{"embeddable":true,"href":"https:\/\/www.egemtv.com\/index.php?rest_route=\/wp\/v2\/users\/1"}],"replies":[{"embeddable":true,"href":"https:\/\/www.egemtv.com\/index.php?rest_route=%2Fwp%2Fv2%2Fcomments&post=14342"}],"version-history":[{"count":1,"href":"https:\/\/www.egemtv.com\/index.php?rest_route=\/wp\/v2\/posts\/14342\/revisions"}],"predecessor-version":[{"id":14344,"href":"https:\/\/www.egemtv.com\/index.php?rest_route=\/wp\/v2\/posts\/14342\/revisions\/14344"}],"wp:featuredmedia":[{"embeddable":true,"href":"https:\/\/www.egemtv.com\/index.php?rest_route=\/wp\/v2\/media\/14343"}],"wp:attachment":[{"href":"https:\/\/www.egemtv.com\/index.php?rest_route=%2Fwp%2Fv2%2Fmedia&parent=14342"}],"wp:term":[{"taxonomy":"category","embeddable":true,"href":"https:\/\/www.egemtv.com\/index.php?rest_route=%2Fwp%2Fv2%2Fcategories&post=14342"},{"taxonomy":"post_tag","embeddable":true,"href":"https:\/\/www.egemtv.com\/index.php?rest_route=%2Fwp%2Fv2%2Ftags&post=14342"}],"curies":[{"name":"wp","href":"https:\/\/api.w.org\/{rel}","templated":true}]}}