{"id":14339,"date":"2025-02-01T12:08:04","date_gmt":"2025-02-01T09:08:04","guid":{"rendered":"https:\/\/www.egemtv.com\/?p=14339"},"modified":"2025-02-01T12:08:08","modified_gmt":"2025-02-01T09:08:08","slug":"saphanede-sehit-asker-ergin-mezari-basinda-anildi","status":"publish","type":"post","link":"https:\/\/www.egemtv.com\/?p=14339","title":{"rendered":"\u015eaphane\u2019de \u015fehit asker Ergin, mezar\u0131 ba\u015f\u0131nda an\u0131ld\u0131"},"content":{"rendered":"<p>1993 y\u0131l\u0131nda u\u00e7ak bak\u0131m hangar\u0131nda meydana gelen patlama sonucu \u015fehit olan Hava Asb. \u00c7v\u015f. Mehmet Ergin, vefat\u0131n\u0131n sene-i devriyesinde \u015eaphane il\u00e7esi Karamanca K\u00f6y\u00fcnde bulunan kabri ba\u015f\u0131nda dualarla an\u0131ld\u0131.<br \/>\n<br \/>Pazarlar Kaymakam\u0131, \u015eaphane Kaymakam Vekili Alper A\u00e7\u0131kg\u00f6z\u2019\u00fcn kat\u0131ld\u0131\u011f\u0131 programda, 28 Kas\u0131m 1992 y\u0131l\u0131nda u\u00e7ak bak\u0131m hangar\u0131nda meydana gelen patlama sonucu yaralanan, G\u00fclhane Askeri T\u0131p Akademisi\u2019nde tedavi g\u00f6rmekte iken 31 Ocak 1993 tarihinde \u015fehit olan Hava Asb. \u00c7v\u015f. Mehmet Ergin, Karamanca K\u00f6y\u00fcnde bulunan kabri ziyaret edilerek Kur\u2019an-\u0131 Kerim okundu ve dua edildi. Ayr\u0131ca \u015fehit ailesinin evi ziyaret edildi.<br \/><\/p>\n","protected":false},"excerpt":{"rendered":"<p>1993 y\u0131l\u0131nda u\u00e7ak bak\u0131m hangar\u0131nda meydana gelen patlama sonucu \u015fehit olan Hava Asb. \u00c7v\u015f. Mehmet Ergin, vefat\u0131n\u0131n sene-i devriyesinde \u015eaphane il\u00e7esi Karamanca K\u00f6y\u00fcnde bulunan kabri ba\u015f\u0131nda dualarla an\u0131ld\u0131. Pazarlar Kaymakam\u0131, \u015eaphane Kaymakam Vekili Alper A\u00e7\u0131kg\u00f6z\u2019\u00fcn kat\u0131ld\u0131\u011f\u0131 programda, 28 Kas\u0131m 1992 y\u0131l\u0131nda u\u00e7ak bak\u0131m hangar\u0131nda meydana gelen patlama sonucu yaralanan, G\u00fclhane Askeri T\u0131p Akademisi\u2019nde tedavi g\u00f6rmekte&#8230;<\/p>\n","protected":false},"author":1,"featured_media":14340,"comment_status":"open","ping_status":"open","sticky":false,"template":"","format":"standard","meta":{"_crdt_document":"","footnotes":""},"categories":[123],"tags":[],"class_list":["post-14339","post","type-post","status-publish","format-standard","has-post-thumbnail","hentry","category-gundem"],"_links":{"self":[{"href":"https:\/\/www.egemtv.com\/index.php?rest_route=\/wp\/v2\/posts\/14339","targetHints":{"allow":["GET"]}}],"collection":[{"href":"https:\/\/www.egemtv.com\/index.php?rest_route=\/wp\/v2\/posts"}],"about":[{"href":"https:\/\/www.egemtv.com\/index.php?rest_route=\/wp\/v2\/types\/post"}],"author":[{"embeddable":true,"href":"https:\/\/www.egemtv.com\/index.php?rest_route=\/wp\/v2\/users\/1"}],"replies":[{"embeddable":true,"href":"https:\/\/www.egemtv.com\/index.php?rest_route=%2Fwp%2Fv2%2Fcomments&post=14339"}],"version-history":[{"count":1,"href":"https:\/\/www.egemtv.com\/index.php?rest_route=\/wp\/v2\/posts\/14339\/revisions"}],"predecessor-version":[{"id":14341,"href":"https:\/\/www.egemtv.com\/index.php?rest_route=\/wp\/v2\/posts\/14339\/revisions\/14341"}],"wp:featuredmedia":[{"embeddable":true,"href":"https:\/\/www.egemtv.com\/index.php?rest_route=\/wp\/v2\/media\/14340"}],"wp:attachment":[{"href":"https:\/\/www.egemtv.com\/index.php?rest_route=%2Fwp%2Fv2%2Fmedia&parent=14339"}],"wp:term":[{"taxonomy":"category","embeddable":true,"href":"https:\/\/www.egemtv.com\/index.php?rest_route=%2Fwp%2Fv2%2Fcategories&post=14339"},{"taxonomy":"post_tag","embeddable":true,"href":"https:\/\/www.egemtv.com\/index.php?rest_route=%2Fwp%2Fv2%2Ftags&post=14339"}],"curies":[{"name":"wp","href":"https:\/\/api.w.org\/{rel}","templated":true}]}}